{"id":213646,"date":"2018-03-05T19:08:32","date_gmt":"2018-03-05T22:08:32","guid":{"rendered":"https:\/\/jundiai.sp.gov.br\/noticias\/?p=213646"},"modified":"2018-03-05T19:08:57","modified_gmt":"2018-03-05T22:08:57","slug":"prefeitura-vai-realizar-estudo-em-parceria-com-a-siemens","status":"publish","type":"post","link":"https:\/\/jundiai.sp.gov.br\/noticias\/2018\/03\/05\/prefeitura-vai-realizar-estudo-em-parceria-com-a-siemens\/","title":{"rendered":"Prefeitura vai realizar estudo em parceria com a Siemens"},"content":{"rendered":"<p><div id=\"attachment_213648\" style=\"width: 410px\" class=\"wp-caption alignleft\"><a href=\"https:\/\/jundiai.sp.gov.br\/noticias\/wp-content\/uploads\/sites\/32\/2018\/03\/reuniao-de-plataforma-12.jpg\"><img loading=\"lazy\" decoding=\"async\" aria-describedby=\"caption-attachment-213648\" class=\"size-full wp-image-213648\" src=\"https:\/\/jundiai.sp.gov.br\/noticias\/wp-content\/uploads\/sites\/32\/2018\/03\/reuniao-de-plataforma-12.jpg\" alt=\"\" width=\"400\" height=\"350\" \/><\/a><p id=\"caption-attachment-213648\" class=\"wp-caption-text\">Jundia\u00ed receber\u00e1 estudo in\u00e9dito desenvolvido em parceria com a Siemens<\/p><\/div><br \/>\n<strong>A reuni\u00e3o de plataformas desta segunda-feira (05) apresentou, entre os assuntos da pauta, um estudo que ser\u00e1 desenvolvido em parceria com a Siemens para analisar dados p\u00fablicos pertinentes a impactos na redu\u00e7\u00e3o de emiss\u00f5es de CO2. \u00a0Denominada \u201cCity Performance Tool\u201d, a ferramenta verifica o desempenho das cidades para identificar \u00e1reas priorit\u00e1rias nas quais os munic\u00edpios devem investir a fim de obter ganhos ambientais, especialmente no que se refere \u00e0 redu\u00e7\u00e3o da emiss\u00e3o de CO2.<\/strong><\/p>\n<p><strong>LEIA TAMB\u00c9M<\/strong><br \/>\n<a href=\"https:\/\/jundiai.sp.gov.br\/noticias\/2018\/02\/28\/prefeitura-e-entidades-discutem-acoes-de-seguranca-para-o-centro\/\">Prefeitura e entidades discutem a\u00e7\u00f5es de seguran\u00e7a para o Centro<\/a><br \/>\n<a href=\"https:\/\/jundiai.sp.gov.br\/noticias\/2018\/02\/23\/programacao-do-science-day-tera-oficinas-e-palestras\/\">Programa\u00e7\u00e3o do Science Day ter\u00e1 oficinas e palestras<\/a><\/p>\n<p>Jundia\u00ed ser\u00e1 a segunda cidade do Pa\u00eds a receber essa iniciativa, que n\u00e3o ter\u00e1 \u00f4nus algum para a administra\u00e7\u00e3o municipal. Caber\u00e1 \u00e0 Prefeitura fornecer dados quantitativos e qualitativos espec\u00edficos da cidade e suas prerrogativas de metas para simula\u00e7\u00e3o de cen\u00e1rios de a\u00e7\u00e3o.<\/p>\n<p>\u201cEsse projeto ser\u00e1 um trabalho in\u00e9dito em Jundia\u00ed e vem ao encontro do programa j\u00e1 desenvolvido pela atual gest\u00e3o, o Jundia\u00ed Cidade Inteligente<em>,\u00a0<\/em>que re\u00fane uma s\u00e9rie de a\u00e7\u00f5es para melhorar a presta\u00e7\u00e3o dos servi\u00e7os ofertados \u00e0s pessoas<em>\u201d<\/em>, comentou o Prefeito Luiz Fernando.<\/p>\n<p>O City Performance Tool j\u00e1 foi utilizada em 23 cidades em todo o mundo, como Copenhague (Dinamarca), Londres (Inglaterra), Munique (Alemanha), Viena (\u00c1ustria), al\u00e9m de outras cidades na Am\u00e9rica do Norte e Austr\u00e1lia.\u00a0\u00a0O Termo de Coopera\u00e7\u00e3o entre a Prefeitura e a Siemens ser\u00e1 oficializado no dia 21 de mar\u00e7o.<\/p>\n<p><em><strong>Assessoria de Imprensa<\/strong><\/em><br \/>\n<em><strong>Foto: Fot\u00f3grafos PMJ<\/strong><\/em><\/p>\n","protected":false},"excerpt":{"rendered":"<p>Denominada \u201cCity Performance Tool\u201d, a ferramenta verifica o desempenho das cidades para auxiliar na redu\u00e7\u00e3o da emiss\u00e3o de CO2<\/p>\n","protected":false},"author":30,"featured_media":213652,"comment_status":"closed","ping_status":"closed","sticky":false,"template":"","format":"standard","meta":{"footnotes":""},"categories":[2],"tags":[365,983,58],"ods":[],"class_list":["post-213646","post","type-post","status-publish","format-standard","has-post-thumbnail","hentry","category-noticias","tag-desenvolvimento-economico-ciencia-e-tecnologia","tag-governo-e-financas","tag-prefeito"],"_links":{"self":[{"href":"https:\/\/jundiai.sp.gov.br\/noticias\/wp-json\/wp\/v2\/posts\/213646","targetHints":{"allow":["GET"]}}],"collection":[{"href":"https:\/\/jundiai.sp.gov.br\/noticias\/wp-json\/wp\/v2\/posts"}],"about":[{"href":"https:\/\/jundiai.sp.gov.br\/noticias\/wp-json\/wp\/v2\/types\/post"}],"author":[{"embeddable":true,"href":"https:\/\/jundiai.sp.gov.br\/noticias\/wp-json\/wp\/v2\/users\/30"}],"replies":[{"embeddable":true,"href":"https:\/\/jundiai.sp.gov.br\/noticias\/wp-json\/wp\/v2\/comments?post=213646"}],"version-history":[{"count":7,"href":"https:\/\/jundiai.sp.gov.br\/noticias\/wp-json\/wp\/v2\/posts\/213646\/revisions"}],"predecessor-version":[{"id":213655,"href":"https:\/\/jundiai.sp.gov.br\/noticias\/wp-json\/wp\/v2\/posts\/213646\/revisions\/213655"}],"wp:featuredmedia":[{"embeddable":true,"href":"https:\/\/jundiai.sp.gov.br\/noticias\/wp-json\/wp\/v2\/media\/213652"}],"wp:attachment":[{"href":"https:\/\/jundiai.sp.gov.br\/noticias\/wp-json\/wp\/v2\/media?parent=213646"}],"wp:term":[{"taxonomy":"category","embeddable":true,"href":"https:\/\/jundiai.sp.gov.br\/noticias\/wp-json\/wp\/v2\/categories?post=213646"},{"taxonomy":"post_tag","embeddable":true,"href":"https:\/\/jundiai.sp.gov.br\/noticias\/wp-json\/wp\/v2\/tags?post=213646"},{"taxonomy":"ods","embeddable":true,"href":"https:\/\/jundiai.sp.gov.br\/noticias\/wp-json\/wp\/v2\/ods?post=213646"}],"curies":[{"name":"wp","href":"https:\/\/api.w.org\/{rel}","templated":true}]}}