{"id":214064,"date":"2018-03-13T18:06:37","date_gmt":"2018-03-13T21:06:37","guid":{"rendered":"https:\/\/jundiai.sp.gov.br\/noticias\/?p=214064"},"modified":"2018-03-14T17:40:41","modified_gmt":"2018-03-14T20:40:41","slug":"cursos-descentralizados-estao-com-inscricao-abertas","status":"publish","type":"post","link":"https:\/\/jundiai.sp.gov.br\/noticias\/2018\/03\/13\/cursos-descentralizados-estao-com-inscricao-abertas\/","title":{"rendered":"Cursos descentralizados est\u00e3o com inscri\u00e7\u00e3o abertas"},"content":{"rendered":"<div id=\"attachment_214065\" style=\"width: 410px\" class=\"wp-caption alignright\"><a href=\"https:\/\/jundiai.sp.gov.br\/noticias\/wp-content\/uploads\/sites\/32\/2018\/03\/doces.jpg\"><img loading=\"lazy\" decoding=\"async\" aria-describedby=\"caption-attachment-214065\" class=\"size-full wp-image-214065\" src=\"https:\/\/jundiai.sp.gov.br\/noticias\/wp-content\/uploads\/sites\/32\/2018\/03\/doces.jpg\" alt=\"\" width=\"400\" height=\"350\" \/><\/a><p id=\"caption-attachment-214065\" class=\"wp-caption-text\">Curso de Doceiro ser\u00e1 ministrado na Vila Hortol\u00e2ndia<\/p><\/div>\n<p><strong>O conv\u00eanio firmado entre a Prefeitura de Jundia\u00ed, por meio do Fundo Social de Solidariedade (Funss), e o Senac Jundia\u00ed, que prev\u00ea a descentraliza\u00e7\u00e3o de cursos de qualifica\u00e7\u00e3o profissional, come\u00e7a a dar bons frutos. Nesta semana, h\u00e1 inscri\u00e7\u00f5es para tr\u00eas capacita\u00e7\u00f5es, atendendo moradores de tr\u00eas regi\u00f5es diferentes: Vila Hortol\u00e2ndia, Morada das Vinhas\/Parque Cecap e Vila Ana. Para participar \u00e9 preciso ir pessoalmente nos endere\u00e7os listados abaixo, em dias e hor\u00e1rios indicados. As capacita\u00e7\u00f5es s\u00e3o voltadas para pessoas com 18 anos ou mais, residentes em Jundia\u00ed e\u00a0<strong>renda m\u00e1xima de at\u00e9 dois sal\u00e1rios m\u00ednimos<\/strong>. N\u00e3o poder\u00e3o participar alunos matriculados em cursos em andamento no Fundo Social. Confira a programa\u00e7\u00e3o de inscri\u00e7\u00f5es:<\/strong><\/p>\n<p><strong>\u00a0<\/strong><strong>Curso de Doceiro<\/strong><\/p>\n<p>Vagas: 12.<\/p>\n<p>Inscri\u00e7\u00f5es: 14 de mar\u00e7o (quarta-feira).<\/p>\n<p>Hor\u00e1rio das inscri\u00e7\u00f5es: 08h \u00e0s 14h.<\/p>\n<p>Local: Centro Comunit\u00e1rio Vila Hortol\u00e2ndia, que fica na rua Professora Geralda Berthola Facca, 399, Vila Hortol\u00e2ndia.<\/p>\n<p>Aulas: 23 de mar\u00e7o at\u00e9 30 de maio, das 13h30 \u00e0s 17h, sempre \u00e0s ter\u00e7as, quartas e sextas-feiras, no Centro Comunit\u00e1rio Vila Hortol\u00e2ndia.<\/p>\n<p>Informa\u00e7\u00f5es: (11) 4582-7890.<\/p>\n<p><strong>Curso de Agente de Limpeza e Conserva\u00e7\u00e3o<\/strong><\/p>\n<p>Vagas: 13.<\/p>\n<p>Inscri\u00e7\u00f5es: at\u00e9 15 de mar\u00e7o (quinta-feira).<\/p>\n<p>Hor\u00e1rio das inscri\u00e7\u00f5es: 08h \u00e0s 17h.<\/p>\n<p>Local: Centro de Integra\u00e7\u00e3o da Cidadania (CIC) Ary Fossen, que fica na rua Alceu de Toledo Pontes, 200, Parque Cecap.<\/p>\n<p>Aulas: 02 de abril at\u00e9 25 de junho, das 13h30 \u00e0s 17h30, sempre \u00e0s segundas, ter\u00e7as, quartas e quintas-feiras, no Centro de Integra\u00e7\u00e3o da Cidadania (CIC) Ary Fossen.<\/p>\n<p>Informa\u00e7\u00f5es: (11) 4581-4313.<\/p>\n<p><strong>Curso de Organizador de Eventos<\/strong><\/p>\n<p>Vagas: 25.<\/p>\n<p>Inscri\u00e7\u00f5es: at\u00e9 19 de mar\u00e7o (segunda-feira).<\/p>\n<p>Hor\u00e1rio das inscri\u00e7\u00f5es: 08h \u00e0s 21h.<\/p>\n<p>Local: Senac Jundia\u00ed, que fica na rua Vicente Magaglio, 50, no Jardim Paulista I.<\/p>\n<p>Aulas: 22 de mar\u00e7o at\u00e9 09 de julho, das 8h \u00e0s 12h, sempre \u00e0s segundas, ter\u00e7as e quintas-feiras, no Senac Jundia\u00ed.<\/p>\n<p>Informa\u00e7\u00f5es: (11) 3395-2300<\/p>\n<p><strong>MATR\u00cdCULA<\/strong><\/p>\n<p>No momento da inscri\u00e7\u00e3o \u00e9 preciso apresentar\u00a0<strong>originais e c\u00f3pias do RG, CPF e Comprovante de Resid\u00eancia,<\/strong>\u00a0que necessariamente deve ser\u00a0<strong>o Carn\u00ea de IPTU de Jundia\u00ed ou uma conta de \u00e1gua, luz ou telefone em nome do aluno<\/strong>\u00a0e tamb\u00e9m:<\/p>\n<ul>\n<li><strong>RG ou Certid\u00e3o de Nascimento<\/strong>: quando o comprovante estiver em nome dos pais;<\/li>\n<li><strong>Certid\u00e3o de Casamento<\/strong>: quando o comprovante estiver em nome do c\u00f4njuge;<\/li>\n<li><strong>Contrato de Loca\u00e7\u00e3o<\/strong>: quando o contrato estiver em nome do aluno;<\/li>\n<li><strong>Contrato de Loca\u00e7\u00e3o + Certid\u00e3o de Casamento<\/strong>: quando o contrato estiver em nome do c\u00f4njuge.<\/li>\n<\/ul>\n<p>Ser\u00e3o aceitos, conforme quantidade de vagas, os primeiros inscritos que cumprirem os requisitos acima. Inscri\u00e7\u00f5es excedentes ficar\u00e3o em lista de espera e ser\u00e3o convocadas somente em casos de desist\u00eancia.<\/p>\n<p><strong><em>Assessoria de Imprensa<\/em><\/strong><br \/>\n<strong><em>Foto: Fot\u00f3grafo PMJ<\/em><\/strong><\/p>\n","protected":false},"excerpt":{"rendered":"<p>Nesta semana, h\u00e1 inscri\u00e7\u00f5es para tr\u00eas capacita\u00e7\u00f5es, atendendo moradores de tr\u00eas regi\u00f5es: Vila Hortol\u00e2ndia, Morada das Vinhas\/Parque Cecap e Vila Ana<\/p>\n","protected":false},"author":33,"featured_media":214070,"comment_status":"closed","ping_status":"closed","sticky":false,"template":"","format":"standard","meta":{"footnotes":""},"categories":[2],"tags":[1039,416],"ods":[],"class_list":["post-214064","post","type-post","status-publish","format-standard","has-post-thumbnail","hentry","category-noticias","tag-cursos-funss","tag-fundo-social-de-solidariedade-funss"],"_links":{"self":[{"href":"https:\/\/jundiai.sp.gov.br\/noticias\/wp-json\/wp\/v2\/posts\/214064","targetHints":{"allow":["GET"]}}],"collection":[{"href":"https:\/\/jundiai.sp.gov.br\/noticias\/wp-json\/wp\/v2\/posts"}],"about":[{"href":"https:\/\/jundiai.sp.gov.br\/noticias\/wp-json\/wp\/v2\/types\/post"}],"author":[{"embeddable":true,"href":"https:\/\/jundiai.sp.gov.br\/noticias\/wp-json\/wp\/v2\/users\/33"}],"replies":[{"embeddable":true,"href":"https:\/\/jundiai.sp.gov.br\/noticias\/wp-json\/wp\/v2\/comments?post=214064"}],"version-history":[{"count":6,"href":"https:\/\/jundiai.sp.gov.br\/noticias\/wp-json\/wp\/v2\/posts\/214064\/revisions"}],"predecessor-version":[{"id":214084,"href":"https:\/\/jundiai.sp.gov.br\/noticias\/wp-json\/wp\/v2\/posts\/214064\/revisions\/214084"}],"wp:featuredmedia":[{"embeddable":true,"href":"https:\/\/jundiai.sp.gov.br\/noticias\/wp-json\/wp\/v2\/media\/214070"}],"wp:attachment":[{"href":"https:\/\/jundiai.sp.gov.br\/noticias\/wp-json\/wp\/v2\/media?parent=214064"}],"wp:term":[{"taxonomy":"category","embeddable":true,"href":"https:\/\/jundiai.sp.gov.br\/noticias\/wp-json\/wp\/v2\/categories?post=214064"},{"taxonomy":"post_tag","embeddable":true,"href":"https:\/\/jundiai.sp.gov.br\/noticias\/wp-json\/wp\/v2\/tags?post=214064"},{"taxonomy":"ods","embeddable":true,"href":"https:\/\/jundiai.sp.gov.br\/noticias\/wp-json\/wp\/v2\/ods?post=214064"}],"curies":[{"name":"wp","href":"https:\/\/api.w.org\/{rel}","templated":true}]}}