{"id":214578,"date":"2018-03-23T18:36:30","date_gmt":"2018-03-23T21:36:30","guid":{"rendered":"https:\/\/jundiai.sp.gov.br\/noticias\/?p=214578"},"modified":"2018-03-23T18:36:30","modified_gmt":"2018-03-23T21:36:30","slug":"paco-municipal-participa-da-60-hora-do-planeta","status":"publish","type":"post","link":"https:\/\/jundiai.sp.gov.br\/noticias\/2018\/03\/23\/paco-municipal-participa-da-60-hora-do-planeta\/","title":{"rendered":"Pa\u00e7o Municipal participa da 60+ Hora do Planeta"},"content":{"rendered":"<div id=\"attachment_214579\" style=\"width: 410px\" class=\"wp-caption alignleft\"><a href=\"https:\/\/jundiai.sp.gov.br\/noticias\/wp-content\/uploads\/sites\/32\/2018\/03\/paco-municipal-jundiai_2-1.jpg\"><img loading=\"lazy\" decoding=\"async\" aria-describedby=\"caption-attachment-214579\" class=\"size-full wp-image-214579\" src=\"https:\/\/jundiai.sp.gov.br\/noticias\/wp-content\/uploads\/sites\/32\/2018\/03\/paco-municipal-jundiai_2-1.jpg\" alt=\"\" width=\"400\" height=\"350\" \/><\/a><p id=\"caption-attachment-214579\" class=\"wp-caption-text\">Pa\u00e7o Municipal \u00e9 pr\u00e9dio p\u00fablico que ter\u00e1 as l\u00e2mpadas apagadas pela Hora do Planeta<\/p><\/div>\n<p><strong>O Pa\u00e7o Municipal de Jundia\u00ed participa, neste s\u00e1bado (24) do \u201c60+ Hora do Planeta\u201d, promovido pela organiza\u00e7\u00e3o WWF. Por uma hora (das 20h30 \u00e0s 21h30), todas as luzes do pr\u00e9dio p\u00fablico ser\u00e3o apagadas para alertar a popula\u00e7\u00e3o sobre as consequ\u00eancias das mudan\u00e7as clim\u00e1ticas.<\/strong><\/p>\n<p>\u201cJundia\u00ed participa desde a primeira edi\u00e7\u00e3o do evento. A cidade conta com a Serra do Japi, que \u00e9 uma riqueza para o Estado e reserva de esp\u00e9cies. Ainda temos a zona rural, com nascentes e \u00e1reas preservadas. Medidas simples, se realizadas por todos, resultam em \u00f3timos ganhos para o meio ambiente e o clima\u201d, comenta o gestor da Unidade de Gest\u00e3o de Planejamento Urbano e Meio Ambiente (UGPUMA), Sin\u00e9sio Sacarabello.<\/p>\n<p><strong>LEIA TAMB\u00c9M<\/strong><br \/>\n<a href=\"https:\/\/jundiai.sp.gov.br\/noticias\/2018\/03\/21\/bacia-do-rio-jundiai-mirim-recebe-14-mil-mudas-pelo-programa-nascentes\/\">Bacia do rio Jundia\u00ed Mirim recebe 14 mil mudas pelo Programa Nascentes<\/a><\/p>\n<p>Desde que foi lan\u00e7ada pelo WWF, em 2007, na cidade de Sydney (Austr\u00e1lia), como um evento simb\u00f3lico de apagar as luzes, a Hora do Planeta vem inspirando indiv\u00edduos, comunidades, empresas e organiza\u00e7\u00f5es a tomarem medidas em prol da seguran\u00e7a clim\u00e1tica.<\/p>\n<p>&lt;<em>strong&gt;Assessoria de Imprensa<br \/>\nFoto: Fot\u00f3grafo PMJ<\/em><\/p>\n","protected":false},"excerpt":{"rendered":"<p>O Pa\u00e7o Municipal de Jundia\u00ed participa, neste s\u00e1bado (24) do \u201c60+ Hora do Planeta\u201d, promovido pela organiza\u00e7\u00e3o WWF. Por uma hora (das 20h30 \u00e0s 21h30), todas as luzes do pr\u00e9dio p\u00fablico ser\u00e3o apagadas para alertar a popula\u00e7\u00e3o sobre as consequ\u00eancias das mudan\u00e7as clim\u00e1ticas. \u201cJundia\u00ed participa desde a primeira edi\u00e7\u00e3o do evento. A cidade conta com [&hellip;]<\/p>\n","protected":false},"author":33,"featured_media":0,"comment_status":"closed","ping_status":"closed","sticky":false,"template":"","format":"standard","meta":{"footnotes":""},"categories":[2],"tags":[138,984],"ods":[],"class_list":["post-214578","post","type-post","status-publish","format-standard","hentry","category-noticias","tag-paco-municipal","tag-planejamento-urbano-e-meio-ambiente"],"_links":{"self":[{"href":"https:\/\/jundiai.sp.gov.br\/noticias\/wp-json\/wp\/v2\/posts\/214578","targetHints":{"allow":["GET"]}}],"collection":[{"href":"https:\/\/jundiai.sp.gov.br\/noticias\/wp-json\/wp\/v2\/posts"}],"about":[{"href":"https:\/\/jundiai.sp.gov.br\/noticias\/wp-json\/wp\/v2\/types\/post"}],"author":[{"embeddable":true,"href":"https:\/\/jundiai.sp.gov.br\/noticias\/wp-json\/wp\/v2\/users\/33"}],"replies":[{"embeddable":true,"href":"https:\/\/jundiai.sp.gov.br\/noticias\/wp-json\/wp\/v2\/comments?post=214578"}],"version-history":[{"count":2,"href":"https:\/\/jundiai.sp.gov.br\/noticias\/wp-json\/wp\/v2\/posts\/214578\/revisions"}],"predecessor-version":[{"id":214581,"href":"https:\/\/jundiai.sp.gov.br\/noticias\/wp-json\/wp\/v2\/posts\/214578\/revisions\/214581"}],"wp:attachment":[{"href":"https:\/\/jundiai.sp.gov.br\/noticias\/wp-json\/wp\/v2\/media?parent=214578"}],"wp:term":[{"taxonomy":"category","embeddable":true,"href":"https:\/\/jundiai.sp.gov.br\/noticias\/wp-json\/wp\/v2\/categories?post=214578"},{"taxonomy":"post_tag","embeddable":true,"href":"https:\/\/jundiai.sp.gov.br\/noticias\/wp-json\/wp\/v2\/tags?post=214578"},{"taxonomy":"ods","embeddable":true,"href":"https:\/\/jundiai.sp.gov.br\/noticias\/wp-json\/wp\/v2\/ods?post=214578"}],"curies":[{"name":"wp","href":"https:\/\/api.w.org\/{rel}","templated":true}]}}