{"id":214599,"date":"2018-03-23T19:19:44","date_gmt":"2018-03-23T22:19:44","guid":{"rendered":"https:\/\/jundiai.sp.gov.br\/noticias\/?p=214599"},"modified":"2018-03-23T19:34:52","modified_gmt":"2018-03-23T22:34:52","slug":"prefeitura-entrega-creche-reformada-e-ampliada-no-jardim-angela","status":"publish","type":"post","link":"https:\/\/jundiai.sp.gov.br\/noticias\/2018\/03\/23\/prefeitura-entrega-creche-reformada-e-ampliada-no-jardim-angela\/","title":{"rendered":"Prefeitura entrega creche reformada e ampliada no Jardim Angela"},"content":{"rendered":"<div id=\"attachment_214600\" style=\"width: 410px\" class=\"wp-caption alignleft\"><a href=\"https:\/\/jundiai.sp.gov.br\/noticias\/wp-content\/uploads\/sites\/32\/2018\/03\/escola-inovadora-85-1.jpg\"><img loading=\"lazy\" decoding=\"async\" aria-describedby=\"caption-attachment-214600\" class=\"size-full wp-image-214600\" src=\"https:\/\/jundiai.sp.gov.br\/noticias\/wp-content\/uploads\/sites\/32\/2018\/03\/escola-inovadora-85-1.jpg\" alt=\"\" width=\"400\" height=\"350\" \/><\/a><p id=\"caption-attachment-214600\" class=\"wp-caption-text\">Cerim\u00f4nia de inaugura\u00e7\u00e3o da escola Naman Tayar<\/p><\/div>\n<p><strong>A Unidade de Gest\u00e3o de Educa\u00e7\u00e3o entregou oficialmente, nesta sexta-feira (23), a reforma e amplia\u00e7\u00e3o do pr\u00e9dio da escola municipal Professor Naman Tayar, no Jardim Angela. Esta \u00e9 a segunda benfeitoria entregue \u00e0 comunidade, em menos de uma semana, dentro do programa Escola Inovadora, lan\u00e7ado pela atual gest\u00e3o e que tem como pilares a moderniza\u00e7\u00e3o da ambi\u00eancia e da infraestrutura das escolas, a valoriza\u00e7\u00e3o dos educadores e o investimento em projetos com foco na aprendizagem dos alunos. Cerca de R$ 130 mil foram investidos.<\/strong><\/p>\n<p>\u201cEm 2017, organizamos a casa e, em 2018, estamos podendo investir. A Escola Inovadora \u00e9 mudan\u00e7a de conceito, de prioridade em onde investir. Nesta unidade, melhoramos a ambi\u00eancia por entendermos que isso tamb\u00e9m contribui com a forma\u00e7\u00e3o pedag\u00f3gica das crian\u00e7as e, ao mesmo tempo, aumentamos a quantidade de vagas. N\u00e3o se constr\u00f3i uma cidade do futuro sem pensar na educa\u00e7\u00e3o no presente\u201d, destacou o prefeito Luiz Fernando Machado, durante a cerim\u00f4nia que reuniu pais e a comunidade do bairro, e contou com apresenta\u00e7\u00e3o dos alunos.<\/p>\n<p><strong>LEIA TAMB\u00c9M<\/strong><br \/>\n<a href=\"https:\/\/jundiai.sp.gov.br\/noticias\/2018\/03\/17\/prefeitura-lanca-escola-inovadora-com-entrega-de-creche\/\">Prefeitura lan\u00e7a \u201cEscola Inovadora\u201d com entrega de creche<\/a><\/p>\n<p>Desde o in\u00edcio do ano, a creche atende 30 crian\u00e7as a mais. De 72 passou a ter 102 alunos de zero a tr\u00eas anos. A amplia\u00e7\u00e3o foi poss\u00edvel, ap\u00f3s a reforma de uma casa ao lado, que foi integrada ao espa\u00e7o. No anexo, foram efetuados servi\u00e7os como revis\u00e3o el\u00e9trica, adapta\u00e7\u00e3o de sanit\u00e1rios, pintura, instala\u00e7\u00e3o de pisos, adapta\u00e7\u00e3o de copa para funcion\u00e1rios e execu\u00e7\u00e3o de cobertura para acesso. Em paralelo, no antigo pr\u00e9dio foi realizada a regulariza\u00e7\u00e3o do piso externo, novas instala\u00e7\u00f5es hidr\u00e1ulicas e el\u00e9tricas, adapta\u00e7\u00f5es na cozinha, limpeza de calha e de caixas de \u00e1gua, reparo nas portas met\u00e1licas e substitui\u00e7\u00e3o de arame farpado, entre outras melhorias.<\/p>\n<p><a href=\"https:\/\/jundiai.sp.gov.br\/noticias\/wp-content\/uploads\/sites\/32\/2018\/03\/escola-inovadora-106.jpg\"><img loading=\"lazy\" decoding=\"async\" class=\"size-full wp-image-214603 alignright\" src=\"https:\/\/jundiai.sp.gov.br\/noticias\/wp-content\/uploads\/sites\/32\/2018\/03\/escola-inovadora-106.jpg\" alt=\"400\" width=\"400\" height=\"350\" \/><\/a><\/p>\n<p><strong>Diferencial<\/strong><\/p>\n<p>A obra na Emeb Professor Naman Tayar tamb\u00e9m contou com uma ajuda especial: a comunidade escolar, formada por pais e funcion\u00e1rios, promoveu um mutir\u00e3o, no in\u00edcio do m\u00eas, para auxiliar na pintura interna de alguns espa\u00e7os escola. Coube a UGE, junto com empresas que integram a Rede Jundia\u00ed de Coopera\u00e7\u00e3o, ofertar os materiais.<\/p>\n<p>\u201cAs fam\u00edlias se envolveram e mostraram que juntos, podemos mais. Acreditamos que essa escola ser\u00e1 uma refer\u00eancia\u201d, observou a gestora da Unidade de Educa\u00e7\u00e3o, Vast\u00ed Ferrari Marques.<\/p>\n<p>Jensen Silva, pai do aluno Caio, de 3 anos, e um dos que atuaram como volunt\u00e1rio durante o mutir\u00e3o, fez quest\u00e3o de compartilhar sua satisfa\u00e7\u00e3o com a obra. \u201c\u00c9 algo muito bom. Al\u00e9m disso, a a\u00e7\u00e3o serviu para mostrar como \u00e9 importante a comunidade se articular e trabalhar junto com o poder p\u00fablico para o nosso bem.\u201d<\/p>\n<p>A diretora da Emeb, Ellen Lucas Rozante, comentou sobre a alegria da equipe escolar com a \u2018nova escola\u2019. \u201cPara n\u00f3s n\u00e3o \u00e9 uma obra. \u00c9 a realiza\u00e7\u00e3o de um sonho. A Emeb tem 25 anos e h\u00e1 sete estava sem reforma. A escola foi arrumada e ganhamos ainda o Namanzinho\u201d, frisou.<\/p>\n<p><strong>Outras obras<\/strong><\/p>\n<p>A UGE prev\u00ea que outras 20 escolas do Sistema Municipal de Ensino tamb\u00e9m passar\u00e3o pelo processo de ambienta\u00e7\u00e3o diferenciada, com investimento em mobili\u00e1rio, tecnologia e outras adequa\u00e7\u00f5es estruturais para melhoria dos espa\u00e7os, conforme o programa Escola Inovadora.<\/p>\n<p>A primeira obra entregue foi a Emeb Waldemir Savoy, no Jardim Tulipas, no \u00faltimo dia 17. A creche, que atendia 96 crian\u00e7as, passou a ter 162 alunos de zero a tr\u00eas anos, ap\u00f3s reforma e amplia\u00e7\u00e3o.<\/p>\n<p>A cerim\u00f4nia de inaugura\u00e7\u00e3o da escola Naman contou com a presen\u00e7a do vice-prefeito Ant\u00f4nio de P\u00e1dua Pacheco; dos gestores das Unidades de Esporte e Lazer, Luiz Antonio Trientini, Governo e Finan\u00e7as, Jos\u00e9 Ant\u00f4nio Parimoschi, Mobilidade e Transporte, Silvestre Ribeiro, Inova\u00e7\u00e3o e Rela\u00e7\u00e3o com o Cidad\u00e3o, Thiago Maia, e Infraestrutura e Servi\u00e7os P\u00fablicos, Adilson Rosa, al\u00e9m do presidente da C\u00e2mara Municipal, vereador Gustavo Martinelli.<\/p>\n<p><em><strong>Assessoria de Imprensa<br \/>\nFotos: Fot\u00f3grafos PMJ<\/strong><\/em><\/p>\n","protected":false},"excerpt":{"rendered":"<p>A Unidade de Gest\u00e3o de Educa\u00e7\u00e3o entregou oficialmente, nesta sexta-feira (23), a reforma e amplia\u00e7\u00e3o do pr\u00e9dio da escola Naman Tayar<\/p>\n","protected":false},"author":33,"featured_media":214607,"comment_status":"closed","ping_status":"closed","sticky":false,"template":"","format":"standard","meta":{"footnotes":""},"categories":[2],"tags":[630,1061,58],"ods":[],"class_list":["post-214599","post","type-post","status-publish","format-standard","has-post-thumbnail","hentry","category-noticias","tag-emeb","tag-escola-inovadora","tag-prefeito"],"_links":{"self":[{"href":"https:\/\/jundiai.sp.gov.br\/noticias\/wp-json\/wp\/v2\/posts\/214599","targetHints":{"allow":["GET"]}}],"collection":[{"href":"https:\/\/jundiai.sp.gov.br\/noticias\/wp-json\/wp\/v2\/posts"}],"about":[{"href":"https:\/\/jundiai.sp.gov.br\/noticias\/wp-json\/wp\/v2\/types\/post"}],"author":[{"embeddable":true,"href":"https:\/\/jundiai.sp.gov.br\/noticias\/wp-json\/wp\/v2\/users\/33"}],"replies":[{"embeddable":true,"href":"https:\/\/jundiai.sp.gov.br\/noticias\/wp-json\/wp\/v2\/comments?post=214599"}],"version-history":[{"count":8,"href":"https:\/\/jundiai.sp.gov.br\/noticias\/wp-json\/wp\/v2\/posts\/214599\/revisions"}],"predecessor-version":[{"id":214610,"href":"https:\/\/jundiai.sp.gov.br\/noticias\/wp-json\/wp\/v2\/posts\/214599\/revisions\/214610"}],"wp:featuredmedia":[{"embeddable":true,"href":"https:\/\/jundiai.sp.gov.br\/noticias\/wp-json\/wp\/v2\/media\/214607"}],"wp:attachment":[{"href":"https:\/\/jundiai.sp.gov.br\/noticias\/wp-json\/wp\/v2\/media?parent=214599"}],"wp:term":[{"taxonomy":"category","embeddable":true,"href":"https:\/\/jundiai.sp.gov.br\/noticias\/wp-json\/wp\/v2\/categories?post=214599"},{"taxonomy":"post_tag","embeddable":true,"href":"https:\/\/jundiai.sp.gov.br\/noticias\/wp-json\/wp\/v2\/tags?post=214599"},{"taxonomy":"ods","embeddable":true,"href":"https:\/\/jundiai.sp.gov.br\/noticias\/wp-json\/wp\/v2\/ods?post=214599"}],"curies":[{"name":"wp","href":"https:\/\/api.w.org\/{rel}","templated":true}]}}