{"id":214757,"date":"2018-03-27T18:29:50","date_gmt":"2018-03-27T21:29:50","guid":{"rendered":"https:\/\/jundiai.sp.gov.br\/noticias\/?p=214757"},"modified":"2018-03-27T19:15:09","modified_gmt":"2018-03-27T22:15:09","slug":"municipios-da-auj-assinam-protocolo-de-intencoes-sobre-residuos-solidos","status":"publish","type":"post","link":"https:\/\/jundiai.sp.gov.br\/noticias\/2018\/03\/27\/municipios-da-auj-assinam-protocolo-de-intencoes-sobre-residuos-solidos\/","title":{"rendered":"Munic\u00edpios da AUJ assinam protocolo de inten\u00e7\u00f5es sobre res\u00edduos s\u00f3lidos"},"content":{"rendered":"<div id=\"attachment_214758\" style=\"width: 410px\" class=\"wp-caption alignleft\"><a href=\"https:\/\/jundiai.sp.gov.br\/noticias\/wp-content\/uploads\/sites\/32\/2018\/03\/aglomerado-urbano-139.jpg\"><img loading=\"lazy\" decoding=\"async\" aria-describedby=\"caption-attachment-214758\" class=\"size-full wp-image-214758\" src=\"https:\/\/jundiai.sp.gov.br\/noticias\/wp-content\/uploads\/sites\/32\/2018\/03\/aglomerado-urbano-139.jpg\" alt=\"\" width=\"400\" height=\"350\" \/><\/a><p id=\"caption-attachment-214758\" class=\"wp-caption-text\">Representantes dos munic\u00edpios assinaram protocolo de inten\u00e7\u00e3o sobre programa regional de gerenciamento de res\u00edduos s\u00f3lidos<\/p><\/div>\n<p><strong>Durante a 26\u00aa reuni\u00e3o do Conselho de Desenvolvimento da Aglomera\u00e7\u00e3o Urbana de Jundia\u00ed (AUJ), do qual o prefeito Luiz Fernando Machado \u00e9 presidente, os munic\u00edpios integrantes assinaram um protocolo de inten\u00e7\u00e3o para cria\u00e7\u00e3o de um plano regional de gest\u00e3o integrada de res\u00edduos s\u00f3lidos.<\/strong><\/p>\n<p>Segundo Edmur Mesquita, subsecret\u00e1rio de Assuntos Metropolitanos do Governo do Estado, a ideia \u00e9 reduzir a destina\u00e7\u00e3o de res\u00edduos para aterros, iniciativa que vai gerar um impacto positivo no or\u00e7amento dos munic\u00edpios. \u201cA cria\u00e7\u00e3o de um projeto regional nesse sentido passa por v\u00e1rias etapas, como, por exemplo, a revis\u00e3o de leis municipais, mas os reflexos com certeza ser\u00e3o satisfat\u00f3rios\u201d, destacou.<\/p>\n<p><strong>LEIA TAMB\u00c9M<\/strong><br \/>\n<a href=\"https:\/\/jundiai.sp.gov.br\/noticias\/2018\/03\/26\/financas-realiza-audiencia-publica-sobre-ldo-2019\/\">Finan\u00e7as realiza audi\u00eancia p\u00fablica sobre LDO 2019<\/a><\/p>\n<p>Para o gestor de Governo e Finan\u00e7as, Jos\u00e9 Antonio Parimoschi, a iniciativa est\u00e1 em linha com o requisito da sustentabilidade que deve prevalecer em qualquer plano ou programa de governo. \u201cTrata-se de uma iniciativa inovadora e importante, uma vez que o gerenciamento de res\u00edduos s\u00f3lidos custa caro para todas as cidades\u201d, pontuou. O gestor assinou o protocolo representando o prefeito Luiz Fernando Machado.<\/p>\n<p>Tamb\u00e9m durante a reuni\u00e3o, foi apresentado o Programa Recome\u00e7o \u2013 Uma Vida Sem Drogas, que atua na preven\u00e7\u00e3o, tratamento e reinser\u00e7\u00e3o social de pessoas com problemas de depend\u00eancia qu\u00edmica. A forma de a\u00e7\u00e3o do programa foi explicada pela coordenadora estadual de Pol\u00edticas sobre Drogas, Gleuda Apolin\u00e1rio. Os representantes dos munic\u00edpios assinaram um protocolo de inten\u00e7\u00f5es de Pol\u00edticas sobre Drogas.<\/p>\n<p>A pauta do encontro contou, ainda, com uma atualiza\u00e7\u00e3o sobre o andamento da elabora\u00e7\u00e3o do Plano de Desenvolvimento Urbano Integrado (PDUI), liderada por Luiz Jos\u00e9 Pedretti, da Emplasa, empresa respons\u00e1vel pela elabora\u00e7\u00e3o do plano. Ele destacou que os grupos de trabalho j\u00e1 foram criados e contam com a participa\u00e7\u00e3o de 65 pessoas de diferentes setores da sociedade.<\/p>\n<p><em><strong>Assessoria de Imprensa<br \/>\nFotos: Fot\u00f3grafos PMJpdui<\/strong><\/em><\/p>\n","protected":false},"excerpt":{"rendered":"<p>A pauta do encontro contou, ainda, com uma atualiza\u00e7\u00e3o sobre o andamento da elabora\u00e7\u00e3o do Plano de Desenvolvimento Urbano Integrado<\/p>\n","protected":false},"author":33,"featured_media":214760,"comment_status":"closed","ping_status":"closed","sticky":false,"template":"","format":"standard","meta":{"footnotes":""},"categories":[2],"tags":[593,983,58],"ods":[],"class_list":["post-214757","post","type-post","status-publish","format-standard","has-post-thumbnail","hentry","category-noticias","tag-aglomeracao-urbana-de-jundiai-auj","tag-governo-e-financas","tag-prefeito"],"_links":{"self":[{"href":"https:\/\/jundiai.sp.gov.br\/noticias\/wp-json\/wp\/v2\/posts\/214757","targetHints":{"allow":["GET"]}}],"collection":[{"href":"https:\/\/jundiai.sp.gov.br\/noticias\/wp-json\/wp\/v2\/posts"}],"about":[{"href":"https:\/\/jundiai.sp.gov.br\/noticias\/wp-json\/wp\/v2\/types\/post"}],"author":[{"embeddable":true,"href":"https:\/\/jundiai.sp.gov.br\/noticias\/wp-json\/wp\/v2\/users\/33"}],"replies":[{"embeddable":true,"href":"https:\/\/jundiai.sp.gov.br\/noticias\/wp-json\/wp\/v2\/comments?post=214757"}],"version-history":[{"count":5,"href":"https:\/\/jundiai.sp.gov.br\/noticias\/wp-json\/wp\/v2\/posts\/214757\/revisions"}],"predecessor-version":[{"id":214764,"href":"https:\/\/jundiai.sp.gov.br\/noticias\/wp-json\/wp\/v2\/posts\/214757\/revisions\/214764"}],"wp:featuredmedia":[{"embeddable":true,"href":"https:\/\/jundiai.sp.gov.br\/noticias\/wp-json\/wp\/v2\/media\/214760"}],"wp:attachment":[{"href":"https:\/\/jundiai.sp.gov.br\/noticias\/wp-json\/wp\/v2\/media?parent=214757"}],"wp:term":[{"taxonomy":"category","embeddable":true,"href":"https:\/\/jundiai.sp.gov.br\/noticias\/wp-json\/wp\/v2\/categories?post=214757"},{"taxonomy":"post_tag","embeddable":true,"href":"https:\/\/jundiai.sp.gov.br\/noticias\/wp-json\/wp\/v2\/tags?post=214757"},{"taxonomy":"ods","embeddable":true,"href":"https:\/\/jundiai.sp.gov.br\/noticias\/wp-json\/wp\/v2\/ods?post=214757"}],"curies":[{"name":"wp","href":"https:\/\/api.w.org\/{rel}","templated":true}]}}