{"id":214991,"date":"2018-04-04T18:24:20","date_gmt":"2018-04-04T21:24:20","guid":{"rendered":"https:\/\/jundiai.sp.gov.br\/noticias\/?p=214991"},"modified":"2018-04-04T18:27:59","modified_gmt":"2018-04-04T21:27:59","slug":"sao-vicente-recebe-r-132-milhoes-para-investir-no-atendimento","status":"publish","type":"post","link":"https:\/\/jundiai.sp.gov.br\/noticias\/2018\/04\/04\/sao-vicente-recebe-r-132-milhoes-para-investir-no-atendimento\/","title":{"rendered":"S\u00e3o Vicente recebe R$ 13,2 milh\u00f5es para investir no atendimento"},"content":{"rendered":"<div id=\"attachment_214993\" style=\"width: 410px\" class=\"wp-caption alignleft\"><a href=\"https:\/\/jundiai.sp.gov.br\/noticias\/wp-content\/uploads\/sites\/32\/2018\/04\/assinatura-convenio-195.jpg\"><img loading=\"lazy\" decoding=\"async\" aria-describedby=\"caption-attachment-214993\" class=\"size-full wp-image-214993\" src=\"https:\/\/jundiai.sp.gov.br\/noticias\/wp-content\/uploads\/sites\/32\/2018\/04\/assinatura-convenio-195.jpg\" alt=\"\" width=\"400\" height=\"350\" \/><\/a><p id=\"caption-attachment-214993\" class=\"wp-caption-text\">Conv\u00eanio com Estado foi ampliado para R$ 1,2 milh\u00e3o por m\u00eas<\/p><\/div>\n<p><strong>O Hospital S\u00e3o Vicente de Paulo (HSVP) passa a receber R$ 1,2 milh\u00e3o\/m\u00eas a partir de conv\u00eanio com o Governo do Estado \u2013 sendo o repasse total de R$ 13,2 milh\u00f5es. O valor, que no final do ano passado foi de R$ 600 mil\/m\u00eas, chega em boa hora, para auxiliar no custeio do hospital, que \u00e9 o \u00fanico em alta complexidade para atender a Regi\u00e3o de Sa\u00fade do Aglomerado Urbano de Jundia\u00ed. A assinatura do repasse foi feita durante visita do Secret\u00e1rio de Estado da Sa\u00fade, David Uip, na tarde de quarta-feira (04), ao HSVP, juntamente com o prefeito Luiz Fernando Machado e demais autoridades.<\/strong><\/p>\n<p>\u201cO Hospital S\u00e3o Vicente de Paulo \u00e9 prioridade para a nossa gest\u00e3o. Esse aumento no conv\u00eanio significa mais tranquilidade para os funcion\u00e1rios, que, no ano de 2016, ficaram sem receber sal\u00e1rios e benef\u00edcios. Com os ajustes promovidos desde o ano passado, conseguimos ampliar o atendimento \u00e0 popula\u00e7\u00e3o, trazendo maior efici\u00eancia do uso dos leitos. O dinheiro ser\u00e1 usado para o custeio do complexo\u201d, detalhou o prefeito.<\/p>\n<p><strong>LEIA TAMB\u00c9M<\/strong><br \/>\n<a href=\"https:\/\/jundiai.sp.gov.br\/noticias\/2018\/04\/02\/ugps-promove-oficina-de-cultivo-de-fitoterapicos-em-kokedama\/\">UGPS promove oficina de cultivo de fitoter\u00e1picos em kokedama<\/a><\/p>\n<p>O Secret\u00e1rio de Estado da Sa\u00fade lembrou a import\u00e2ncia do hospital para a cidade. \u201cOs recursos nunca s\u00e3o suficientes na sa\u00fade. Se zeramos a fila num dia, no seguinte, temos novos pacientes. O HSVP \u00e9 de extrema import\u00e2ncia para Jundia\u00ed, e juntamente com a Faculdade de Medicina e Jundia\u00ed (FMJ) e o Hospital Regional formam a rede de atendimento da cidade de extrema qualidade\u201d, apontou Uip.<\/p>\n<p>Para o gestor da Unidade de Gest\u00e3o de Promo\u00e7\u00e3o da Sa\u00fade (UGPS), Tiago Texera, o aumento do valor aportado do Estado impacta, tamb\u00e9m, na rede b\u00e1sica. \u201cO S\u00e3o Vicente \u00e9 um hospital de atendimento terci\u00e1rio de alta complexidade. Com o aumento do conv\u00eanio, o valor ajudar\u00e1 a equalizar o d\u00e9ficit. Quanto maior o custeio dos entes Federa\u00e7\u00e3o e Estado, mais o munic\u00edpio pode se dedicar na aten\u00e7\u00e3o prim\u00e1ria e promo\u00e7\u00e3o da sa\u00fade\u201d, analisou.<\/p>\n<p><em><strong>Assessoria de Imprensa<br \/>\nFotos: Fot\u00f3grafos PMJ<\/strong><\/em><\/p>\n","protected":false},"excerpt":{"rendered":"<p>O Hospital passa a receber R$ 1,2 milh\u00e3o\/m\u00eas a partir de conv\u00eanio com o Governo do Estado, sendo o repasse total de R$ 13,2 milh\u00f5es<\/p>\n","protected":false},"author":33,"featured_media":199772,"comment_status":"closed","ping_status":"closed","sticky":false,"template":"","format":"standard","meta":{"footnotes":""},"categories":[2],"tags":[378,321,58,3],"ods":[],"class_list":["post-214991","post","type-post","status-publish","format-standard","has-post-thumbnail","hentry","category-noticias","tag-faculdade-de-medicina-de-jundiai-fmj","tag-hospital-de-caridade-sao-vicente-de-paulo","tag-prefeito","tag-saude"],"_links":{"self":[{"href":"https:\/\/jundiai.sp.gov.br\/noticias\/wp-json\/wp\/v2\/posts\/214991","targetHints":{"allow":["GET"]}}],"collection":[{"href":"https:\/\/jundiai.sp.gov.br\/noticias\/wp-json\/wp\/v2\/posts"}],"about":[{"href":"https:\/\/jundiai.sp.gov.br\/noticias\/wp-json\/wp\/v2\/types\/post"}],"author":[{"embeddable":true,"href":"https:\/\/jundiai.sp.gov.br\/noticias\/wp-json\/wp\/v2\/users\/33"}],"replies":[{"embeddable":true,"href":"https:\/\/jundiai.sp.gov.br\/noticias\/wp-json\/wp\/v2\/comments?post=214991"}],"version-history":[{"count":9,"href":"https:\/\/jundiai.sp.gov.br\/noticias\/wp-json\/wp\/v2\/posts\/214991\/revisions"}],"predecessor-version":[{"id":215000,"href":"https:\/\/jundiai.sp.gov.br\/noticias\/wp-json\/wp\/v2\/posts\/214991\/revisions\/215000"}],"wp:featuredmedia":[{"embeddable":true,"href":"https:\/\/jundiai.sp.gov.br\/noticias\/wp-json\/wp\/v2\/media\/199772"}],"wp:attachment":[{"href":"https:\/\/jundiai.sp.gov.br\/noticias\/wp-json\/wp\/v2\/media?parent=214991"}],"wp:term":[{"taxonomy":"category","embeddable":true,"href":"https:\/\/jundiai.sp.gov.br\/noticias\/wp-json\/wp\/v2\/categories?post=214991"},{"taxonomy":"post_tag","embeddable":true,"href":"https:\/\/jundiai.sp.gov.br\/noticias\/wp-json\/wp\/v2\/tags?post=214991"},{"taxonomy":"ods","embeddable":true,"href":"https:\/\/jundiai.sp.gov.br\/noticias\/wp-json\/wp\/v2\/ods?post=214991"}],"curies":[{"name":"wp","href":"https:\/\/api.w.org\/{rel}","templated":true}]}}