{"id":215883,"date":"2018-04-25T18:12:52","date_gmt":"2018-04-25T21:12:52","guid":{"rendered":"https:\/\/jundiai.sp.gov.br\/noticias\/?p=215883"},"modified":"2018-04-25T18:13:39","modified_gmt":"2018-04-25T21:13:39","slug":"prefeitura-intensifica-fiscalizacao-de-construcoes-clandestinas","status":"publish","type":"post","link":"https:\/\/jundiai.sp.gov.br\/noticias\/2018\/04\/25\/prefeitura-intensifica-fiscalizacao-de-construcoes-clandestinas\/","title":{"rendered":"Prefeitura intensifica fiscaliza\u00e7\u00e3o de constru\u00e7\u00f5es clandestinas"},"content":{"rendered":"<div id=\"attachment_215884\" style=\"width: 410px\" class=\"wp-caption alignleft\"><a href=\"https:\/\/jundiai.sp.gov.br\/noticias\/wp-content\/uploads\/sites\/32\/2018\/04\/demolicao-casas-irregulares-sta-gertrudes_c_-17.jpg\"><img loading=\"lazy\" decoding=\"async\" aria-describedby=\"caption-attachment-215884\" class=\"size-full wp-image-215884\" src=\"https:\/\/jundiai.sp.gov.br\/noticias\/wp-content\/uploads\/sites\/32\/2018\/04\/demolicao-casas-irregulares-sta-gertrudes_c_-17.jpg\" alt=\"\" width=\"400\" height=\"350\" \/><\/a><p id=\"caption-attachment-215884\" class=\"wp-caption-text\">Demoli\u00e7\u00e3o contou com o apoio da Guarda Municipal e Unidade de Gest\u00e3o de Infraestrutura e Servi\u00e7os P\u00fablicos<\/p><\/div>\n<p><strong>A Unidade de Gest\u00e3o de Planejamento Urbano e Meio Ambiente (UGPUMA) intensifica as a\u00e7\u00f5es de fiscaliza\u00e7\u00e3o em loteamentos irregulares e clandestinos da cidade. Nesta quarta-feira (25) foi realizada a demoli\u00e7\u00e3o de duas constru\u00e7\u00f5es feitas em \u00e1rea p\u00fablica, no bairro Santa Gertrudes, sem autoriza\u00e7\u00e3o. A medida tem por objetivo preservar a seguran\u00e7a das pessoas, a qualidade de vida da popula\u00e7\u00e3o e o meio ambiente.<\/strong><\/p>\n<p>Segundo o diretor do Departamento de Assuntos Fundi\u00e1rios (DAF), Cl\u00f3vis Pinhata Baptista, os n\u00facleos de submoradias Fepasa, Novo Horizonte e Meias A\u00e7o foram concebidos a partir de constru\u00e7\u00f5es e invas\u00f5es em \u00e1reas p\u00fablicas pertencentes \u00e0 Uni\u00e3o. \u201cRecebemos a informa\u00e7\u00e3o de que estaria ocorrendo a venda de lotes de \u00e1rea verde p\u00fablica municipal. Fizemos vistorias em busca dos respons\u00e1veis, por\u00e9m, apenas o avan\u00e7o das constru\u00e7\u00f5es foi registrado. Houve den\u00fancia de que estariam comercializando lotes no local. A demoli\u00e7\u00e3o \u00e9 a medida efetiva para cuidar do local\u201d, explica. As duas constru\u00e7\u00f5es foram feitas em barranco, com alto risco de deslizamento, sem qualquer conten\u00e7\u00e3o de talude.<\/p>\n<p>\u201cAs medidas de planejamento urbano do Munic\u00edpio e controle de uso e ocupa\u00e7\u00e3o por meio dos Planos Diretores, vigentes h\u00e1 mais de 10 anos, proporcionaram \u00e0 cidade o \u00edndice de loteamentos irregulares menor que a m\u00e9dia nacional. Jundia\u00ed conta com 30% dos lotes irregulares em rela\u00e7\u00e3o ao total, j\u00e1 a m\u00e9dia nacional \u00e9 de 50%. Por isso, a a\u00e7\u00e3o demolit\u00f3ria foi determinada, de forma a garantir a conten\u00e7\u00e3o da invas\u00e3o e cria\u00e7\u00e3o de loteamento clandestino\u201d, detalha<\/p>\n<p><strong>LEIA TAMB\u00c9M<\/strong><br \/>\n<a href=\"https:\/\/jundiai.sp.gov.br\/noticias\/2018\/04\/24\/politica-publica-para-as-criancas-e-destaque-em-midia-nacional\/\">Pol\u00edtica P\u00fablica para as Crian\u00e7as \u00e9 destaque em m\u00eddia nacional<\/a><\/p>\n<p><strong>Orienta\u00e7\u00e3o<\/strong><br \/>\nDe acordo com o diretor do DAF, as pessoas devem ficar atentas ao adquirir terrenos para n\u00e3o ser enganadas. A UGPUMA conta com atendimento ao mun\u00edcipe para tirar d\u00favidas com rela\u00e7\u00e3o \u00e0 legalidade ou n\u00e3o dos loteamentos. \u201cToda a infraestrutura de asfalto, ilumina\u00e7\u00e3o e cal\u00e7adas al\u00e9m de canaliza\u00e7\u00f5es devem ser entregues pelo loteador. Quem adquire um lote sem essas caracter\u00edsticas sabe que ter\u00e1 problemas no futuro\u201d, orienta.<\/p>\n<p><em><strong>Assessoria de Imprensa<br \/>\nFotos: Fot\u00f3grafos PMJ<\/strong><\/em><\/p>\n","protected":false},"excerpt":{"rendered":"<p>A medida tem por objetivo preservar a seguran\u00e7a das pessoas, a qualidade de vida da popula\u00e7\u00e3o e o meio ambiente<\/p>\n","protected":false},"author":33,"featured_media":215886,"comment_status":"closed","ping_status":"closed","sticky":false,"template":"","format":"standard","meta":{"footnotes":""},"categories":[2],"tags":[31,984],"ods":[],"class_list":["post-215883","post","type-post","status-publish","format-standard","has-post-thumbnail","hentry","category-noticias","tag-guarda-municipal","tag-planejamento-urbano-e-meio-ambiente"],"_links":{"self":[{"href":"https:\/\/jundiai.sp.gov.br\/noticias\/wp-json\/wp\/v2\/posts\/215883","targetHints":{"allow":["GET"]}}],"collection":[{"href":"https:\/\/jundiai.sp.gov.br\/noticias\/wp-json\/wp\/v2\/posts"}],"about":[{"href":"https:\/\/jundiai.sp.gov.br\/noticias\/wp-json\/wp\/v2\/types\/post"}],"author":[{"embeddable":true,"href":"https:\/\/jundiai.sp.gov.br\/noticias\/wp-json\/wp\/v2\/users\/33"}],"replies":[{"embeddable":true,"href":"https:\/\/jundiai.sp.gov.br\/noticias\/wp-json\/wp\/v2\/comments?post=215883"}],"version-history":[{"count":3,"href":"https:\/\/jundiai.sp.gov.br\/noticias\/wp-json\/wp\/v2\/posts\/215883\/revisions"}],"predecessor-version":[{"id":215888,"href":"https:\/\/jundiai.sp.gov.br\/noticias\/wp-json\/wp\/v2\/posts\/215883\/revisions\/215888"}],"wp:featuredmedia":[{"embeddable":true,"href":"https:\/\/jundiai.sp.gov.br\/noticias\/wp-json\/wp\/v2\/media\/215886"}],"wp:attachment":[{"href":"https:\/\/jundiai.sp.gov.br\/noticias\/wp-json\/wp\/v2\/media?parent=215883"}],"wp:term":[{"taxonomy":"category","embeddable":true,"href":"https:\/\/jundiai.sp.gov.br\/noticias\/wp-json\/wp\/v2\/categories?post=215883"},{"taxonomy":"post_tag","embeddable":true,"href":"https:\/\/jundiai.sp.gov.br\/noticias\/wp-json\/wp\/v2\/tags?post=215883"},{"taxonomy":"ods","embeddable":true,"href":"https:\/\/jundiai.sp.gov.br\/noticias\/wp-json\/wp\/v2\/ods?post=215883"}],"curies":[{"name":"wp","href":"https:\/\/api.w.org\/{rel}","templated":true}]}}