{"id":216225,"date":"2018-05-05T14:49:25","date_gmt":"2018-05-05T17:49:25","guid":{"rendered":"https:\/\/jundiai.sp.gov.br\/noticias\/?p=216225"},"modified":"2018-05-05T14:49:25","modified_gmt":"2018-05-05T17:49:25","slug":"grupo-permanente-de-controle-de-endemias-debate-plano-de-contingencias","status":"publish","type":"post","link":"https:\/\/jundiai.sp.gov.br\/noticias\/2018\/05\/05\/grupo-permanente-de-controle-de-endemias-debate-plano-de-contingencias\/","title":{"rendered":"Grupo Permanente de Controle de Endemias debate plano de conting\u00eancias"},"content":{"rendered":"<div id=\"attachment_216227\" style=\"width: 410px\" class=\"wp-caption alignleft\"><a href=\"https:\/\/jundiai.sp.gov.br\/noticias\/wp-content\/uploads\/sites\/32\/2018\/05\/sala-de-situacao-20.jpg\"><img loading=\"lazy\" decoding=\"async\" aria-describedby=\"caption-attachment-216227\" src=\"https:\/\/jundiai.sp.gov.br\/noticias\/wp-content\/uploads\/sites\/32\/2018\/05\/sala-de-situacao-20.jpg\" alt=\"\" width=\"400\" height=\"350\" class=\"size-full wp-image-216227\" \/><\/a><p id=\"caption-attachment-216227\" class=\"wp-caption-text\">Grupo de Controle de End\u00eamicos de Sa\u00fade desenvolve plano de conting\u00eancia<br \/><\/p><\/div>\n<p><strong>Formado por representantes de Unidades de Gest\u00e3o da Prefeitura de Jundia\u00ed, o Grupo Permanente de Controle de Endemias de Sa\u00fade se reuniu na manh\u00e3 de sexta-feira (4) para iniciar a formata\u00e7\u00e3o de plano unificado de conting\u00eancia para as arboviroses (dengue, zika, chikungunya, febre amarela e zika) e apresentar os dados sobre a situa\u00e7\u00e3o da cidade. A partir deste plano, fica estabelecido como cada Unidade de Gest\u00e3o pode contribuir em caso de surto epid\u00eamico, al\u00e9m de a\u00e7\u00f5es que podem ser inclu\u00eddas nas tarefas di\u00e1rias que contribuem para a redu\u00e7\u00e3o das ocorr\u00eancias.<\/strong><\/p>\n<p>De acordo com dados apurados pela Unidade de Controle de Zoonoses (UVZ), em rela\u00e7\u00e3o \u00e0 dengue, Jundia\u00ed teve redu\u00e7\u00e3o de 44,2% no n\u00famero de casos entre os anos de 2017 e 2018 (dados at\u00e9 janeiro), passando de 120 notifica\u00e7\u00f5es com um caso positivo importado no ano passado, para 67 notifica\u00e7\u00f5es e um caso importado neste ano.<\/p>\n<p>Com rela\u00e7\u00e3o \u00e0 febre amarela, com o grande trabalho preventivo realizado de mapeamento e vacina\u00e7\u00e3o antes da ocorr\u00eancia do v\u00edrus na cidade, Jundia\u00ed registra um caso positivo recuperado, uma morte confirmada e uma morte suspeita pela doen\u00e7a. O v\u00edrus zika mant\u00e9m o mesmo padr\u00e3o na cidade. Desde 2016, apenas uma notifica\u00e7\u00e3o \u00e9 registrada por ano, sem confirma\u00e7\u00e3o de caso.<\/p>\n<p><strong>LEIA TAMB\u00c9M<\/strong><br \/>\n<a href=\"https:\/\/jundiai.sp.gov.br\/noticias\/2018\/05\/04\/santa-clara-tera-casa-a-casa-de-vacina-contra-febre-amarela\/\">Santa Clara ter\u00e1 \u2018casa a casa\u2019 de vacina contra febre amarela<\/a><\/p>\n<p>J\u00e1 o chikungunya n\u00e3o registra casos positivos entre os anos de 2017 e 2018. No entanto, o aumento no n\u00famero de notifica\u00e7\u00f5es suspeitas \u00e9 situa\u00e7\u00e3o favor\u00e1vel de acordo com o gerente da UVZ, Carlos Ozahata. \u201cA notifica\u00e7\u00e3o significa que os m\u00e9dicos est\u00e3o atentos para identificar a doen\u00e7a. No comparativo do m\u00eas de janeiro, no ano passado tivemos uma notifica\u00e7\u00e3o. J\u00e1 neste ano foram cinco. Em ambos, sem confirma\u00e7\u00e3o. Existe a precau\u00e7\u00e3o com rela\u00e7\u00e3o \u00e0 doen\u00e7a, pois em outras regi\u00f5es do Pa\u00eds foram registradas muitas ocorr\u00eancias, com registro de \u00f3bito\u201d, detalha.<\/p>\n<p>Apesar de os dados favor\u00e1veis, o cuidado n\u00e3o pode ser deixado de lado, visto que o mosquito aedes aegypti, transmissor das arboviroses, est\u00e1 evolu\u00eddo para procriar em \u00e1gua parada em qualquer ambiente. \u201cA import\u00e2ncia do grupo permanente destaca exatamente a forma como cada um consegue contribuir para melhorar, cada vez mais, o quadro. Por exemplo, a Funda\u00e7\u00e3o Municipal de A\u00e7\u00e3o Social (Fumas) pode incluir a\u00e7\u00f5es de conscientiza\u00e7\u00e3o sobre a elimina\u00e7\u00e3o de criadouros em suas atividades de campo nos n\u00facleos de submoradia\u201d, comenta.<\/p>\n<p>No pr\u00f3ximo encontro, que ser\u00e1 realizado no m\u00eas de junho, os representantes apresentar\u00e3o as contribui\u00e7\u00f5es para o plano.<\/p>\n<p><em><strong>Assessoria de Imprensa<br \/>\nFotos: Fot\u00f3grafos PMJ<\/strong><\/em><\/p>\n","protected":false},"excerpt":{"rendered":"<p>Formado por representantes de Unidades de Gest\u00e3o da Prefeitura de Jundia\u00ed, o Grupo Permanente de Controle de Endemias de Sa\u00fade se reuniu na manh\u00e3 de sexta-feira (4) para iniciar a formata\u00e7\u00e3o de plano unificado de conting\u00eancia para as arboviroses (dengue, zika, chikungunya, febre amarela e zika) e apresentar os dados sobre a situa\u00e7\u00e3o da cidade. [&hellip;]<\/p>\n","protected":false},"author":33,"featured_media":0,"comment_status":"closed","ping_status":"closed","sticky":false,"template":"","format":"standard","meta":{"footnotes":""},"categories":[2],"tags":[3,362],"ods":[],"class_list":["post-216225","post","type-post","status-publish","format-standard","hentry","category-noticias","tag-saude","tag-unidade-de-vigilancia-de-zoonoses"],"_links":{"self":[{"href":"https:\/\/jundiai.sp.gov.br\/noticias\/wp-json\/wp\/v2\/posts\/216225","targetHints":{"allow":["GET"]}}],"collection":[{"href":"https:\/\/jundiai.sp.gov.br\/noticias\/wp-json\/wp\/v2\/posts"}],"about":[{"href":"https:\/\/jundiai.sp.gov.br\/noticias\/wp-json\/wp\/v2\/types\/post"}],"author":[{"embeddable":true,"href":"https:\/\/jundiai.sp.gov.br\/noticias\/wp-json\/wp\/v2\/users\/33"}],"replies":[{"embeddable":true,"href":"https:\/\/jundiai.sp.gov.br\/noticias\/wp-json\/wp\/v2\/comments?post=216225"}],"version-history":[{"count":3,"href":"https:\/\/jundiai.sp.gov.br\/noticias\/wp-json\/wp\/v2\/posts\/216225\/revisions"}],"predecessor-version":[{"id":216229,"href":"https:\/\/jundiai.sp.gov.br\/noticias\/wp-json\/wp\/v2\/posts\/216225\/revisions\/216229"}],"wp:attachment":[{"href":"https:\/\/jundiai.sp.gov.br\/noticias\/wp-json\/wp\/v2\/media?parent=216225"}],"wp:term":[{"taxonomy":"category","embeddable":true,"href":"https:\/\/jundiai.sp.gov.br\/noticias\/wp-json\/wp\/v2\/categories?post=216225"},{"taxonomy":"post_tag","embeddable":true,"href":"https:\/\/jundiai.sp.gov.br\/noticias\/wp-json\/wp\/v2\/tags?post=216225"},{"taxonomy":"ods","embeddable":true,"href":"https:\/\/jundiai.sp.gov.br\/noticias\/wp-json\/wp\/v2\/ods?post=216225"}],"curies":[{"name":"wp","href":"https:\/\/api.w.org\/{rel}","templated":true}]}}