{"id":216297,"date":"2018-05-07T18:03:07","date_gmt":"2018-05-07T21:03:07","guid":{"rendered":"https:\/\/jundiai.sp.gov.br\/noticias\/?p=216297"},"modified":"2018-05-07T18:03:07","modified_gmt":"2018-05-07T21:03:07","slug":"treinamento-promove-a-conscientizacao-sobre-responsabilidade-ambiental","status":"publish","type":"post","link":"https:\/\/jundiai.sp.gov.br\/noticias\/2018\/05\/07\/treinamento-promove-a-conscientizacao-sobre-responsabilidade-ambiental\/","title":{"rendered":"Treinamento promove a conscientiza\u00e7\u00e3o sobre responsabilidade ambiental"},"content":{"rendered":"<div id=\"attachment_216298\" style=\"width: 410px\" class=\"wp-caption alignleft\"><a href=\"https:\/\/jundiai.sp.gov.br\/noticias\/wp-content\/uploads\/sites\/32\/2018\/05\/darlei-soares-2.jpg\"><img loading=\"lazy\" decoding=\"async\" aria-describedby=\"caption-attachment-216298\" class=\"size-full wp-image-216298\" src=\"https:\/\/jundiai.sp.gov.br\/noticias\/wp-content\/uploads\/sites\/32\/2018\/05\/darlei-soares-2.jpg\" alt=\"\" width=\"400\" height=\"350\" \/><\/a><p id=\"caption-attachment-216298\" class=\"wp-caption-text\">Inspetor Soares coordenou o treinamento pr\u00e1tico que tamb\u00e9m contou com a participa\u00e7\u00e3o dos alunos do Curso de Forma\u00e7\u00e3o de Guardas Municipais<\/p><\/div>\n<p><strong>A Guarda Municipal de Jundia\u00ed, em parceria com a Funda\u00e7\u00e3o Antonio Antonieta Cintra Gordinho (FAACG), promoveu, no \u00faltimo s\u00e1bado (05), mais um treinamento para combate a inc\u00eandio em mata nativa. A 5\u00aa edi\u00e7\u00e3o da capacita\u00e7\u00e3o foi coordenada pelo inspetor Paulo Vicente Soares, respons\u00e1vel pelo setor especializado da GMJ. A iniciativa est\u00e1 em linha com as diretrizes da Administra\u00e7\u00e3o de intensificar a fiscaliza\u00e7\u00e3o no territ\u00f3rio de gest\u00e3o da Serra do Japi, a fim de contribuir com a sua preserva\u00e7\u00e3o.<\/strong><\/p>\n<p>Para o inspetor Soares, a a\u00e7\u00e3o foi muito produtiva. \u201cAlcan\u00e7amos resultados positivos com a participa\u00e7\u00e3o de profissionais de variados segmentos e moradores da regi\u00e3o interessados em adquirir novos conhecimentos e t\u00e9cnicas. A presen\u00e7a de futuros guardas municipais foi fundamental para o conhecimento espec\u00edfico das atividades da Divis\u00e3o Florestal\u201d, comentou o inspetor, que foi homenageado pela FAACG durante o treinamento.<\/p>\n<p><strong>LEIA TAMB\u00c9M<\/strong><br \/>\n<a href=\"https:\/\/jundiai.sp.gov.br\/noticias\/2018\/05\/07\/entre-as-cidades-mais-seguras-jundiai-ocupa-a-15a-posicao-no-estado\/\">Entre as cidades mais seguras: Jundia\u00ed ocupa a 15\u00aa posi\u00e7\u00e3o no Estado<\/a><\/p>\n<p>Tamb\u00e9m participaram da iniciativa representantes da Unidades de Gest\u00e3o de Seguran\u00e7a Municipal, Planejamento Urbano e Meio Ambiente (UGPUMA), Agroneg\u00f3cio, Abastecimento e Turismo (UGAAT), Promo\u00e7\u00e3o da Sa\u00fade (UGPS) e Casa Civil (UGCC), por meio da Defesa Civil e da Funda\u00e7\u00e3o Serra do Japi, al\u00e9m de outras entidades, como a Associa\u00e7\u00e3o Mata Ciliar, 19\u00ba Grupamento de Bombeiros de Jundia\u00ed, Pol\u00edcia Militar Ambiental de Jundia\u00ed, CCR AutoBAn e Guarany (empresa de equipamentos agr\u00edcolas para combate a inc\u00eandios).<\/p>\n<p>Durante o evento, a diretora de Meio Ambiente da UGPUMA, Renata Freire, conversou com os participantes sobre a Lei 8.858 de 7\/11\/2017, que pro\u00edbe queimadas em \u00e1reas urbanas ou rurais e estabelece multas que ser\u00e3o acrescidas conforme a \u00e1rea atingida e se houver reincid\u00eancia. A legisla\u00e7\u00e3o encontra-se em execu\u00e7\u00e3o em Jundia\u00ed e desde a sua san\u00e7\u00e3o j\u00e1 foram registradas sete multas.<\/p>\n<p>Os alunos do Curso de Forma\u00e7\u00e3o de Guardas Municipais (CFGM) de Jundia\u00ed tamb\u00e9m participaram do encontro, acompanhados pelo subinspetor Erich Streng Godoi, respons\u00e1vel pelo Centro de Instru\u00e7\u00e3o, Forma\u00e7\u00e3o e Aperfei\u00e7oamento T\u00e9cnico Profissional (Cifatp), a divis\u00e3o de ensino da GMJ.<\/p>\n<p><em><strong>Assessoria de Imprensa GMJ<br \/>\nFotos: Guarda Municipal<\/strong><\/em><\/p>\n","protected":false},"excerpt":{"rendered":"<p>A Guarda Municipal de Jundia\u00ed, em parceria com a Funda\u00e7\u00e3o Antonio Antonieta Cintra Gordinho (FAACG), promoveu, no \u00faltimo s\u00e1bado (05), mais um treinamento para combate a inc\u00eandio em mata nativa. A 5\u00aa edi\u00e7\u00e3o da capacita\u00e7\u00e3o foi coordenada pelo inspetor Paulo Vicente Soares, respons\u00e1vel pelo setor especializado da GMJ. A iniciativa est\u00e1 em linha com as [&hellip;]<\/p>\n","protected":false},"author":33,"featured_media":0,"comment_status":"closed","ping_status":"closed","sticky":false,"template":"","format":"standard","meta":{"footnotes":""},"categories":[2],"tags":[974,31,984],"ods":[],"class_list":["post-216297","post","type-post","status-publish","format-standard","hentry","category-noticias","tag-agronegocio-abastecimento-e-turismo","tag-guarda-municipal","tag-planejamento-urbano-e-meio-ambiente"],"_links":{"self":[{"href":"https:\/\/jundiai.sp.gov.br\/noticias\/wp-json\/wp\/v2\/posts\/216297","targetHints":{"allow":["GET"]}}],"collection":[{"href":"https:\/\/jundiai.sp.gov.br\/noticias\/wp-json\/wp\/v2\/posts"}],"about":[{"href":"https:\/\/jundiai.sp.gov.br\/noticias\/wp-json\/wp\/v2\/types\/post"}],"author":[{"embeddable":true,"href":"https:\/\/jundiai.sp.gov.br\/noticias\/wp-json\/wp\/v2\/users\/33"}],"replies":[{"embeddable":true,"href":"https:\/\/jundiai.sp.gov.br\/noticias\/wp-json\/wp\/v2\/comments?post=216297"}],"version-history":[{"count":2,"href":"https:\/\/jundiai.sp.gov.br\/noticias\/wp-json\/wp\/v2\/posts\/216297\/revisions"}],"predecessor-version":[{"id":216300,"href":"https:\/\/jundiai.sp.gov.br\/noticias\/wp-json\/wp\/v2\/posts\/216297\/revisions\/216300"}],"wp:attachment":[{"href":"https:\/\/jundiai.sp.gov.br\/noticias\/wp-json\/wp\/v2\/media?parent=216297"}],"wp:term":[{"taxonomy":"category","embeddable":true,"href":"https:\/\/jundiai.sp.gov.br\/noticias\/wp-json\/wp\/v2\/categories?post=216297"},{"taxonomy":"post_tag","embeddable":true,"href":"https:\/\/jundiai.sp.gov.br\/noticias\/wp-json\/wp\/v2\/tags?post=216297"},{"taxonomy":"ods","embeddable":true,"href":"https:\/\/jundiai.sp.gov.br\/noticias\/wp-json\/wp\/v2\/ods?post=216297"}],"curies":[{"name":"wp","href":"https:\/\/api.w.org\/{rel}","templated":true}]}}