{"id":216668,"date":"2018-05-17T12:52:15","date_gmt":"2018-05-17T15:52:15","guid":{"rendered":"https:\/\/jundiai.sp.gov.br\/noticias\/?p=216668"},"modified":"2018-05-17T16:21:13","modified_gmt":"2018-05-17T19:21:13","slug":"empresa-de-frutas-desidratadas-gera-50-novos-empregos-em-jundiai","status":"publish","type":"post","link":"https:\/\/jundiai.sp.gov.br\/noticias\/2018\/05\/17\/empresa-de-frutas-desidratadas-gera-50-novos-empregos-em-jundiai\/","title":{"rendered":"Empresa de frutas desidratadas gera 50 novos empregos em Jundia\u00ed"},"content":{"rendered":"<div id=\"attachment_216669\" style=\"width: 410px\" class=\"wp-caption alignleft\"><a href=\"https:\/\/jundiai.sp.gov.br\/noticias\/wp-content\/uploads\/sites\/32\/2018\/05\/cafe-da-manha-72.jpg\"><img loading=\"lazy\" decoding=\"async\" aria-describedby=\"caption-attachment-216669\" class=\"size-full wp-image-216669\" src=\"https:\/\/jundiai.sp.gov.br\/noticias\/wp-content\/uploads\/sites\/32\/2018\/05\/cafe-da-manha-72.jpg\" alt=\"\" width=\"400\" height=\"350\" \/><\/a><p id=\"caption-attachment-216669\" class=\"wp-caption-text\">Com 50 novos empregos, empresa come\u00e7a opera\u00e7\u00e3o em junho no Munic\u00edpio<\/p><\/div>\n<p><strong>A Belnatur, empresa do ramo de frutas desidratadas que come\u00e7a a operar no m\u00eas de junho em Jundia\u00ed, vai gerar 50 novos empregos diretos e cerca de 200 indiretos no Munic\u00edpio, segundo afirmaram executivos da empresa durante encontro com o prefeito Luiz Fernando Machado, na manh\u00e3 desta quinta-feira (17).<\/strong><\/p>\n<p>\u201cEscolhemos Jundia\u00ed pela conhecida vantagem log\u00edstica que a cidade oferece e porque entendemos que a Administra\u00e7\u00e3o tem um olhar para o futuro, algo que est\u00e1 em linha com o nosso planejamento estrat\u00e9gico\u201d, afirmou Marco Barro, s\u00f3cio da empresa. Ele estava acompanhado do seu parceiro no neg\u00f3cio, Denilson Martho. Segundo os empres\u00e1rios, a produ\u00e7\u00e3o inicial ser\u00e1 de cerca de 30 toneladas de frutas desidratadas por m\u00eas, com o uso de cerca de 300 toneladas de frutas in natura.<\/p>\n<p>O \u201cCaf\u00e9 com o prefeito\u201d desta quinta-feira contou tamb\u00e9m com a participa\u00e7\u00e3o de representantes do Hotel Quality, que j\u00e1 emprega cerca de 50 pessoas na cidade. O gestor da Unidade de Agroneg\u00f3cio, Abastecimento e Turismo (UGAAT), Eduardo Alvarez, e a diretora de Fomento ao Turismo, Marcela Moro, apresentaram aos executivos os projetos da Unidade para aumentar o fluxo de turistas para a cidade, que j\u00e1 recebe cerca de 10 mil visitantes todos os finais de semana.<\/p>\n<p style=\"text-align: center;\">https:\/\/youtu.be\/yTia_c8G0x8<\/p>\n<p style=\"text-align: left;\">Na ocasi\u00e3o, o prefeito Luiz Fernando Machado ressaltou que atender \u00e0s demandas de grandes geradores de emprego e renda no Munic\u00edpio \u00e9 uma prioridade desta gest\u00e3o. \u201cDesburocratizar os procedimentos internos e atuar para resolver problemas que possam atrapalhar novos investimentos produtivos e a vinda de empresas para a cidade \u00e9 prioridade da Administra\u00e7\u00e3o\u201d, pontuou.<\/p>\n<p>Tamb\u00e9m participaram do encontro os gestores Jos\u00e9 Antonio Parimoschi (Governo e Finan\u00e7as), Messias Mercadante (Desenvolvimento Econ\u00f4mico, Ci\u00eancia e Tecnologia), os diretores J\u00falio Cesar Durante (Com\u00e9rcio e Servi\u00e7os), Gilson Pichioli (Ind\u00fastria) e C\u00e9lia Castro (Fundo Social de Solidariedade), al\u00e9m dos assessores de coopera\u00e7\u00e3o internacional Carmelo Paoletti Neto e L\u00edgia Eboli.<\/p>\n<p><em><strong>Assessoria de Imprensa<br \/>\nFotos: Fot\u00f3grafos PMJ<\/strong><\/em><\/p>\n","protected":false},"excerpt":{"rendered":"<p>Segundo os empres\u00e1rios, a produ\u00e7\u00e3o inicial ser\u00e1 de cerca de 30 toneladas de frutas desidratadas por m\u00eas, com o uso de cerca de 300 toneladas de frutas<\/p>\n","protected":false},"author":33,"featured_media":216683,"comment_status":"closed","ping_status":"closed","sticky":false,"template":"","format":"standard","meta":{"footnotes":""},"categories":[2],"tags":[974,58],"ods":[],"class_list":["post-216668","post","type-post","status-publish","format-standard","has-post-thumbnail","hentry","category-noticias","tag-agronegocio-abastecimento-e-turismo","tag-prefeito"],"_links":{"self":[{"href":"https:\/\/jundiai.sp.gov.br\/noticias\/wp-json\/wp\/v2\/posts\/216668","targetHints":{"allow":["GET"]}}],"collection":[{"href":"https:\/\/jundiai.sp.gov.br\/noticias\/wp-json\/wp\/v2\/posts"}],"about":[{"href":"https:\/\/jundiai.sp.gov.br\/noticias\/wp-json\/wp\/v2\/types\/post"}],"author":[{"embeddable":true,"href":"https:\/\/jundiai.sp.gov.br\/noticias\/wp-json\/wp\/v2\/users\/33"}],"replies":[{"embeddable":true,"href":"https:\/\/jundiai.sp.gov.br\/noticias\/wp-json\/wp\/v2\/comments?post=216668"}],"version-history":[{"count":7,"href":"https:\/\/jundiai.sp.gov.br\/noticias\/wp-json\/wp\/v2\/posts\/216668\/revisions"}],"predecessor-version":[{"id":216685,"href":"https:\/\/jundiai.sp.gov.br\/noticias\/wp-json\/wp\/v2\/posts\/216668\/revisions\/216685"}],"wp:featuredmedia":[{"embeddable":true,"href":"https:\/\/jundiai.sp.gov.br\/noticias\/wp-json\/wp\/v2\/media\/216683"}],"wp:attachment":[{"href":"https:\/\/jundiai.sp.gov.br\/noticias\/wp-json\/wp\/v2\/media?parent=216668"}],"wp:term":[{"taxonomy":"category","embeddable":true,"href":"https:\/\/jundiai.sp.gov.br\/noticias\/wp-json\/wp\/v2\/categories?post=216668"},{"taxonomy":"post_tag","embeddable":true,"href":"https:\/\/jundiai.sp.gov.br\/noticias\/wp-json\/wp\/v2\/tags?post=216668"},{"taxonomy":"ods","embeddable":true,"href":"https:\/\/jundiai.sp.gov.br\/noticias\/wp-json\/wp\/v2\/ods?post=216668"}],"curies":[{"name":"wp","href":"https:\/\/api.w.org\/{rel}","templated":true}]}}