{"id":216674,"date":"2018-05-17T12:56:31","date_gmt":"2018-05-17T15:56:31","guid":{"rendered":"https:\/\/jundiai.sp.gov.br\/noticias\/?p=216674"},"modified":"2018-05-17T12:56:31","modified_gmt":"2018-05-17T15:56:31","slug":"representantes-do-forum-de-educacao-sao-eleitos-em-audiencia-publica","status":"publish","type":"post","link":"https:\/\/jundiai.sp.gov.br\/noticias\/2018\/05\/17\/representantes-do-forum-de-educacao-sao-eleitos-em-audiencia-publica\/","title":{"rendered":"Representantes do F\u00f3rum de Educa\u00e7\u00e3o s\u00e3o eleitos em audi\u00eancia p\u00fablica"},"content":{"rendered":"<div id=\"attachment_216675\" style=\"width: 410px\" class=\"wp-caption alignleft\"><a href=\"https:\/\/jundiai.sp.gov.br\/noticias\/wp-content\/uploads\/sites\/32\/2018\/05\/audiencia_publica_argos-54.jpg\"><img loading=\"lazy\" decoding=\"async\" aria-describedby=\"caption-attachment-216675\" class=\"size-full wp-image-216675\" src=\"https:\/\/jundiai.sp.gov.br\/noticias\/wp-content\/uploads\/sites\/32\/2018\/05\/audiencia_publica_argos-54.jpg\" alt=\"\" width=\"400\" height=\"350\" \/><\/a><p id=\"caption-attachment-216675\" class=\"wp-caption-text\">Membros escolhidos ir\u00e3o acompanhar as iniciativas do Plano Municipal de Educa\u00e7\u00e3o<\/p><\/div>\n<p><strong>A Unidade de Gest\u00e3o de Educa\u00e7\u00e3o (UGE), em parceria com o Conselho Municipal de Educa\u00e7\u00e3o, conduziu na noite de quarta-feira (16) a audi\u00eancia p\u00fablica para elei\u00e7\u00e3o dos representantes do F\u00f3rum Municipal de Educa\u00e7\u00e3o (FME). O evento foi realizado no audit\u00f3rio Elis Regina, no Complexo Argos, e contou com a presen\u00e7a do prefeito Luiz Fernando Machado, da gestora de Educa\u00e7\u00e3o, Vast\u00ed Ferrari Marques, al\u00e9m de representantes de conselhos municipais, de sindicatos, de institui\u00e7\u00f5es p\u00fablicas e privadas ligadas \u00e0 \u00e1rea de educa\u00e7\u00e3o e de pais de alunos.<\/strong><\/p>\n<p>O FME deve ser composto por 26 membros do Poder P\u00fablico e 26 representantes da Sociedade Civil, os quais ter\u00e3o como atribui\u00e7\u00e3o acompanhar o cumprimento do Plano Municipal de Educa\u00e7\u00e3o (PME), documento que estabelece as pol\u00edcias p\u00fablicas educacionais para a cidade entre os anos de 2015 e 2025.<\/p>\n<p>\u201cRealizado o processo para a composi\u00e7\u00e3o do F\u00f3rum, o que ocorreu de forma produtiva, o pr\u00f3ximo passo \u00e9 a aprova\u00e7\u00e3o de um regimento interno e a condu\u00e7\u00e3o dos trabalhos de monitoramento do Plano Municipal de Educa\u00e7\u00e3o\u201d, esclarece a gestora adjunta de Educa\u00e7\u00e3o, Alda da Cruz Pinheiro.<\/p>\n<p><em><strong>Assessoria de Imprensa<br \/>\nFotos: Fot\u00f3grafos PMJ<\/strong><\/em><\/p>\n","protected":false},"excerpt":{"rendered":"<p>A Unidade de Gest\u00e3o de Educa\u00e7\u00e3o (UGE), em parceria com o Conselho Municipal de Educa\u00e7\u00e3o, conduziu na noite de quarta-feira (16) a audi\u00eancia p\u00fablica para elei\u00e7\u00e3o dos representantes do F\u00f3rum Municipal de Educa\u00e7\u00e3o (FME). O evento foi realizado no audit\u00f3rio Elis Regina, no Complexo Argos, e contou com a presen\u00e7a do prefeito Luiz Fernando Machado, [&hellip;]<\/p>\n","protected":false},"author":33,"featured_media":0,"comment_status":"closed","ping_status":"closed","sticky":false,"template":"","format":"standard","meta":{"footnotes":""},"categories":[2],"tags":[6],"ods":[],"class_list":["post-216674","post","type-post","status-publish","format-standard","hentry","category-noticias","tag-educacao"],"_links":{"self":[{"href":"https:\/\/jundiai.sp.gov.br\/noticias\/wp-json\/wp\/v2\/posts\/216674","targetHints":{"allow":["GET"]}}],"collection":[{"href":"https:\/\/jundiai.sp.gov.br\/noticias\/wp-json\/wp\/v2\/posts"}],"about":[{"href":"https:\/\/jundiai.sp.gov.br\/noticias\/wp-json\/wp\/v2\/types\/post"}],"author":[{"embeddable":true,"href":"https:\/\/jundiai.sp.gov.br\/noticias\/wp-json\/wp\/v2\/users\/33"}],"replies":[{"embeddable":true,"href":"https:\/\/jundiai.sp.gov.br\/noticias\/wp-json\/wp\/v2\/comments?post=216674"}],"version-history":[{"count":2,"href":"https:\/\/jundiai.sp.gov.br\/noticias\/wp-json\/wp\/v2\/posts\/216674\/revisions"}],"predecessor-version":[{"id":216677,"href":"https:\/\/jundiai.sp.gov.br\/noticias\/wp-json\/wp\/v2\/posts\/216674\/revisions\/216677"}],"wp:attachment":[{"href":"https:\/\/jundiai.sp.gov.br\/noticias\/wp-json\/wp\/v2\/media?parent=216674"}],"wp:term":[{"taxonomy":"category","embeddable":true,"href":"https:\/\/jundiai.sp.gov.br\/noticias\/wp-json\/wp\/v2\/categories?post=216674"},{"taxonomy":"post_tag","embeddable":true,"href":"https:\/\/jundiai.sp.gov.br\/noticias\/wp-json\/wp\/v2\/tags?post=216674"},{"taxonomy":"ods","embeddable":true,"href":"https:\/\/jundiai.sp.gov.br\/noticias\/wp-json\/wp\/v2\/ods?post=216674"}],"curies":[{"name":"wp","href":"https:\/\/api.w.org\/{rel}","templated":true}]}}