{"id":217057,"date":"2018-05-26T18:37:58","date_gmt":"2018-05-26T21:37:58","guid":{"rendered":"https:\/\/jundiai.sp.gov.br\/noticias\/?p=217057"},"modified":"2018-05-26T18:40:46","modified_gmt":"2018-05-26T21:40:46","slug":"comite-de-gestao-de-crise-avalia-acoes-emergenciais","status":"publish","type":"post","link":"https:\/\/jundiai.sp.gov.br\/noticias\/2018\/05\/26\/comite-de-gestao-de-crise-avalia-acoes-emergenciais\/","title":{"rendered":"Comit\u00ea de Gest\u00e3o de Crise avalia a\u00e7\u00f5es emergenciais"},"content":{"rendered":"<div id=\"attachment_217058\" style=\"width: 365px\" class=\"wp-caption alignleft\"><a href=\"https:\/\/jundiai.sp.gov.br\/noticias\/wp-content\/uploads\/sites\/32\/2018\/05\/reuniao_gabinete_crise-74.jpg\"><img loading=\"lazy\" decoding=\"async\" aria-describedby=\"caption-attachment-217058\" class=\"size-full wp-image-217058\" src=\"https:\/\/jundiai.sp.gov.br\/noticias\/wp-content\/uploads\/sites\/32\/2018\/05\/reuniao_gabinete_crise-74.jpg\" alt=\"\" width=\"355\" height=\"180\" srcset=\"https:\/\/jundiai.sp.gov.br\/noticias\/wp-content\/uploads\/sites\/32\/2018\/05\/reuniao_gabinete_crise-74.jpg 355w, https:\/\/jundiai.sp.gov.br\/noticias\/wp-content\/uploads\/sites\/32\/2018\/05\/reuniao_gabinete_crise-74-300x152.jpg 300w\" sizes=\"auto, (max-width: 355px) 100vw, 355px\" \/><\/a><p id=\"caption-attachment-217058\" class=\"wp-caption-text\">Primeira reuni\u00e3o do Comit\u00ea de Gest\u00e3o de Crise foi realizada na manh\u00e3 deste s\u00e1bado (26)<\/p><\/div>\n<p><strong>Na manh\u00e3 deste s\u00e1bado (26), sob o comando do prefeito Luiz Fernando Machado, foi realizada a segunda reuni\u00e3o do Comit\u00ea de Gest\u00e3o de Crise estabelecido pelo Decreto n\u00ba 27516\/2018, de 25 de maio de 2018, que institui o estado de emerg\u00eancia no Munic\u00edpio de Jundia\u00ed. A medida foi publicada em edi\u00e7\u00e3o extra da Imprensa Oficial.<\/strong><\/p>\n<p><strong>LEIA TAMB\u00c9M<\/strong><br \/>\n<a href=\"https:\/\/jundiai.sp.gov.br\/noticias\/2018\/05\/25\/nota-oficial-sobre-estado-de-emergencia-em-jundiai\/\">Nota oficial sobre estado de emerg\u00eancia em Jundia\u00ed<\/a><\/p>\n<p>O comit\u00ea \u00e9 coordenado pelo Gestor da Casa Civil e composto pelos titulares das Unidades de Governo e Finan\u00e7as, Administra\u00e7\u00e3o e Gest\u00e3o de Pessoas, Casa Civil, Inova\u00e7\u00e3o e Rela\u00e7\u00e3o com o Cidad\u00e3o, Seguran\u00e7a Municipal, Neg\u00f3cios Jur\u00eddicos e Infraestrutura e Servi\u00e7os P\u00fablicos.<\/p>\n<p>Segundo o decreto, todas as empresas de comercializa\u00e7\u00e3o de combust\u00edveis devem assegurar prioridade para servi\u00e7os essenciais (educa\u00e7\u00e3o, atendimento \u00e0 sa\u00fade, transporte p\u00fablico, coleta de lixo, seguran\u00e7a p\u00fablica e defesa civil). Trata-se de uma medida que visa minimizar os impactos da paralisa\u00e7\u00e3o para a popula\u00e7\u00e3o jundiaiense.<\/p>\n<p>O prefeito ressaltou que o comit\u00ea estar\u00e1 reunido permanentemente para garantir os servi\u00e7os b\u00e1sicos durante o per\u00edodo de desabastecimento de combust\u00edvel na cidade. \u201cA palavra de ordem \u00e9 otimizar recursos existentes e direcion\u00e1-los \u00e0s \u00e1reas essenciais, concentrando esfor\u00e7os para garantir a presta\u00e7\u00e3o dos servi\u00e7os p\u00fablicos priorit\u00e1rios\u201d, afirma Luiz Fernando.<\/p>\n<p>Viaturas da Guarda Municipal, Pol\u00edcias Militar e Civil ser\u00e3o respons\u00e1veis pela escolta de caminh\u00f5es-tanques, a partir do centro de distribui\u00e7\u00e3o de Paul\u00ednia, que far\u00e3o o reabastecimento de postos de combust\u00edveis da cidade de Jundia\u00ed, de modo a priorizar o fornecimento para atender os servi\u00e7os essenciais do Munic\u00edpio.<\/p>\n<p>A respeito da presta\u00e7\u00e3o dos servi\u00e7os, segundo o Departamento de \u00c1gua e Esgoto (DAE), o fornecimento de \u00e1gua em Jundia\u00ed est\u00e1 normal e possui estoque regular sem que seja necess\u00e1rio interromper o fornecimento, portanto, a popula\u00e7\u00e3o n\u00e3o necessita reservar ou estocar \u00e1gua. Importante ressaltar, no entanto, que o uso racional da \u00e1gua \u00e9 uma medida que deve ser adotada de forma constante. Em rela\u00e7\u00e3o aos servi\u00e7os essenciais prestados pela Prefeitura, eles funcionar\u00e3o da seguinte forma:<\/p>\n<p><strong>Sa\u00fade \u2013<\/strong>\u00a0No domingo (27), as UBSs estar\u00e3o fechadas, como ocorre aos finais de semana. J\u00e1 na segunda-feira (28), o funcionamento das UBSs ser\u00e1 normal, em raz\u00e3o das consultas e dos procedimentos agendados. Os Prontos Atendimentos (PAs), Hospital S\u00e3o Vicente e Hospital Universit\u00e1rio tamb\u00e9m funcionam normalmente em ambos os dias, para os casos de emerg\u00eancia.<\/p>\n<p><strong>Lixo \u2013<\/strong>\u00a0A coleta domiciliar e seletiva ser\u00e1 realizada normalmente na segunda-feira (28), seguindo a escala j\u00e1 estabelecida de atendimento.<\/p>\n<p><strong>Transporte p\u00fablico \u2013<\/strong>\u00a0A circula\u00e7\u00e3o de \u00f4nibus est\u00e1 suspensa em todo o Munic\u00edpio neste domingo (27) e na segunda-feira (28).<\/p>\n<p><strong>Educa\u00e7\u00e3o \u2013<\/strong>\u00a0As aulas em todo o Sistema Municipal de Ensino est\u00e3o suspensas nesta segunda-feira (28).<\/p>\n<p><strong>Seguran\u00e7a \u2013<\/strong>\u00a0GM e demais for\u00e7as de seguran\u00e7a (Pol\u00edcia Militar, Pol\u00edcia Civil e Corpo de Bombeiros) permanecem com atendimento normal \u00e0 popula\u00e7\u00e3o.<\/p>\n<p><strong>Pa\u00e7o Municipal \u2013<\/strong>\u00a0Apesar do decreto que estabelece ponto facultativo nesta segunda-feira (28), haver\u00e1 gestores e servidores previamente escalados para a restrita condu\u00e7\u00e3o de atividades urgentes.<\/p>\n<p><em><strong>Assessoria de Imprensa<\/strong><\/em><\/p>\n<p><em><strong>Foto: Fot\u00f3grafos PMJ<\/strong><\/em><\/p>\n","protected":false},"excerpt":{"rendered":"<p>Segundo o decreto, todas as empresas de comercializa\u00e7\u00e3o de combust\u00edveis devem assegurar prioridade para servi\u00e7os essenciais <\/p>\n","protected":false},"author":32,"featured_media":217061,"comment_status":"closed","ping_status":"closed","sticky":false,"template":"","format":"standard","meta":{"footnotes":""},"categories":[2],"tags":[847],"ods":[],"class_list":["post-217057","post","type-post","status-publish","format-standard","has-post-thumbnail","hentry","category-noticias","tag-gabinete-de-gestao-de-risco"],"_links":{"self":[{"href":"https:\/\/jundiai.sp.gov.br\/noticias\/wp-json\/wp\/v2\/posts\/217057","targetHints":{"allow":["GET"]}}],"collection":[{"href":"https:\/\/jundiai.sp.gov.br\/noticias\/wp-json\/wp\/v2\/posts"}],"about":[{"href":"https:\/\/jundiai.sp.gov.br\/noticias\/wp-json\/wp\/v2\/types\/post"}],"author":[{"embeddable":true,"href":"https:\/\/jundiai.sp.gov.br\/noticias\/wp-json\/wp\/v2\/users\/32"}],"replies":[{"embeddable":true,"href":"https:\/\/jundiai.sp.gov.br\/noticias\/wp-json\/wp\/v2\/comments?post=217057"}],"version-history":[{"count":3,"href":"https:\/\/jundiai.sp.gov.br\/noticias\/wp-json\/wp\/v2\/posts\/217057\/revisions"}],"predecessor-version":[{"id":217060,"href":"https:\/\/jundiai.sp.gov.br\/noticias\/wp-json\/wp\/v2\/posts\/217057\/revisions\/217060"}],"wp:featuredmedia":[{"embeddable":true,"href":"https:\/\/jundiai.sp.gov.br\/noticias\/wp-json\/wp\/v2\/media\/217061"}],"wp:attachment":[{"href":"https:\/\/jundiai.sp.gov.br\/noticias\/wp-json\/wp\/v2\/media?parent=217057"}],"wp:term":[{"taxonomy":"category","embeddable":true,"href":"https:\/\/jundiai.sp.gov.br\/noticias\/wp-json\/wp\/v2\/categories?post=217057"},{"taxonomy":"post_tag","embeddable":true,"href":"https:\/\/jundiai.sp.gov.br\/noticias\/wp-json\/wp\/v2\/tags?post=217057"},{"taxonomy":"ods","embeddable":true,"href":"https:\/\/jundiai.sp.gov.br\/noticias\/wp-json\/wp\/v2\/ods?post=217057"}],"curies":[{"name":"wp","href":"https:\/\/api.w.org\/{rel}","templated":true}]}}