{"id":217391,"date":"2018-06-06T17:34:11","date_gmt":"2018-06-06T20:34:11","guid":{"rendered":"https:\/\/jundiai.sp.gov.br\/noticias\/?p=217391"},"modified":"2018-06-06T18:36:55","modified_gmt":"2018-06-06T21:36:55","slug":"inverno-curso-de-cachecol-tera-inscricoes-nesta-sexta-feira-08","status":"publish","type":"post","link":"https:\/\/jundiai.sp.gov.br\/noticias\/2018\/06\/06\/inverno-curso-de-cachecol-tera-inscricoes-nesta-sexta-feira-08\/","title":{"rendered":"Inverno: curso de cachecol ter\u00e1 inscri\u00e7\u00f5es nesta sexta-feira (08)"},"content":{"rendered":"<p><strong><a href=\"https:\/\/jundiai.sp.gov.br\/noticias\/wp-content\/uploads\/sites\/32\/2018\/06\/616810007258573.jpg\"><img loading=\"lazy\" decoding=\"async\" class=\"size-full wp-image-217419 alignleft\" src=\"https:\/\/jundiai.sp.gov.br\/noticias\/wp-content\/uploads\/sites\/32\/2018\/06\/616810007258573.jpg\" alt=\"\" width=\"640\" height=\"480\" srcset=\"https:\/\/jundiai.sp.gov.br\/noticias\/wp-content\/uploads\/sites\/32\/2018\/06\/616810007258573.jpg 640w, https:\/\/jundiai.sp.gov.br\/noticias\/wp-content\/uploads\/sites\/32\/2018\/06\/616810007258573-300x225.jpg 300w\" sizes=\"auto, (max-width: 640px) 100vw, 640px\" \/><\/a>O Fundo Social de Solidariedade de Jundia\u00ed (Funss) abrir\u00e1, nesta sexta-feira (08), inscri\u00e7\u00f5es para o curso de Cachecol em Tric\u00f4. Ao todo, 10 vagas ser\u00e3o oferecidas para pessoas com 16 anos ou mais, residentes em Jundia\u00ed e Ensino Fundamental completo. N\u00e3o poder\u00e3o participar destas capacita\u00e7\u00f5es aqueles alunos que j\u00e1 estejam matriculados em outros cursos e que estejam em andamento. Para este curso, o aluno matriculado dever\u00e1 trazer o pr\u00f3prio material, que consiste em duas agulhas de tric\u00f4 n\u00ba 05 e um novelo de l\u00e3 de 100g na cor que preferir.<\/strong><\/p>\n<p>O hor\u00e1rio das matr\u00edculas ser\u00e1 das 13h30 \u00e0s 16h30. As senhas ser\u00e3o entregues por ordem de chegada, a partir das 13h30 e distribu\u00eddas at\u00e9 o preenchimento de todas as vagas. Para participar \u00e9 preciso ir pessoalmente ao Funss, que fica dentro do Parque da Uva, com acesso pela avenida Dona Manoela Lacerda de Vergueiro, s\/n, port\u00e3o 03, bairro Anhangaba\u00fa.<\/p>\n<p>No momento da inscri\u00e7\u00e3o \u00e9 preciso apresentar originais e c\u00f3pias do RG, CPF e Comprovante de Resid\u00eancia, que necessariamente deve ser o Carn\u00ea de IPTU de Jundia\u00ed ou uma conta de \u00e1gua, luz ou telefone em nome do aluno e tamb\u00e9m:<\/p>\n<ul>\n<li>RG ou Certid\u00e3o de Nascimento: quando o comprovante estiver em nome dos pais;<\/li>\n<li>Certid\u00e3o de Casamento: quando o comprovante estiver em nome do c\u00f4njuge;<\/li>\n<li>Contrato de Loca\u00e7\u00e3o: quando o contrato estiver em nome do aluno;<\/li>\n<li>Contrato de Loca\u00e7\u00e3o + Certid\u00e3o de Casamento: quando o contrato estiver em nome do c\u00f4njuge.<\/li>\n<\/ul>\n<p>Ser\u00e3o aceitos, conforme quantidade de vagas, os primeiros inscritos que cumprirem os requisitos acima. Inscri\u00e7\u00f5es excedentes ficar\u00e3o em lista de espera e ser\u00e3o convocadas somente em casos de desist\u00eancia.<\/p>\n<p>O curso de Cachecol em Tric\u00f4 ser\u00e1 realizado nos dias 13, 20 e 27 de junho, das 9h \u00e0s 12h. Informa\u00e7\u00f5es pelos telefones (11) 4521-2762, 4521-2929 e 4521-6833.<\/p>\n<p><strong><em>Assessoria de Imprensa<\/em><\/strong><\/p>\n","protected":false},"excerpt":{"rendered":"<p>O hor\u00e1rio das matr\u00edculas ser\u00e1 das 13h30 \u00e0s 16h30. As senhas ser\u00e3o entregues por ordem de chegada, a partir das 13h30 <\/p>\n","protected":false},"author":37,"featured_media":217422,"comment_status":"closed","ping_status":"closed","sticky":false,"template":"","format":"standard","meta":{"footnotes":""},"categories":[2],"tags":[1039,416],"ods":[],"class_list":["post-217391","post","type-post","status-publish","format-standard","has-post-thumbnail","hentry","category-noticias","tag-cursos-funss","tag-fundo-social-de-solidariedade-funss"],"_links":{"self":[{"href":"https:\/\/jundiai.sp.gov.br\/noticias\/wp-json\/wp\/v2\/posts\/217391","targetHints":{"allow":["GET"]}}],"collection":[{"href":"https:\/\/jundiai.sp.gov.br\/noticias\/wp-json\/wp\/v2\/posts"}],"about":[{"href":"https:\/\/jundiai.sp.gov.br\/noticias\/wp-json\/wp\/v2\/types\/post"}],"author":[{"embeddable":true,"href":"https:\/\/jundiai.sp.gov.br\/noticias\/wp-json\/wp\/v2\/users\/37"}],"replies":[{"embeddable":true,"href":"https:\/\/jundiai.sp.gov.br\/noticias\/wp-json\/wp\/v2\/comments?post=217391"}],"version-history":[{"count":4,"href":"https:\/\/jundiai.sp.gov.br\/noticias\/wp-json\/wp\/v2\/posts\/217391\/revisions"}],"predecessor-version":[{"id":217425,"href":"https:\/\/jundiai.sp.gov.br\/noticias\/wp-json\/wp\/v2\/posts\/217391\/revisions\/217425"}],"wp:featuredmedia":[{"embeddable":true,"href":"https:\/\/jundiai.sp.gov.br\/noticias\/wp-json\/wp\/v2\/media\/217422"}],"wp:attachment":[{"href":"https:\/\/jundiai.sp.gov.br\/noticias\/wp-json\/wp\/v2\/media?parent=217391"}],"wp:term":[{"taxonomy":"category","embeddable":true,"href":"https:\/\/jundiai.sp.gov.br\/noticias\/wp-json\/wp\/v2\/categories?post=217391"},{"taxonomy":"post_tag","embeddable":true,"href":"https:\/\/jundiai.sp.gov.br\/noticias\/wp-json\/wp\/v2\/tags?post=217391"},{"taxonomy":"ods","embeddable":true,"href":"https:\/\/jundiai.sp.gov.br\/noticias\/wp-json\/wp\/v2\/ods?post=217391"}],"curies":[{"name":"wp","href":"https:\/\/api.w.org\/{rel}","templated":true}]}}