{"id":217456,"date":"2018-06-07T18:54:20","date_gmt":"2018-06-07T21:54:20","guid":{"rendered":"https:\/\/jundiai.sp.gov.br\/noticias\/?p=217456"},"modified":"2018-06-07T18:54:20","modified_gmt":"2018-06-07T21:54:20","slug":"biblioteca-e-sebrae-realizam-palestra-sobre-empreendedorismo","status":"publish","type":"post","link":"https:\/\/jundiai.sp.gov.br\/noticias\/2018\/06\/07\/biblioteca-e-sebrae-realizam-palestra-sobre-empreendedorismo\/","title":{"rendered":"Biblioteca e Sebrae realizam palestra sobre empreendedorismo"},"content":{"rendered":"<p><strong>A Biblioteca Municipal Professor Nelson Foot realiza, na pr\u00f3xima ter\u00e7a-feira (12), em parceria com o Sebrae, uma palestra com o tema \u201cTransforme sua ideia em modelo de neg\u00f3cio.\u201d A atividade \u00e9 gratuita e ter\u00e1 in\u00edcio \u00e0s 14h30. As inscri\u00e7\u00f5es devem ser feitas no site\u00a0<a href=\"http:\/\/www.biblioteca.jundiai.sp.gov.br\/programacao\">www.biblioteca.jundiai.sp.gov.br\/programacao<\/a>.<\/strong><\/p>\n<p>O evento \u00e9 voltado para jovens de 15 a 29 anos que queiram aprender os passos para empreender. A palestra tamb\u00e9m encerra uma s\u00e9rie de quatro encontros, que integra o Programa In-Vista, uma a\u00e7\u00e3o do Movimento Consci\u00eancia Ativa e do Comit\u00ea Jovem que l\u00ea, com apoio do Programa Conecta Biblioteca de est\u00edmulo \u00e0 transforma\u00e7\u00e3o social. A atividade nasceu ap\u00f3s uma pesquisa apontar que o jovem tem dificuldades para se expressar durante as entrevistas de trabalho, est\u00e1 desmotivado e desinteressado pelos estudos.<\/p>\n<p>A Biblioteca Professor Nelson Foot \u00e9 um \u00f3rg\u00e3o da Unidade de Gest\u00e3o de Educa\u00e7\u00e3o e fica no Complexo Argos, localizado na avenida Dr. Cavalcanti, 396, Vila Arens.<\/p>\n<p><em><strong>Assessoria de Imprensa<\/strong><\/em><\/p>\n","protected":false},"excerpt":{"rendered":"<p>A Biblioteca Municipal Professor Nelson Foot realiza, na pr\u00f3xima ter\u00e7a-feira (12), em parceria com o Sebrae, uma palestra com o tema \u201cTransforme sua ideia em modelo de neg\u00f3cio.\u201d A atividade \u00e9 gratuita e ter\u00e1 in\u00edcio \u00e0s 14h30. As inscri\u00e7\u00f5es devem ser feitas no site\u00a0www.biblioteca.jundiai.sp.gov.br\/programacao. O evento \u00e9 voltado para jovens de 15 a 29 anos [&hellip;]<\/p>\n","protected":false},"author":30,"featured_media":216281,"comment_status":"closed","ping_status":"closed","sticky":false,"template":"","format":"standard","meta":{"footnotes":""},"categories":[2],"tags":[505,419,6],"ods":[],"class_list":["post-217456","post","type-post","status-publish","format-standard","has-post-thumbnail","hentry","category-noticias","tag-biblioteca-municipal-professor-nelson-foot","tag-complexo-argos","tag-educacao"],"_links":{"self":[{"href":"https:\/\/jundiai.sp.gov.br\/noticias\/wp-json\/wp\/v2\/posts\/217456","targetHints":{"allow":["GET"]}}],"collection":[{"href":"https:\/\/jundiai.sp.gov.br\/noticias\/wp-json\/wp\/v2\/posts"}],"about":[{"href":"https:\/\/jundiai.sp.gov.br\/noticias\/wp-json\/wp\/v2\/types\/post"}],"author":[{"embeddable":true,"href":"https:\/\/jundiai.sp.gov.br\/noticias\/wp-json\/wp\/v2\/users\/30"}],"replies":[{"embeddable":true,"href":"https:\/\/jundiai.sp.gov.br\/noticias\/wp-json\/wp\/v2\/comments?post=217456"}],"version-history":[{"count":1,"href":"https:\/\/jundiai.sp.gov.br\/noticias\/wp-json\/wp\/v2\/posts\/217456\/revisions"}],"predecessor-version":[{"id":217457,"href":"https:\/\/jundiai.sp.gov.br\/noticias\/wp-json\/wp\/v2\/posts\/217456\/revisions\/217457"}],"wp:featuredmedia":[{"embeddable":true,"href":"https:\/\/jundiai.sp.gov.br\/noticias\/wp-json\/wp\/v2\/media\/216281"}],"wp:attachment":[{"href":"https:\/\/jundiai.sp.gov.br\/noticias\/wp-json\/wp\/v2\/media?parent=217456"}],"wp:term":[{"taxonomy":"category","embeddable":true,"href":"https:\/\/jundiai.sp.gov.br\/noticias\/wp-json\/wp\/v2\/categories?post=217456"},{"taxonomy":"post_tag","embeddable":true,"href":"https:\/\/jundiai.sp.gov.br\/noticias\/wp-json\/wp\/v2\/tags?post=217456"},{"taxonomy":"ods","embeddable":true,"href":"https:\/\/jundiai.sp.gov.br\/noticias\/wp-json\/wp\/v2\/ods?post=217456"}],"curies":[{"name":"wp","href":"https:\/\/api.w.org\/{rel}","templated":true}]}}