{"id":217750,"date":"2018-06-14T15:55:56","date_gmt":"2018-06-14T18:55:56","guid":{"rendered":"https:\/\/jundiai.sp.gov.br\/noticias\/?p=217750"},"modified":"2018-06-14T15:55:56","modified_gmt":"2018-06-14T18:55:56","slug":"reuniao-extraordinaria-do-comus-aprova-programacao-anual-de-saude","status":"publish","type":"post","link":"https:\/\/jundiai.sp.gov.br\/noticias\/2018\/06\/14\/reuniao-extraordinaria-do-comus-aprova-programacao-anual-de-saude\/","title":{"rendered":"Reuni\u00e3o extraordin\u00e1ria do Comus aprova Programa\u00e7\u00e3o Anual de Sa\u00fade"},"content":{"rendered":"<p><div id=\"attachment_217752\" style=\"width: 410px\" class=\"wp-caption alignright\"><a href=\"https:\/\/jundiai.sp.gov.br\/noticias\/wp-content\/uploads\/sites\/32\/2018\/06\/reuniao_saude-2.jpg\"><img loading=\"lazy\" decoding=\"async\" aria-describedby=\"caption-attachment-217752\" src=\"https:\/\/jundiai.sp.gov.br\/noticias\/wp-content\/uploads\/sites\/32\/2018\/06\/reuniao_saude-2.jpg\" alt=\"\" width=\"400\" height=\"350\" class=\"size-full wp-image-217752\" \/><\/a><p id=\"caption-attachment-217752\" class=\"wp-caption-text\">73\u00aa Reuni\u00e3o Extraordin\u00e1ria do Comus aprova Programa\u00e7\u00e3o Anual de Sa\u00fade<br \/><\/p><\/div><strong>Em reuni\u00e3o extraordin\u00e1ria do Conselho Municipal de Sa\u00fade (Comus), realizada na noite de quarta-feira (13), no audit\u00f3rio do Pa\u00e7o Municipal, foi apresentada a Programa\u00e7\u00e3o Anual de Sa\u00fade para o ano de 2018. O texto, que determina o que ser\u00e1 executado neste ano pela Unidade de Gest\u00e3o de Promo\u00e7\u00e3o da Sa\u00fade (UGPS) foi aprovado pelos conselheiros, apenas com uma absten\u00e7\u00e3o. Tamb\u00e9m foi acordado que, para o pr\u00f3ximo ano, no m\u00eas de mar\u00e7o, quando foi feita a presta\u00e7\u00e3o de contas, tamb\u00e9m ser\u00e1 feita a apresenta\u00e7\u00e3o do plano do pr\u00f3ximo ano.<\/strong><\/p>\n<p><strong>LEIA TAMB\u00c9M<\/strong><br \/>\n<a href=\"https:\/\/jundiai.sp.gov.br\/noticias\/2018\/06\/12\/campanha-de-vacinacao-contra-gripe-termina-dia-15\/\">Campanha de vacina\u00e7\u00e3o contra gripe termina dia 15<\/a><\/p>\n<p>De acordo com o gestor da UGPS, Tiago Texera, o documento foi apresentado para as comiss\u00f5es do Comus, debatidas e recebeu inclus\u00f5es feitas pelos conselheiros. \u201cO Plano \u00e9 mais uma etapa do que foi definido no Plano Plurianual da Sa\u00fade (PPA Sa\u00fade), detalhando o trabalho que ser\u00e1 desenvolvido. Para o pr\u00f3ximo ano, essa programa\u00e7\u00e3o ser\u00e1 apresentada juntamente com o presta\u00e7\u00e3o de contas deste ano. \u00c9 a partir do que esta sendo detalhado que seremos cobrados dos resultados alcan\u00e7ados\u201d, explica.<\/p>\n<p><em><strong>Assessoria de Imprensa<\/strong><\/em><br \/>\n<em><strong>Foto: Fot\u00f3grafos PMJ<\/strong><\/em><\/p>\n","protected":false},"excerpt":{"rendered":"<p>Em reuni\u00e3o extraordin\u00e1ria do Conselho Municipal de Sa\u00fade (Comus), realizada na noite de quarta-feira (13), no audit\u00f3rio do Pa\u00e7o Municipal, foi apresentada a Programa\u00e7\u00e3o Anual de Sa\u00fade para o ano de 2018. O texto, que determina o que ser\u00e1 executado neste ano pela Unidade de Gest\u00e3o de Promo\u00e7\u00e3o da Sa\u00fade (UGPS) foi aprovado pelos conselheiros, [&hellip;]<\/p>\n","protected":false},"author":30,"featured_media":0,"comment_status":"closed","ping_status":"closed","sticky":false,"template":"","format":"standard","meta":{"footnotes":""},"categories":[2],"tags":[607,138,981],"ods":[],"class_list":["post-217750","post","type-post","status-publish","format-standard","hentry","category-noticias","tag-conselho-de-saude-comus","tag-paco-municipal","tag-promocao-da-saude"],"_links":{"self":[{"href":"https:\/\/jundiai.sp.gov.br\/noticias\/wp-json\/wp\/v2\/posts\/217750","targetHints":{"allow":["GET"]}}],"collection":[{"href":"https:\/\/jundiai.sp.gov.br\/noticias\/wp-json\/wp\/v2\/posts"}],"about":[{"href":"https:\/\/jundiai.sp.gov.br\/noticias\/wp-json\/wp\/v2\/types\/post"}],"author":[{"embeddable":true,"href":"https:\/\/jundiai.sp.gov.br\/noticias\/wp-json\/wp\/v2\/users\/30"}],"replies":[{"embeddable":true,"href":"https:\/\/jundiai.sp.gov.br\/noticias\/wp-json\/wp\/v2\/comments?post=217750"}],"version-history":[{"count":4,"href":"https:\/\/jundiai.sp.gov.br\/noticias\/wp-json\/wp\/v2\/posts\/217750\/revisions"}],"predecessor-version":[{"id":217755,"href":"https:\/\/jundiai.sp.gov.br\/noticias\/wp-json\/wp\/v2\/posts\/217750\/revisions\/217755"}],"wp:attachment":[{"href":"https:\/\/jundiai.sp.gov.br\/noticias\/wp-json\/wp\/v2\/media?parent=217750"}],"wp:term":[{"taxonomy":"category","embeddable":true,"href":"https:\/\/jundiai.sp.gov.br\/noticias\/wp-json\/wp\/v2\/categories?post=217750"},{"taxonomy":"post_tag","embeddable":true,"href":"https:\/\/jundiai.sp.gov.br\/noticias\/wp-json\/wp\/v2\/tags?post=217750"},{"taxonomy":"ods","embeddable":true,"href":"https:\/\/jundiai.sp.gov.br\/noticias\/wp-json\/wp\/v2\/ods?post=217750"}],"curies":[{"name":"wp","href":"https:\/\/api.w.org\/{rel}","templated":true}]}}