{"id":217882,"date":"2018-06-16T15:12:59","date_gmt":"2018-06-16T18:12:59","guid":{"rendered":"https:\/\/jundiai.sp.gov.br\/noticias\/?p=217882"},"modified":"2018-06-16T15:12:59","modified_gmt":"2018-06-16T18:12:59","slug":"regiao-do-retiro-recebe-prestacao-de-contas","status":"publish","type":"post","link":"https:\/\/jundiai.sp.gov.br\/noticias\/2018\/06\/16\/regiao-do-retiro-recebe-prestacao-de-contas\/","title":{"rendered":"Regi\u00e3o do Retiro recebe presta\u00e7\u00e3o de contas"},"content":{"rendered":"<p><strong>O sal\u00e3o da Par\u00f3quia S\u00e3o Jos\u00e9 Oper\u00e1rio, no bairro do Retiro, recebeu, na noite de sexta-feira (15) mais um encontro de Presta\u00e7\u00e3o de contas da Prefeitura de Jundia\u00ed. A reuni\u00e3o foi conduzida Prefeito Luiz Fernando Machado, acompanhado por gestores da atual administra\u00e7\u00e3o.<\/strong><\/p>\n<p>\u201cOs moradores da regi\u00e3o do Retiro s\u00e3o interessados em discutir pol\u00edticas p\u00fablicas. Muitas das sugest\u00f5es levadas por meio da Associa\u00e7\u00e3o de Moradores da Regi\u00e3o do Retiro foram incrementadas nos projetos e programas. Com di\u00e1logo construtivo aliado ao planejamento, organiza\u00e7\u00e3o e disciplina financeira ser\u00e1 poss\u00edvel realizar as metas estabelecidas no Plano de Governo\u201d, detalhou o Prefeito.<\/p>\n<p><strong>LEIA TAMB\u00c9M<\/strong><\/p>\n<p>Luiz Fernando detalhou as medidas que est\u00e3o em andamento para a melhoria na presta\u00e7\u00e3o dos servi\u00e7os p\u00fablicos. \u201cEstamos ampliando a oferta de exames laboratoriais, por exemplo, a partir da vinda do Teto MAC devido pelo governo federal. H\u00e1 concurso aberto para contrata\u00e7\u00e3o de m\u00e9dicos para recompor a rede. Investimos na Escola Inovadora com aulas de ingl\u00eas para as crian\u00e7as a partir dos 4 anos. Essa presta\u00e7\u00e3o de contas \u00e9 a forma de fazer um governo pr\u00f3ximo das pessoas e transparente\u201d, argumentou.<\/p>\n<div id=\"attachment_217883\" style=\"width: 1290px\" class=\"wp-caption alignleft\"><a href=\"https:\/\/jundiai.sp.gov.br\/noticias\/wp-content\/uploads\/sites\/32\/2018\/06\/img-20180616-wa0019.jpg\"><img loading=\"lazy\" decoding=\"async\" aria-describedby=\"caption-attachment-217883\" class=\"size-full wp-image-217883\" src=\"https:\/\/jundiai.sp.gov.br\/noticias\/wp-content\/uploads\/sites\/32\/2018\/06\/img-20180616-wa0019.jpg\" alt=\"\" width=\"1280\" height=\"592\" srcset=\"https:\/\/jundiai.sp.gov.br\/noticias\/wp-content\/uploads\/sites\/32\/2018\/06\/img-20180616-wa0019.jpg 1280w, https:\/\/jundiai.sp.gov.br\/noticias\/wp-content\/uploads\/sites\/32\/2018\/06\/img-20180616-wa0019-300x139.jpg 300w, https:\/\/jundiai.sp.gov.br\/noticias\/wp-content\/uploads\/sites\/32\/2018\/06\/img-20180616-wa0019-768x355.jpg 768w, https:\/\/jundiai.sp.gov.br\/noticias\/wp-content\/uploads\/sites\/32\/2018\/06\/img-20180616-wa0019-1160x537.jpg 1160w\" sizes=\"auto, (max-width: 1280px) 100vw, 1280px\" \/><\/a><p id=\"caption-attachment-217883\" class=\"wp-caption-text\">Prefeito Luiz Fernando Machado apresenta dados sobre a gest\u00e3o iniciada em 2017<\/p><\/div>\n<p>Moradora no bairro h\u00e1 d\u00e9cadas, Mercedes Sanches Tartarini, 69 anos, aprovou o encontro com a popula\u00e7\u00e3o organizado na par\u00f3quia. \u201cNenhum outro prefeito veio aqui, conversar com a gente. Isso \u00e9 muito importante para que as pessoas conhe\u00e7am o que est\u00e1 sendo feito, al\u00e9m de ser uma oportunidade para explicar as necessidades existentes\u201d, comentou.<\/p>\n<p><strong>Integra\u00e7\u00e3o<\/strong><br \/>\nO presidente da Associa\u00e7\u00e3o dos Moradores da Regi\u00e3o do Retiro, Daniel Lemos Dias, apontou v\u00e1rias solu\u00e7\u00f5es que j\u00e1 foram conseguidas a partir do di\u00e1logo com gestores da Prefeitura. \u201cConseguimos mudan\u00e7as no Complexo Esportivo e agora o espa\u00e7o est\u00e1 mais ativo. Temos di\u00e1logo com a Educa\u00e7\u00e3o para tratar sobre aulas para jovens e adultos, al\u00e9m da Sa\u00fade, que estamos muito satisfeitos com a condu\u00e7\u00e3o. Temos as portas abertas com a gest\u00e3o. N\u00e3o podemos pensar apenas no nosso bairro, mas em todo o coletivo\u201d, comentou.<\/p>\n<p>Pela Associa\u00e7\u00e3o, foi desenvolvido trabalho para a distribui\u00e7\u00e3o de preservativos entre os jovens. O p\u00fablico n\u00e3o acessava as camisinhas por vergonha. \u201cNuma parceria com a Unidade de Gest\u00e3o de Promo\u00e7\u00e3o da Sa\u00fade (UGPS), Associa\u00e7\u00e3o e iniciativa privada, foi poss\u00edvel determinar locais mais discretos que facilitam o acesso aos jovens\u201d, detalhou.<\/p>\n<p><em><strong>Assessoria de Imprensa<\/strong><\/em><\/p>\n<p><em><strong>Fotos: Fot\u00f3grafos PMJ<\/strong><\/em><\/p>\n","protected":false},"excerpt":{"rendered":"<p>A reuni\u00e3o foi conduzida Prefeito Luiz Fernando Machado, acompanhado por gestores da atual administra\u00e7\u00e3o<\/p>\n","protected":false},"author":30,"featured_media":217884,"comment_status":"closed","ping_status":"closed","sticky":false,"template":"","format":"standard","meta":{"footnotes":""},"categories":[2],"tags":[58,981],"ods":[],"class_list":["post-217882","post","type-post","status-publish","format-standard","has-post-thumbnail","hentry","category-noticias","tag-prefeito","tag-promocao-da-saude"],"_links":{"self":[{"href":"https:\/\/jundiai.sp.gov.br\/noticias\/wp-json\/wp\/v2\/posts\/217882","targetHints":{"allow":["GET"]}}],"collection":[{"href":"https:\/\/jundiai.sp.gov.br\/noticias\/wp-json\/wp\/v2\/posts"}],"about":[{"href":"https:\/\/jundiai.sp.gov.br\/noticias\/wp-json\/wp\/v2\/types\/post"}],"author":[{"embeddable":true,"href":"https:\/\/jundiai.sp.gov.br\/noticias\/wp-json\/wp\/v2\/users\/30"}],"replies":[{"embeddable":true,"href":"https:\/\/jundiai.sp.gov.br\/noticias\/wp-json\/wp\/v2\/comments?post=217882"}],"version-history":[{"count":1,"href":"https:\/\/jundiai.sp.gov.br\/noticias\/wp-json\/wp\/v2\/posts\/217882\/revisions"}],"predecessor-version":[{"id":217885,"href":"https:\/\/jundiai.sp.gov.br\/noticias\/wp-json\/wp\/v2\/posts\/217882\/revisions\/217885"}],"wp:featuredmedia":[{"embeddable":true,"href":"https:\/\/jundiai.sp.gov.br\/noticias\/wp-json\/wp\/v2\/media\/217884"}],"wp:attachment":[{"href":"https:\/\/jundiai.sp.gov.br\/noticias\/wp-json\/wp\/v2\/media?parent=217882"}],"wp:term":[{"taxonomy":"category","embeddable":true,"href":"https:\/\/jundiai.sp.gov.br\/noticias\/wp-json\/wp\/v2\/categories?post=217882"},{"taxonomy":"post_tag","embeddable":true,"href":"https:\/\/jundiai.sp.gov.br\/noticias\/wp-json\/wp\/v2\/tags?post=217882"},{"taxonomy":"ods","embeddable":true,"href":"https:\/\/jundiai.sp.gov.br\/noticias\/wp-json\/wp\/v2\/ods?post=217882"}],"curies":[{"name":"wp","href":"https:\/\/api.w.org\/{rel}","templated":true}]}}