{"id":218013,"date":"2018-06-20T12:21:56","date_gmt":"2018-06-20T15:21:56","guid":{"rendered":"https:\/\/jundiai.sp.gov.br\/noticias\/?p=218013"},"modified":"2018-06-20T12:21:56","modified_gmt":"2018-06-20T15:21:56","slug":"moradores-da-vila-ana-aprovam-encontro-de-prestacao-de-contas","status":"publish","type":"post","link":"https:\/\/jundiai.sp.gov.br\/noticias\/2018\/06\/20\/moradores-da-vila-ana-aprovam-encontro-de-prestacao-de-contas\/","title":{"rendered":"Moradores da Vila Ana aprovam encontro de Presta\u00e7\u00e3o de Contas"},"content":{"rendered":"<p><strong>O sal\u00e3o paroquial da Igreja Santa Ana e S\u00e3o Joaquim recebeu, na noite de ter\u00e7a-feira (19), mais um encontro da a\u00e7\u00e3o de Presta\u00e7\u00e3o de Contas, realizada pelo Prefeito Municipal, Luiz Fernando Machado. A atividade faz parte das iniciativas do Chefe do Executivo de manter a administra\u00e7\u00e3o municipal transparente e pr\u00f3xima da popula\u00e7\u00e3o. Al\u00e9m de apresentar as a\u00e7\u00f5es j\u00e1 realizadas nesses 18 meses \u00e0 frente de Jundia\u00ed, Luiz Fernando ouviu e encaminhou solicita\u00e7\u00f5es da popula\u00e7\u00e3o relacionadas ao tr\u00e2nsito e habita\u00e7\u00e3o. Gestores das Unidades de Gest\u00e3o tamb\u00e9m participaram do encontro.<\/strong><\/p>\n<p>\u201cEstamos administrando a cidade com or\u00e7amento pr\u00f3prio h\u00e1 seis meses. No ano passado, recebemos a Prefeitura com um or\u00e7amento determinado pela gest\u00e3o anterior. Sabemos dos desafios, enfrentamos o endividamento e, mesmo assim, estamos conseguindo avan\u00e7ar em v\u00e1rios setores. Temos muito que resolver ainda, mas sempre, com a transpar\u00eancia e em conjunto com a popula\u00e7\u00e3o, por isso \u00e9 importante detalhar como s\u00e3o os nossos projetos da Escola Inovadora, Cl\u00ednica da Fam\u00edlia, Guardi\u00e3o da Sa\u00fade, Nova UBS, Posso Ajudar, Mais Asfalto, Mobilidade Total e Plano Municipal de Seguran\u00e7a al\u00e9m do Parque da Crian\u00e7a\u201d, explicou Luiz Fernando.<\/p>\n<p><strong>LEIA TAMB\u00c9M<\/strong><br \/>\n<a href=\"https:\/\/jundiai.sp.gov.br\/noticias\/2018\/06\/16\/regiao-do-retiro-recebe-prestacao-de-contas\/\">Regi\u00e3o do Retiro recebe presta\u00e7\u00e3o de contas<\/a><\/p>\n<div id=\"attachment_218014\" style=\"width: 1290px\" class=\"wp-caption alignright\"><a href=\"https:\/\/jundiai.sp.gov.br\/noticias\/wp-content\/uploads\/sites\/32\/2018\/06\/prestacao_de_contas_vila_ana-245.jpg\"><img loading=\"lazy\" decoding=\"async\" aria-describedby=\"caption-attachment-218014\" class=\"size-full wp-image-218014\" src=\"https:\/\/jundiai.sp.gov.br\/noticias\/wp-content\/uploads\/sites\/32\/2018\/06\/prestacao_de_contas_vila_ana-245.jpg\" alt=\"\" width=\"1280\" height=\"1165\" srcset=\"https:\/\/jundiai.sp.gov.br\/noticias\/wp-content\/uploads\/sites\/32\/2018\/06\/prestacao_de_contas_vila_ana-245.jpg 1280w, https:\/\/jundiai.sp.gov.br\/noticias\/wp-content\/uploads\/sites\/32\/2018\/06\/prestacao_de_contas_vila_ana-245-300x273.jpg 300w, https:\/\/jundiai.sp.gov.br\/noticias\/wp-content\/uploads\/sites\/32\/2018\/06\/prestacao_de_contas_vila_ana-245-768x699.jpg 768w, https:\/\/jundiai.sp.gov.br\/noticias\/wp-content\/uploads\/sites\/32\/2018\/06\/prestacao_de_contas_vila_ana-245-1055x960.jpg 1055w\" sizes=\"auto, (max-width: 1280px) 100vw, 1280px\" \/><\/a><p id=\"caption-attachment-218014\" class=\"wp-caption-text\">Prefeito Luiz Fernando Machado conversou com a popula\u00e7\u00e3o ap\u00f3s apresenta\u00e7\u00e3o, na Vila Ana<\/p><\/div>\n<p>Morador na Vila Ana h\u00e1 30 anos, Edivaldo Gon\u00e7alves Sampaio ficou satisfeito com a iniciativa da administra\u00e7\u00e3o. \u201cIsso nunca havia acontecido em outras administra\u00e7\u00f5es. O prefeito explicou tudo o que est\u00e1 fazendo pela cidade e mostrou os projetos que ir\u00e3o melhorar a vida de todos. Essa iniciativa \u00e9 importante\u201d, detalha.<\/p>\n<p>Maria Peixoto de Alencar, 41 anos, elogiou o encontro. \u201cJundia\u00ed estava ruim. Agora j\u00e1 est\u00e1 melhor. Ele (Prefeito) transformou em conquistas as necessidades que se tinha. Muito boa essa conversa com o povo\u201d, comenta.<\/p>\n<p>O presidente da Associa\u00e7\u00e3o de Moradores Vida Nova -Vila Ana, Eurico Gon\u00e7alves de Lima, ficou satisfeito em ouvir os dados j\u00e1 alcan\u00e7ados e as iniciativas que ser\u00e3o implantadas na cidade. \u201cEssa aproxima\u00e7\u00e3o do Prefeito Luiz Fernando com a popula\u00e7\u00e3o \u00e9 muito importante. A Vila Ana tem algumas demandas com rela\u00e7\u00e3o ao tr\u00e2nsito, para delimitar apenas um lado de estacionamento nas ruas e facilitar o tr\u00e1fego, al\u00e9m da habita\u00e7\u00e3o para as pessoas que s\u00e3o nascidas em Jundia\u00ed e n\u00e3o se encaixam no perfil de \u00e1rea de risco\u201d, comenta.<\/p>\n<p>As reivindica\u00e7\u00f5es foram acolhidas pelo prefeito e respondidas pelos diretores e gestores presentes. A demanda sobre o tr\u00e2nsito, de acordo Ana Paula Silva, diretora do Departamento de Transporte da Unidade de Gest\u00e3o de Mobilidade e Transporte (UGMT), ser\u00e1 avaliada junto \u00e0 comunidade e comerciantes, j\u00e1 que o estacionamento nas ruas envolve o impacto no com\u00e9rcio. A reivindica\u00e7\u00e3o de habita\u00e7\u00e3o, segundo Solange Marques, superintendente da Funda\u00e7\u00e3o Municipal de A\u00e7\u00e3o Social (Fumas), ser\u00e1 discutida nas pr\u00f3ximas reuni\u00f5es do Conselho, que conta com a participa\u00e7\u00e3o do pr\u00f3prio presidente da associa\u00e7\u00e3o da Vila Ana.<\/p>\n<p><em><strong>Assessoria de Imprensa<br \/>\n<\/strong><\/em><em><strong>Fotos: Fot\u00f3grafos PMJ<\/strong><\/em><\/p>\n","protected":false},"excerpt":{"rendered":"<p>A atividade faz parte das iniciativas do Chefe do Executivo de manter a administra\u00e7\u00e3o municipal transparente e pr\u00f3xima da popula\u00e7\u00e3o<\/p>\n","protected":false},"author":30,"featured_media":218020,"comment_status":"closed","ping_status":"closed","sticky":false,"template":"","format":"standard","meta":{"footnotes":""},"categories":[2],"tags":[58],"ods":[],"class_list":["post-218013","post","type-post","status-publish","format-standard","has-post-thumbnail","hentry","category-noticias","tag-prefeito"],"_links":{"self":[{"href":"https:\/\/jundiai.sp.gov.br\/noticias\/wp-json\/wp\/v2\/posts\/218013","targetHints":{"allow":["GET"]}}],"collection":[{"href":"https:\/\/jundiai.sp.gov.br\/noticias\/wp-json\/wp\/v2\/posts"}],"about":[{"href":"https:\/\/jundiai.sp.gov.br\/noticias\/wp-json\/wp\/v2\/types\/post"}],"author":[{"embeddable":true,"href":"https:\/\/jundiai.sp.gov.br\/noticias\/wp-json\/wp\/v2\/users\/30"}],"replies":[{"embeddable":true,"href":"https:\/\/jundiai.sp.gov.br\/noticias\/wp-json\/wp\/v2\/comments?post=218013"}],"version-history":[{"count":3,"href":"https:\/\/jundiai.sp.gov.br\/noticias\/wp-json\/wp\/v2\/posts\/218013\/revisions"}],"predecessor-version":[{"id":218022,"href":"https:\/\/jundiai.sp.gov.br\/noticias\/wp-json\/wp\/v2\/posts\/218013\/revisions\/218022"}],"wp:featuredmedia":[{"embeddable":true,"href":"https:\/\/jundiai.sp.gov.br\/noticias\/wp-json\/wp\/v2\/media\/218020"}],"wp:attachment":[{"href":"https:\/\/jundiai.sp.gov.br\/noticias\/wp-json\/wp\/v2\/media?parent=218013"}],"wp:term":[{"taxonomy":"category","embeddable":true,"href":"https:\/\/jundiai.sp.gov.br\/noticias\/wp-json\/wp\/v2\/categories?post=218013"},{"taxonomy":"post_tag","embeddable":true,"href":"https:\/\/jundiai.sp.gov.br\/noticias\/wp-json\/wp\/v2\/tags?post=218013"},{"taxonomy":"ods","embeddable":true,"href":"https:\/\/jundiai.sp.gov.br\/noticias\/wp-json\/wp\/v2\/ods?post=218013"}],"curies":[{"name":"wp","href":"https:\/\/api.w.org\/{rel}","templated":true}]}}