{"id":218044,"date":"2018-06-20T16:52:14","date_gmt":"2018-06-20T19:52:14","guid":{"rendered":"https:\/\/jundiai.sp.gov.br\/noticias\/?p=218044"},"modified":"2018-06-21T13:33:46","modified_gmt":"2018-06-21T16:33:46","slug":"palestras-abrem-semana-de-reflexao-sobre-drogas","status":"publish","type":"post","link":"https:\/\/jundiai.sp.gov.br\/noticias\/2018\/06\/20\/palestras-abrem-semana-de-reflexao-sobre-drogas\/","title":{"rendered":"Palestras abrem Semana de Reflex\u00e3o sobre Drogas"},"content":{"rendered":"<div id=\"attachment_218045\" style=\"width: 410px\" class=\"wp-caption alignright\"><a href=\"https:\/\/jundiai.sp.gov.br\/noticias\/wp-content\/uploads\/sites\/32\/2018\/06\/prevencao-drogas-116.jpg\"><img loading=\"lazy\" decoding=\"async\" aria-describedby=\"caption-attachment-218045\" class=\"size-full wp-image-218045\" src=\"https:\/\/jundiai.sp.gov.br\/noticias\/wp-content\/uploads\/sites\/32\/2018\/06\/prevencao-drogas-116.jpg\" alt=\"\" width=\"400\" height=\"350\" \/><\/a><p id=\"caption-attachment-218045\" class=\"wp-caption-text\">Semana de Reflex\u00e3o Sobre Drogas come\u00e7ou na ter\u00e7a-feira com duas palestras<\/p><\/div>\n<p><strong>O Conselho Municipal de Pol\u00edticas Sobre Drogas (Comad) deu in\u00edcio, nessa ter\u00e7a-feira (19), \u00e0 programa\u00e7\u00e3o da\u00a0Semana de Reflex\u00e3o sobre Drogas, que inclui v\u00e1rias atividades tem\u00e1ticas com foco na conscientiza\u00e7\u00e3o sobre o tema. A abertura, realizada na Biblioteca\u00a0Municipal Professor Nelson Foot, no Complexo Argos, contou com a presen\u00e7a do prefeito Luiz Fernando Machado.<\/strong><\/p>\n<p><strong>LEIA TAMB\u00c9M<\/strong><br \/>\n<a href=\"https:\/\/jundiai.sp.gov.br\/noticias\/2018\/06\/15\/qualidade-de-vida-da-terceira-idade-esta-entre-as-prioridades-destaca-gestor\/\">Qualidade de vida da Terceira Idade est\u00e1 entre as prioridades, destaca gestor<\/a><\/p>\n<p>As discuss\u00f5es foram comandadas pelo defensor p\u00fablico e ex-secret\u00e1rio nacional de pol\u00edtica sobre drogas, Vitore Maximiniano, e pela assistente social S\u00f4nia Regina Benedetti. A diretora de Prote\u00e7\u00e3o Social da Unidade de Gest\u00e3o de Assist\u00eancia e Desenvolvimento Social, Ariane Goim Rios, tamb\u00e9m participou do evento.<\/p>\n<p>A programa\u00e7\u00e3o continua na edi\u00e7\u00e3o da Sexta no Centro, no dia 22, quando ser\u00e1 instalado um plant\u00e3o do Comad, a partir das 18h. No dia 25 (segunda-feira), est\u00e1 programada a reuni\u00e3o do Conselho no Pa\u00e7o Municipal, a partir das 18h. O encerramento acontece no dia 26, com duas atividades: uma mesa redonda na ESEF, das 9h \u00e0s 10h30 e participa\u00e7\u00e3o de integrantes do Comad na sess\u00e3o da C\u00e2mara Municipal de Vereadores.<\/p>\n<p><em><strong>Assessoria de Imprensa<br \/>\n<\/strong><\/em><em><strong>Foto: Assessoria de Imprensa<\/strong><\/em><\/p>\n","protected":false},"excerpt":{"rendered":"<p>O Conselho Municipal de Pol\u00edticas Sobre Drogas (Comad) deu in\u00edcio, nessa ter\u00e7a-feira (19), \u00e0 programa\u00e7\u00e3o da\u00a0Semana de Reflex\u00e3o sobre Drogas, que inclui v\u00e1rias atividades tem\u00e1ticas com foco na conscientiza\u00e7\u00e3o sobre o tema. A abertura, realizada na Biblioteca\u00a0Municipal Professor Nelson Foot, no Complexo Argos, contou com a presen\u00e7a do prefeito Luiz Fernando Machado. LEIA TAMB\u00c9M Qualidade [&hellip;]<\/p>\n","protected":false},"author":30,"featured_media":0,"comment_status":"closed","ping_status":"closed","sticky":false,"template":"","format":"standard","meta":{"footnotes":""},"categories":[2],"tags":[505,62,596],"ods":[],"class_list":["post-218044","post","type-post","status-publish","format-standard","hentry","category-noticias","tag-biblioteca-municipal-professor-nelson-foot","tag-casa-civil","tag-conselho-antidrogas-comad"],"_links":{"self":[{"href":"https:\/\/jundiai.sp.gov.br\/noticias\/wp-json\/wp\/v2\/posts\/218044","targetHints":{"allow":["GET"]}}],"collection":[{"href":"https:\/\/jundiai.sp.gov.br\/noticias\/wp-json\/wp\/v2\/posts"}],"about":[{"href":"https:\/\/jundiai.sp.gov.br\/noticias\/wp-json\/wp\/v2\/types\/post"}],"author":[{"embeddable":true,"href":"https:\/\/jundiai.sp.gov.br\/noticias\/wp-json\/wp\/v2\/users\/30"}],"replies":[{"embeddable":true,"href":"https:\/\/jundiai.sp.gov.br\/noticias\/wp-json\/wp\/v2\/comments?post=218044"}],"version-history":[{"count":4,"href":"https:\/\/jundiai.sp.gov.br\/noticias\/wp-json\/wp\/v2\/posts\/218044\/revisions"}],"predecessor-version":[{"id":218106,"href":"https:\/\/jundiai.sp.gov.br\/noticias\/wp-json\/wp\/v2\/posts\/218044\/revisions\/218106"}],"wp:attachment":[{"href":"https:\/\/jundiai.sp.gov.br\/noticias\/wp-json\/wp\/v2\/media?parent=218044"}],"wp:term":[{"taxonomy":"category","embeddable":true,"href":"https:\/\/jundiai.sp.gov.br\/noticias\/wp-json\/wp\/v2\/categories?post=218044"},{"taxonomy":"post_tag","embeddable":true,"href":"https:\/\/jundiai.sp.gov.br\/noticias\/wp-json\/wp\/v2\/tags?post=218044"},{"taxonomy":"ods","embeddable":true,"href":"https:\/\/jundiai.sp.gov.br\/noticias\/wp-json\/wp\/v2\/ods?post=218044"}],"curies":[{"name":"wp","href":"https:\/\/api.w.org\/{rel}","templated":true}]}}