{"id":218132,"date":"2018-06-21T18:26:16","date_gmt":"2018-06-21T21:26:16","guid":{"rendered":"https:\/\/jundiai.sp.gov.br\/noticias\/?p=218132"},"modified":"2018-06-21T18:26:16","modified_gmt":"2018-06-21T21:26:16","slug":"danca-e-teatro-sao-atracoes-neste-final-de-semana","status":"publish","type":"post","link":"https:\/\/jundiai.sp.gov.br\/noticias\/2018\/06\/21\/danca-e-teatro-sao-atracoes-neste-final-de-semana\/","title":{"rendered":"Dan\u00e7a e teatro s\u00e3o atra\u00e7\u00f5es neste final de semana"},"content":{"rendered":"<div id=\"attachment_218135\" style=\"width: 970px\" class=\"wp-caption aligncenter\"><a href=\"https:\/\/jundiai.sp.gov.br\/noticias\/wp-content\/uploads\/sites\/32\/2018\/06\/a_flor_da_pele_4.jpg\"><img loading=\"lazy\" decoding=\"async\" aria-describedby=\"caption-attachment-218135\" class=\"wp-image-218135 size-full\" src=\"https:\/\/jundiai.sp.gov.br\/noticias\/wp-content\/uploads\/sites\/32\/2018\/06\/a_flor_da_pele_4.jpg\" alt=\"\" width=\"960\" height=\"640\" srcset=\"https:\/\/jundiai.sp.gov.br\/noticias\/wp-content\/uploads\/sites\/32\/2018\/06\/a_flor_da_pele_4.jpg 960w, https:\/\/jundiai.sp.gov.br\/noticias\/wp-content\/uploads\/sites\/32\/2018\/06\/a_flor_da_pele_4-300x200.jpg 300w, https:\/\/jundiai.sp.gov.br\/noticias\/wp-content\/uploads\/sites\/32\/2018\/06\/a_flor_da_pele_4-768x512.jpg 768w\" sizes=\"auto, (max-width: 960px) 100vw, 960px\" \/><\/a><p id=\"caption-attachment-218135\" class=\"wp-caption-text\">\u201c\u00c0 flor da pele\u201d (foto) e \u201cNovos Ventos\u201d s\u00e3o coreografias do grupo Ra\u00e7a Centro de Artes<\/p><\/div>\n<p><strong>Os jundiaienses ter\u00e3o neste fim de semana ainda mais op\u00e7\u00f5es de atividades culturais gratuitas al\u00e9m dos Festejos Juninos, que ser\u00e3o realizados na Pra\u00e7a Marechal Floriano Peixoto (pra\u00e7a do coreto) nesta sexta-feira (22), das 18h \u00e0s 22h, e neste s\u00e1bado (23), das 10h \u00e0s 20h, e do Domingo no Parque, que ser\u00e1 neste domingo (24), das 9h \u00e0s 17h, no Parque Comendador Ant\u00f4nio Carbonari (Parque da Uva).<\/strong><\/p>\n<p><strong>Complexo Fepasa<\/strong><br \/>\nNeste s\u00e1bado (23), \u00e0s 19h, a sala Jundia\u00ed do Complexo Fepasa recebe \u201cAt\u00e9 a lembran\u00e7a do cachorro do vizinho ainda vive no meu corpo\u201d, que chega \u00e0 cidade atrav\u00e9s da lei estadual de incentivo \u00e0 cultura Proac \u2013 SP.<\/p>\n<p><strong>LEIA TAMB\u00c9M<\/strong><br \/>\n<a href=\"https:\/\/jundiai.sp.gov.br\/noticias\/2018\/06\/20\/praca-do-coreto-tem-mais-festejos-juninos-a-partir-desta-sexta-22\/\">Pra\u00e7a do Coreto tem mais Festejos Juninos a partir desta sexta (22)<\/a><br \/>\n<a href=\"https:\/\/jundiai.sp.gov.br\/noticias\/2018\/06\/21\/professores-participam-de-palestra-sobre-educacao-patrimonial\/\">Professores participam de palestra sobre educa\u00e7\u00e3o patrimonial<\/a><\/p>\n<p>A pe\u00e7a do n\u00facleo Experimental de But\u00f4 traz seis corpos que exploram as principais matrizes po\u00e9ticas presentes no texto manifesto de Tatsumi Hijikata, fundador do projeto pol\u00edtico e art\u00edstico Ankoku But\u014d nascido no p\u00f3s-guerra japon\u00eas, e abordam como as mem\u00f3rias n\u00e3o se perdem, apenas se transmutam em elementos, que ora se combinam e adensam, ora se diluem e silenciam.<\/p>\n<p>Com classifica\u00e7\u00e3o indicativa acima dos 14 anos, a pe\u00e7a tem entrada \u00e9 gratuita e os ingressos ser\u00e3o distribu\u00eddos no local.<\/p>\n<p>O Complexo Fepasa fica na avenida Uni\u00e3o dos Ferrovi\u00e1rios, 1760, bairro Ponte de Campinas.<\/p>\n<div id=\"attachment_218133\" style=\"width: 410px\" class=\"wp-caption alignright\"><a href=\"https:\/\/jundiai.sp.gov.br\/noticias\/wp-content\/uploads\/sites\/32\/2018\/06\/foto-joao-caldas.jpg\"><img loading=\"lazy\" decoding=\"async\" aria-describedby=\"caption-attachment-218133\" class=\"size-full wp-image-218133\" src=\"https:\/\/jundiai.sp.gov.br\/noticias\/wp-content\/uploads\/sites\/32\/2018\/06\/foto-joao-caldas.jpg\" alt=\"\" width=\"400\" height=\"350\" \/><\/a><p id=\"caption-attachment-218133\" class=\"wp-caption-text\">A pe\u00e7a do n\u00facleo Experimental de But\u00f4 tem classifica\u00e7\u00e3o indicativa de 14 anos<\/p><\/div>\n<p><strong>Teatro Polytheama<\/strong><br \/>\nTamb\u00e9m no s\u00e1bado (23), \u00e0s 20h30, o Teatro Polytheama recebe as apresenta\u00e7\u00f5es de coreografias do grupo Ra\u00e7a Centro de Artes, com classifica\u00e7\u00e3o livre e dura\u00e7\u00e3o de 70 minutos.<\/p>\n<p>A coreografia \u201c\u00c0 Flor da Pele\u201d, uma cria\u00e7\u00e3o de Jhean Allex, trata da investiga\u00e7\u00e3o sobre o ser na sociedade, as rela\u00e7\u00f5es entre os indiv\u00edduos, a intensidade entre os relacionamentos, a rea\u00e7\u00e3o do indiv\u00edduo frente \u00e0s situa\u00e7\u00f5es da vida, e prop\u00f5e como pergunta \u201co que te deixa \u00e0 flor da pele?\u201d. J\u00e1 \u201cNovos Ventos\u201d, de Roseli Rodrigues, tem ambienta\u00e7\u00e3o no tempo de outono, desenhando as transforma\u00e7\u00f5es, a nostalgia e o romantismo que a esta\u00e7\u00e3o traz.<\/p>\n<p>Os ingressos gratuitos ser\u00e3o distribu\u00eddos na bilheteria do teatro, que fica na rua Bar\u00e3o de Jundia\u00ed, 176, Centro, a partir desta sexta-feira (22), das 13h \u00e0s 17h, e no s\u00e1bado (23), a partir das 14h. cada pessoa na fila poder\u00e1 retirar at\u00e9 duas entradas.<\/p>\n<p>As programa\u00e7\u00f5es do Complexo Fepasa, do Teatro Polytheama e toda a agenda cultural do Munic\u00edpio podem ser consultadas no Aplicativo Jundia\u00ed, ferramenta que pode ser baixada em qualquer smartphone\u00a0<a href=\"https:\/\/play.google.com\/store\/apps\/details?id=br.gov.sp.cijun.appjun\" target=\"_blank\" rel=\"noopener\"><strong>Android<\/strong><\/a>\u00a0ou\u00a0<a href=\"https:\/\/itunes.apple.com\/br\/app\/prefeitura-de-jundiai\/id1211377720\" target=\"_blank\" rel=\"noopener\"><strong>iPhone<\/strong><\/a><a href=\"https:\/\/play.google.com\/store\/apps\/details?id=br.gov.sp.cijun.appjun\" target=\"_blank\" rel=\"noopener\">.<\/a><\/p>\n<p><strong><em>Assessoria de Imprensa<br \/>\nFotos: Divulga\u00e7\u00e3o<\/em><\/strong><\/p>\n","protected":false},"excerpt":{"rendered":"<p>Os jundiaienses ter\u00e3o neste fim de semana ainda mais op\u00e7\u00f5es de atividades culturais gratuitas al\u00e9m dos Festejos Juninos, que ser\u00e3o realizados na Pra\u00e7a Marechal Floriano Peixoto (pra\u00e7a do coreto) nesta sexta-feira (22), das 18h \u00e0s 22h, e neste s\u00e1bado (23), das 10h \u00e0s 20h, e do Domingo no Parque, que ser\u00e1 neste domingo (24), das [&hellip;]<\/p>\n","protected":false},"author":30,"featured_media":0,"comment_status":"closed","ping_status":"closed","sticky":false,"template":"","format":"standard","meta":{"footnotes":""},"categories":[2],"tags":[29,1066,1070],"ods":[],"class_list":["post-218132","post","type-post","status-publish","format-standard","hentry","category-noticias","tag-cultura","tag-domingo-no-parque","tag-festejos-juninos"],"_links":{"self":[{"href":"https:\/\/jundiai.sp.gov.br\/noticias\/wp-json\/wp\/v2\/posts\/218132","targetHints":{"allow":["GET"]}}],"collection":[{"href":"https:\/\/jundiai.sp.gov.br\/noticias\/wp-json\/wp\/v2\/posts"}],"about":[{"href":"https:\/\/jundiai.sp.gov.br\/noticias\/wp-json\/wp\/v2\/types\/post"}],"author":[{"embeddable":true,"href":"https:\/\/jundiai.sp.gov.br\/noticias\/wp-json\/wp\/v2\/users\/30"}],"replies":[{"embeddable":true,"href":"https:\/\/jundiai.sp.gov.br\/noticias\/wp-json\/wp\/v2\/comments?post=218132"}],"version-history":[{"count":4,"href":"https:\/\/jundiai.sp.gov.br\/noticias\/wp-json\/wp\/v2\/posts\/218132\/revisions"}],"predecessor-version":[{"id":218138,"href":"https:\/\/jundiai.sp.gov.br\/noticias\/wp-json\/wp\/v2\/posts\/218132\/revisions\/218138"}],"wp:attachment":[{"href":"https:\/\/jundiai.sp.gov.br\/noticias\/wp-json\/wp\/v2\/media?parent=218132"}],"wp:term":[{"taxonomy":"category","embeddable":true,"href":"https:\/\/jundiai.sp.gov.br\/noticias\/wp-json\/wp\/v2\/categories?post=218132"},{"taxonomy":"post_tag","embeddable":true,"href":"https:\/\/jundiai.sp.gov.br\/noticias\/wp-json\/wp\/v2\/tags?post=218132"},{"taxonomy":"ods","embeddable":true,"href":"https:\/\/jundiai.sp.gov.br\/noticias\/wp-json\/wp\/v2\/ods?post=218132"}],"curies":[{"name":"wp","href":"https:\/\/api.w.org\/{rel}","templated":true}]}}