{"id":218635,"date":"2018-07-03T21:02:16","date_gmt":"2018-07-04T00:02:16","guid":{"rendered":"https:\/\/jundiai.sp.gov.br\/noticias\/?p=218635"},"modified":"2019-06-13T15:13:01","modified_gmt":"2019-06-13T18:13:01","slug":"vila-maringa-recebe-primeira-nova-ubs","status":"publish","type":"post","link":"https:\/\/jundiai.sp.gov.br\/noticias\/2018\/07\/03\/vila-maringa-recebe-primeira-nova-ubs\/","title":{"rendered":"Vila Maring\u00e1 recebe primeira Nova UBS"},"content":{"rendered":"<div id=\"attachment_218642\" style=\"width: 410px\" class=\"wp-caption alignright\"><a href=\"https:\/\/jundiai.sp.gov.br\/noticias\/wp-content\/uploads\/sites\/32\/2018\/07\/rpl4147-1.jpg\"><img loading=\"lazy\" decoding=\"async\" aria-describedby=\"caption-attachment-218642\" class=\"size-full wp-image-218642\" src=\"https:\/\/jundiai.sp.gov.br\/noticias\/wp-content\/uploads\/sites\/32\/2018\/07\/rpl4147-1.jpg\" alt=\"\" width=\"400\" height=\"350\" \/><\/a><p id=\"caption-attachment-218642\" class=\"wp-caption-text\">Guardi\u00e3o da Sa\u00fade foi testado pela popula\u00e7\u00e3o<\/p><\/div>\n<p><strong>Com p\u00fablico cadastrado de mais de 10 mil usu\u00e1rios, a UBS Maring\u00e1 foi reaberta, na tarde de ter\u00e7a-feira (3), contando com a proposta Nova UBS, iniciativa do governo Luiz Fernando Machado. Com ambiente renovado, melhoria estrutural, consult\u00f3rio odontol\u00f3gico, acessibilidade e dois programas estruturados para a qualifica\u00e7\u00e3o do atendimento em sa\u00fade da cidade\u00a0\u2013 Guardi\u00f5es da Sa\u00fade e Posso Ajudar -, a unidade avan\u00e7a na humaniza\u00e7\u00e3o e no atendimento para os usu\u00e1rios, com o aumento na oferta de carga hor\u00e1ria de atendimento m\u00e9dico em 40%. A solenidade de inaugura\u00e7\u00e3o contou com a presen\u00e7a da popula\u00e7\u00e3o, gestores e vereadores da cidade.<\/strong><\/p>\n<p>Com custo de pouco mais de R$ 60 mil, a obra de reforma e amplia\u00e7\u00e3o (verba proveniente do Programa do Minist\u00e9rio da Sa\u00fade \u2013 Requalifica) foi iniciada no dia 27 de abril. \u201cQualifica\u00e7\u00e3o e amplia\u00e7\u00e3o no atendimento, ambi\u00eancia e padroniza\u00e7\u00e3o dos espa\u00e7os, cuidado e aten\u00e7\u00e3o com a popula\u00e7\u00e3o. Esses s\u00e3o os eixos estabelecidos para a implanta\u00e7\u00e3o e funcionamento da Nova UBS.\u00a0Sa\u00fade \u00e9 prioridade na nossa gest\u00e3o e, mesmo com as dificuldades enfrentadas, estamos conseguindo entregar uma s\u00e9rie de melhorias para o setor. As cr\u00edticas nos ajudam a construir o atendimento de excel\u00eancia que ser\u00e1 ofertado com esse novo conceito\u201d, detalha o prefeito Luiz Fernando Machado.<\/p>\n<p><strong>LEIA TAMB\u00c9M<\/strong><br \/>\n<a href=\"https:\/\/jundiai.sp.gov.br\/noticias\/2018\/07\/03\/saude-disponibiliza-esquema-especial-de-vacinacao\/\">Sa\u00fade disponibiliza esquema especial de vacina\u00e7\u00e3o<\/a><br \/>\n<a href=\"https:\/\/jundiai.sp.gov.br\/noticias\/2018\/07\/03\/julho-e-mes-de-luta-contra-hepatites-virais\/\">Julho \u00e9 m\u00eas de luta contra Hepatites Virais<\/a><\/p>\n<p>Para alcan\u00e7ar as metas estabelecidas para a melhoria no atendimento e na humaniza\u00e7\u00e3o, a Unidade de Gest\u00e3o de Promo\u00e7\u00e3o da Sa\u00fade (UGPS) investe, desde o ano de 2017, em capacita\u00e7\u00f5es para o servi\u00e7o ao mun\u00edcipe al\u00e9m de valorizar os profissionais da rede de sa\u00fade de Jundia\u00ed. \u201cA Sa\u00fade se faz com gente. O quadro m\u00e9dico da Nova UBS Maring\u00e1 ser\u00e1 acrescido em 40% em horas m\u00e9dicas para cl\u00ednico e pediatra, demandas de maior procura no local, juntamente com dentistas, que n\u00e3o existiam na unidade. Al\u00e9m de sistemas que auxiliar\u00e3o no monitoramento do servi\u00e7o, uma classifica\u00e7\u00e3o constante, online, para a efici\u00eancia e efic\u00e1cia do servi\u00e7o, sem deixar de lado o cuidado humanizado com usu\u00e1rio\u201d, comenta o gestor da Unidade de Gest\u00e3o de Promo\u00e7\u00e3o da Sa\u00fade (UGPS), Tiago Texera.<\/p>\n<div id=\"attachment_218645\" style=\"width: 1290px\" class=\"wp-caption alignright\"><a href=\"https:\/\/jundiai.sp.gov.br\/noticias\/wp-content\/uploads\/sites\/32\/2018\/07\/ubs_maringa-50-1.jpg\"><img loading=\"lazy\" decoding=\"async\" aria-describedby=\"caption-attachment-218645\" class=\"size-full wp-image-218645\" src=\"https:\/\/jundiai.sp.gov.br\/noticias\/wp-content\/uploads\/sites\/32\/2018\/07\/ubs_maringa-50-1.jpg\" alt=\"\" width=\"1280\" height=\"613\" srcset=\"https:\/\/jundiai.sp.gov.br\/noticias\/wp-content\/uploads\/sites\/32\/2018\/07\/ubs_maringa-50-1.jpg 1280w, https:\/\/jundiai.sp.gov.br\/noticias\/wp-content\/uploads\/sites\/32\/2018\/07\/ubs_maringa-50-1-300x144.jpg 300w, https:\/\/jundiai.sp.gov.br\/noticias\/wp-content\/uploads\/sites\/32\/2018\/07\/ubs_maringa-50-1-768x368.jpg 768w, https:\/\/jundiai.sp.gov.br\/noticias\/wp-content\/uploads\/sites\/32\/2018\/07\/ubs_maringa-50-1-1160x556.jpg 1160w\" sizes=\"auto, (max-width: 1280px) 100vw, 1280px\" \/><\/a><p id=\"caption-attachment-218645\" class=\"wp-caption-text\">Entrega de reforma foi realizada na tarde de ter\u00e7a-feira (3), com espa\u00e7o acess\u00edvel e ambi\u00eancia para o atendimento da popula\u00e7\u00e3o<\/p><\/div>\n<p>A unidade ainda passa a contar com atendimento odontol\u00f3gico, ampliando a oferta do servi\u00e7o na rede de Jundia\u00ed, passando para 31, das 36 atuais UBS, com o card\u00e1pio completo em sa\u00fade (consultas, procedimentos, entrega de medicamentos, exames, vacina\u00e7\u00e3o e atendimento odontol\u00f3gico).<\/p>\n<p>\u201cGostei muito do resultado da reforma. Ficou muito boa. Sou morador aqui do bairro h\u00e1 33 anos, desde que nasci. Esse equipamento \u00e9 um presente para a popula\u00e7\u00e3o\u201d, detalha Everton de Oliveira.<\/p>\n<p>Maria Adalgisa Refundini \u00e9 a servidora que vai atender pelo programa \u2018Posso Ajudar\u2019. \u201cEsse trabalho de acolhimento \u00e9 importante para orientar as pessoas. O servi\u00e7o ser\u00e1 de orienta\u00e7\u00e3o, para que as pessoas n\u00e3o percam tempo e facilitando a triagem para o atendimento\u201d, explica.<\/p>\n<p>Participaram da solenidade gestores de v\u00e1rias Unidades de Gest\u00e3o da administra\u00e7\u00e3o Municipal al\u00e9m dos vereadores Gustavo Martinelli, presidente da C\u00e2mara de Jundia\u00ed, Valdeci Vilar, Wagner Ligab\u00f3, C\u00edcero Camargo da Silva e Romildo da Silva. \u201cA comunidade passa a receber a primeira unidade com o projeto Nova UBS. Al\u00e9m da melhoria na ambi\u00eancia, estrutura e acessibilidade, a unidade agora, ter\u00e1 dois dentistas para o atendimento n\u00e3o somente da popula\u00e7\u00e3o da Vila Maring\u00e1, como da Comercial, que at\u00e9 ent\u00e3o, passava por atendimento odontol\u00f3gico somente na Vila Rami. Ainda tem o espa\u00e7o externo para as pr\u00e1ticas integrativas. A Nova UBS \u00e9 um ponto de encontro para a popula\u00e7\u00e3o do bairro\u201d, argumenta.<\/p>\n<p><strong>Atendimentos<br \/>\n<\/strong>Posso Ajudar: O \u2018anjo da guarda\u2019 dos usu\u00e1rios da Nova UBS. O servi\u00e7o \u00e9 baseado na orienta\u00e7\u00e3o feita por atendente qualificado para solucionar as d\u00favidas dos pacientes, antes ou ap\u00f3s consulta ou procedimento realizado.<\/p>\n<p>Guardi\u00e3o da Sa\u00fade: Equipamento disposto na Nova UBS para que a popula\u00e7\u00e3o possa avaliar o servi\u00e7o prestado. Os dados s\u00e3o recebidos online e contribuir\u00e3o para a excel\u00eancia dos atendimentos.<\/p>\n<p><strong>Pr\u00f3ximas entregas<br \/>\n<\/strong>Com as obras iniciadas na Unidade B\u00e1sica de Sa\u00fade (UBS) Jardim das Tulipas, no dia 11 de junho, os mais de 13 mil usu\u00e1rios ativos receber\u00e3o, no segundo semestre, o equipamento de sa\u00fade provido de acessibilidade, ambienta\u00e7\u00e3o e melhorias no espa\u00e7o f\u00edsico e de atendimento.<\/p>\n<p>A reforma ser\u00e1 feita em etapas para n\u00e3o interromper o fluxo. Nesta primeira fase, a ala que abrange o consult\u00f3rio odontol\u00f3gico foi transferida para a UBS Eloy Chaves para que sejam realizadas as melhorias, n\u00e3o comprometendo o atendimento. O valor de investimento na UBS Tulipas \u00e9 estimado em R$ 58.629,01 proveniente do programa do Minist\u00e9rio da Sa\u00fade Requalifica. Ser\u00e3o trocados os revestimentos das salas de esteriliza\u00e7\u00e3o, expurgo, inala\u00e7\u00e3o, cozinha e banheiros. A sala de reuni\u00f5es ter\u00e1 o piso trocado e o pr\u00e9dio ser\u00e1 inteiramente pintado e adequado para a acessibilidade universal.<\/p>\n<p>A UBS Tulipas tem estrutura tradicional, com oferta de consultas com cl\u00ednico geral, ginecologista, pediatra e odontologia, al\u00e9m do acolhimento, distribui\u00e7\u00e3o de medicamentos, coleta de exames, vacinas e curativos juntamente com grupos de apoio \u00e0 sa\u00fade. Com 12 agentes comunit\u00e1rios de sa\u00fade, a UBS Tulipas atende ao bairro com a Estrat\u00e9gia de Sa\u00fade da Fam\u00edlia.<\/p>\n<p>Ainda est\u00e3o previstas melhorias nas UBSs Corrupira (R$ 59.677,39) e Comercial (R$ 82.376,40) em fase de revis\u00e3o de projeto de amplia\u00e7\u00e3o de servi\u00e7o e precifica\u00e7\u00e3o.<\/p>\n<p><strong>J\u00e1 entregues<br \/>\n<\/strong>Em novembro de 2017, foi feita a entrega da Unidade de Apoio para a Unidade B\u00e1sica de Sa\u00fade do bairro Santa Gertrudes. O local \u00e9 referenciado para atendimento de 13 mil pessoas e oferta duas equipes de Estrat\u00e9gia de Sa\u00fade da Fam\u00edlia. A medida teve por objetivo ampliar o atendimento para a popula\u00e7\u00e3o com maior conforto e qualidade.<\/p>\n<div id=\"attachment_218640\" style=\"width: 410px\" class=\"wp-caption alignleft\"><a href=\"https:\/\/jundiai.sp.gov.br\/noticias\/wp-content\/uploads\/sites\/32\/2018\/07\/rpl4116.jpg\"><img loading=\"lazy\" decoding=\"async\" aria-describedby=\"caption-attachment-218640\" class=\"size-full wp-image-218640\" src=\"https:\/\/jundiai.sp.gov.br\/noticias\/wp-content\/uploads\/sites\/32\/2018\/07\/rpl4116.jpg\" alt=\"\" width=\"400\" height=\"350\" \/><\/a><p id=\"caption-attachment-218640\" class=\"wp-caption-text\">Equipe da UBS Maring\u00e1 come\u00e7a o atendimento nesta quarta-feira (4)<\/p><\/div>\n<p>O pr\u00e9dio, onde funcionava a antiga UBS (rua Luciano Milani, 75), passou por reforma entre junho a setembro de 2017 e passou a atender coletas de exames Papanicolau, grupos de promo\u00e7\u00e3o da sa\u00fade, consulta com m\u00e9dico do Programa Sa\u00fade da Fam\u00edlia e obstetra (pr\u00e9-natal), al\u00e9m de atendimento pedi\u00e1trico.<\/p>\n<p>Em janeiro deste ano, foi feita a entrega da sala de odontologia na UBS Tarum\u00e3. O local passou a contar com atendimento integral \u00e0 sa\u00fade para os mais de 13 mil usu\u00e1rios da unidade.<\/p>\n<p>Outra unidade que recebeu melhorias foi a UBS Guanabara, que passou por reforma durante a semana do Carnaval. O valor de R$ 10,5 mil foi investido para a compra de material, sendo a m\u00e3o de obra cedida em parceria com a Unidade de Gest\u00e3o de Infraestrutura e Servi\u00e7os P\u00fablicos (UGISP). A manuten\u00e7\u00e3o foi necess\u00e1ria por conta do descolamento de pisos, apresentado em algumas \u00e1reas, prejudicando a locomo\u00e7\u00e3o.<\/p>\n<p><em><strong>Assessoria de Imprensa<br \/>\n<\/strong><\/em><em><strong>Fotos: Fot\u00f3grafos PMJ<\/strong><\/em><\/p>\n","protected":false},"excerpt":{"rendered":"<p>Com p\u00fablico cadastrado de mais de 10 mil usu\u00e1rios, a UBS Maring\u00e1 foi reaberta com melhorias, na tarde de ter\u00e7a-feira (3)<\/p>\n","protected":false},"author":30,"featured_media":218638,"comment_status":"closed","ping_status":"closed","sticky":false,"template":"","format":"standard","meta":{"footnotes":""},"categories":[2],"tags":[1138,985,1073,981,665],"ods":[],"class_list":["post-218635","post","type-post","status-publish","format-standard","has-post-thumbnail","hentry","category-noticias","tag-guardiao-da-saude","tag-infraestrutura-e-servicos-publicos","tag-nova-ubs","tag-promocao-da-saude","tag-unidade-basica-de-saude-ubs"],"_links":{"self":[{"href":"https:\/\/jundiai.sp.gov.br\/noticias\/wp-json\/wp\/v2\/posts\/218635","targetHints":{"allow":["GET"]}}],"collection":[{"href":"https:\/\/jundiai.sp.gov.br\/noticias\/wp-json\/wp\/v2\/posts"}],"about":[{"href":"https:\/\/jundiai.sp.gov.br\/noticias\/wp-json\/wp\/v2\/types\/post"}],"author":[{"embeddable":true,"href":"https:\/\/jundiai.sp.gov.br\/noticias\/wp-json\/wp\/v2\/users\/30"}],"replies":[{"embeddable":true,"href":"https:\/\/jundiai.sp.gov.br\/noticias\/wp-json\/wp\/v2\/comments?post=218635"}],"version-history":[{"count":7,"href":"https:\/\/jundiai.sp.gov.br\/noticias\/wp-json\/wp\/v2\/posts\/218635\/revisions"}],"predecessor-version":[{"id":231226,"href":"https:\/\/jundiai.sp.gov.br\/noticias\/wp-json\/wp\/v2\/posts\/218635\/revisions\/231226"}],"wp:featuredmedia":[{"embeddable":true,"href":"https:\/\/jundiai.sp.gov.br\/noticias\/wp-json\/wp\/v2\/media\/218638"}],"wp:attachment":[{"href":"https:\/\/jundiai.sp.gov.br\/noticias\/wp-json\/wp\/v2\/media?parent=218635"}],"wp:term":[{"taxonomy":"category","embeddable":true,"href":"https:\/\/jundiai.sp.gov.br\/noticias\/wp-json\/wp\/v2\/categories?post=218635"},{"taxonomy":"post_tag","embeddable":true,"href":"https:\/\/jundiai.sp.gov.br\/noticias\/wp-json\/wp\/v2\/tags?post=218635"},{"taxonomy":"ods","embeddable":true,"href":"https:\/\/jundiai.sp.gov.br\/noticias\/wp-json\/wp\/v2\/ods?post=218635"}],"curies":[{"name":"wp","href":"https:\/\/api.w.org\/{rel}","templated":true}]}}