{"id":219094,"date":"2018-07-14T15:47:32","date_gmt":"2018-07-14T18:47:32","guid":{"rendered":"https:\/\/jundiai.sp.gov.br\/noticias\/?p=219094"},"modified":"2018-07-14T15:49:42","modified_gmt":"2018-07-14T18:49:42","slug":"prestacao-de-contas-chega-ao-jardim-do-lago-com-boas-noticias","status":"publish","type":"post","link":"https:\/\/jundiai.sp.gov.br\/noticias\/2018\/07\/14\/prestacao-de-contas-chega-ao-jardim-do-lago-com-boas-noticias\/","title":{"rendered":"Presta\u00e7\u00e3o de Contas chega ao Jardim do Lago com boas not\u00edcias"},"content":{"rendered":"<div id=\"attachment_219104\" style=\"width: 1290px\" class=\"wp-caption alignleft\"><a href=\"https:\/\/jundiai.sp.gov.br\/noticias\/wp-content\/uploads\/sites\/32\/2018\/07\/prestacao-de-contas_jd-do-lago-113.jpg\"><img loading=\"lazy\" decoding=\"async\" aria-describedby=\"caption-attachment-219104\" class=\"size-full wp-image-219104\" src=\"https:\/\/jundiai.sp.gov.br\/noticias\/wp-content\/uploads\/sites\/32\/2018\/07\/prestacao-de-contas_jd-do-lago-113.jpg\" alt=\"\" width=\"1280\" height=\"853\" srcset=\"https:\/\/jundiai.sp.gov.br\/noticias\/wp-content\/uploads\/sites\/32\/2018\/07\/prestacao-de-contas_jd-do-lago-113.jpg 1280w, https:\/\/jundiai.sp.gov.br\/noticias\/wp-content\/uploads\/sites\/32\/2018\/07\/prestacao-de-contas_jd-do-lago-113-300x200.jpg 300w, https:\/\/jundiai.sp.gov.br\/noticias\/wp-content\/uploads\/sites\/32\/2018\/07\/prestacao-de-contas_jd-do-lago-113-768x512.jpg 768w, https:\/\/jundiai.sp.gov.br\/noticias\/wp-content\/uploads\/sites\/32\/2018\/07\/prestacao-de-contas_jd-do-lago-113-1160x773.jpg 1160w\" sizes=\"auto, (max-width: 1280px) 100vw, 1280px\" \/><\/a><p id=\"caption-attachment-219104\" class=\"wp-caption-text\">Popula\u00e7\u00e3o pode conferir a planta da Nova UBS que ser\u00e1 constru\u00edda no bairro<\/p><\/div>\n<p><strong>Manter a popula\u00e7\u00e3o ciente de todas as a\u00e7\u00f5es da administra\u00e7\u00e3o, como forma de valer na pr\u00e1tica o princ\u00edpio da transpar\u00eancia, \u00e9 compromisso da atual gest\u00e3o. Desta forma, o Prefeito Luiz Fernando Machado realizou na noite de sexta-feira (13), no Sal\u00e3o da Igreja Nossa Senhora do Montenegro (Redempt\u00f3ris Mater) do Jardim do Lago, mais um encontro para a Presta\u00e7\u00e3o de Contas do governo municipal. Al\u00e9m de detalhar as medidas adotadas para o reequil\u00edbrio fiscal do or\u00e7amento, as a\u00e7\u00f5es j\u00e1 realizadas em todos os vetores da cidade foram apresentadas para a popula\u00e7\u00e3o, juntamente com obras espec\u00edficas para a regi\u00e3o, que ser\u00e1 contemplada com a constru\u00e7\u00e3o de uma Unidade B\u00e1sica de Sa\u00fade (UBS) feita nos padr\u00f5es da\u00a0 Nova UBS (equipada com os programas Guardi\u00f5es da Sa\u00fade e Posso Ajudar) al\u00e9m de reservat\u00f3rio de \u00e1gua, para a garantia do abastecimento daquela popula\u00e7\u00e3o.<\/strong><\/p>\n<p><strong>LEIA TAMB\u00c9M<\/strong><\/p>\n<p><strong><a href=\"https:\/\/jundiai.sp.gov.br\/noticias\/2018\/06\/30\/prefeito-faz-prestacao-de-contas-no-bairro-medeiros\/\">Prefeito faz presta\u00e7\u00e3o de contas no bairro Medeiros<\/a><\/strong><\/p>\n<p>&#8220;Nossa proposta \u00e9 de governo transparente. Sabemos das necessidades e buscamos solu\u00e7\u00f5es. \u00c9 inadmiss\u00edvel, por exemplo, que tenhamos demora para a realiza\u00e7\u00e3o de exames laboratoriais, por isso, com o equil\u00edbrio de nossas contas, conseguimos ampliar a oferta a partir deste m\u00eas passamos da oferta de 90 mil exames para 130 mil\/m\u00eas. Para a regi\u00e3o do Jardim do Lago, atendendo a uma reivindica\u00e7\u00e3o antiga, conseguimos, a partir de contrapartida, a constru\u00e7\u00e3o de um pr\u00e9dio novo para a UBS. O Jardim do Lago cresceu muito e precisa de um equipamento para atender de forma completa, com todos os servi\u00e7os, incluindo o atendimento odontol\u00f3gico, que hoje ainda n\u00e3o conta. Ser\u00e1 uma unidade no conceito da Nova UBS, com atendimento humanizado com os programas Guardi\u00f5es da Sa\u00fade e Posso Ajudar, ambi\u00eancia adequada, acess\u00edvel e completo, para n\u00e3o s\u00f3 cuidar da doen\u00e7a, mas promover a sa\u00fade entre a popula\u00e7\u00e3o&#8221;, comentou o prefeito Luiz Fernando. A primeira Nova UBS foi inaugurada no in\u00edcio do m\u00eas, na Vila Maring\u00e1.<\/p>\n<p>O Guardi\u00e3o da Sa\u00fade \u00e9 um programa de avalia\u00e7\u00e3o do servi\u00e7o prestado pelo equipamento. Essas informa\u00e7\u00f5es, que s\u00e3o transmitidas online, servir\u00e3o para a qualifica\u00e7\u00e3o e busca da excel\u00eancia da unidade. J\u00e1 o Posso Ajudar? \u00e9 amparado pela humaniza\u00e7\u00e3o e personaliza\u00e7\u00e3o do atendimento, com servidor dedicado a tirar d\u00favidas e orientar o usu\u00e1rio desde o momento que chega para o atendimento at\u00e9 sua sa\u00edda.<\/p>\n<p>Acompanhado de gestores e diretores das Unidades de Gest\u00e3o de Promo\u00e7\u00e3o da Sa\u00fade (UGPS), Seguran\u00e7a, Infraestrutura e Servi\u00e7os P\u00fablicos (UGISP), DAE e Governo e Finan\u00e7as (UGGF), o prefeito conversou com a popula\u00e7\u00e3o e deu esclarecimentos. Dona Franciscas F\u00e9lix Batista, 66 anos, conhecida como &#8216;Chica&#8217;, lembrou da demanda antiga da UBS. &#8220;Essa popula\u00e7\u00e3o aguarda ansiosa pela iniciativa. Lutamos muito pela sa\u00fade dos nossos moradores&#8221;, comentou a mulher, que faz tratamento pela rede p\u00fablica. O Prefeito salientou que a obra tem prazo previsto de execu\u00e7\u00e3o de seis meses ap\u00f3s o in\u00edcio. A condu\u00e7\u00e3o est\u00e1 em fase de finaliza\u00e7\u00e3o do projeto executivo, j\u00e1 que a obra contar\u00e1 com 540 metros quadrados,\u00a0 inclusive com espa\u00e7o para abrigo de ambul\u00e2ncias e leitos de observa\u00e7\u00e3o.<\/p>\n<p>Relacionado \u00e0 sa\u00fade, o gestor da UGPS, Tiago Texera, adiantou que haver\u00e1 amplia\u00e7\u00e3o na oferta de exames de m\u00e9dia e alta complexidade neste segundo semestre.\u00a0&#8220;Recebemos verba parlamentar que ser\u00e1 investida neste setor para equalizar as filas de espera. A Sa\u00fade \u00e9 prioridade para a administra\u00e7\u00e3o, por isso, conseguimos a contrapartida para a constru\u00e7\u00e3o da UBS do bairro, juntamente com outras medidas que est\u00e3o sendo realizadas nos demais vetores da cidade, como a implanta\u00e7\u00e3o da Nova UBS no Tulipas, no Corrupira e na Comercial, al\u00e9m da Cl\u00ednica da Fam\u00edlia, no Vetor Oeste, que atender\u00e1 a 40 mil vidas, incluindo a oferta de exames&#8221;, argumentou.<\/p>\n<p>Ainda durante a apresenta\u00e7\u00e3o, o diretor presidente da DAE, Eduardo Santos Palhares, anunciou a constru\u00e7\u00e3o de um reservat\u00f3rio que garantir\u00e1 o abastecimento para a popula\u00e7\u00e3o, no valor de R$ 3.455.672,71. &#8220;A DAE j\u00e1 trabalha para a constru\u00e7\u00e3o de um novo reservat\u00f3rio de \u00e1gua no bairro, com o objetivo de ampliar o abastecimento na regi\u00e3o.\u00a0Ser\u00e3o beneficiados, al\u00e9m do Jardim do Lago, os bairros Vila Militar, Vila Esperan\u00e7a e Cidade Jardim.\u00a0A unidade ser\u00e1 constru\u00edda na avenida Dr. Nelson Vila\u00e7a, 1817, onde atualmente existe um reservat\u00f3rio desativado, que ser\u00e1 demolido&#8221;, detalhou Palhares.\u00a0A obra est\u00e1 dentro das solicita\u00e7\u00f5es do IN-07. A Carta-Consulta foi apresentada em 25\/05\/2018, no \u00e2mbito do Programa Avan\u00e7ar Cidades, do Minist\u00e9rio das Cidades, que tem at\u00e9 o dia 19\/12\/18 para dar a resposta final.<\/p>\n<p>Ant\u00f4nio Zebber Filho, 68 anos, morador no Jardim do Lago h\u00e1 50 anos, aprovou a iniciativa do encontro com os moradores. &#8220;As pessoas querem saber o que est\u00e1 sendo feito pela cidade, principalmente para o seu bairro. A presta\u00e7\u00e3o de contas \u00e9 boa para isso, para que popula\u00e7\u00e3o tome conhecimento e fa\u00e7a seus questionamentos&#8221;, analisou.<\/p>\n<p><em><strong>Assessoria de Imprensa<\/strong><\/em><\/p>\n<p><em><strong>Fotos: Fot\u00f3grafos PMJ<\/strong><\/em><\/p>\n<p>&nbsp;<\/p>\n<p>&nbsp;<\/p>\n","protected":false},"excerpt":{"rendered":"<p>O Prefeito Luiz Fernando Machado detalhou todas as a\u00e7\u00f5es da administra\u00e7\u00e3o, como forma de valer na pr\u00e1tica o princ\u00edpio da transpar\u00eancia<\/p>\n","protected":false},"author":33,"featured_media":219127,"comment_status":"closed","ping_status":"closed","sticky":false,"template":"","format":"standard","meta":{"footnotes":""},"categories":[2],"tags":[66,58,854],"ods":[],"class_list":["post-219094","post","type-post","status-publish","format-standard","has-post-thumbnail","hentry","category-noticias","tag-dae","tag-prefeito","tag-prestacao-de-contas"],"_links":{"self":[{"href":"https:\/\/jundiai.sp.gov.br\/noticias\/wp-json\/wp\/v2\/posts\/219094","targetHints":{"allow":["GET"]}}],"collection":[{"href":"https:\/\/jundiai.sp.gov.br\/noticias\/wp-json\/wp\/v2\/posts"}],"about":[{"href":"https:\/\/jundiai.sp.gov.br\/noticias\/wp-json\/wp\/v2\/types\/post"}],"author":[{"embeddable":true,"href":"https:\/\/jundiai.sp.gov.br\/noticias\/wp-json\/wp\/v2\/users\/33"}],"replies":[{"embeddable":true,"href":"https:\/\/jundiai.sp.gov.br\/noticias\/wp-json\/wp\/v2\/comments?post=219094"}],"version-history":[{"count":12,"href":"https:\/\/jundiai.sp.gov.br\/noticias\/wp-json\/wp\/v2\/posts\/219094\/revisions"}],"predecessor-version":[{"id":219129,"href":"https:\/\/jundiai.sp.gov.br\/noticias\/wp-json\/wp\/v2\/posts\/219094\/revisions\/219129"}],"wp:featuredmedia":[{"embeddable":true,"href":"https:\/\/jundiai.sp.gov.br\/noticias\/wp-json\/wp\/v2\/media\/219127"}],"wp:attachment":[{"href":"https:\/\/jundiai.sp.gov.br\/noticias\/wp-json\/wp\/v2\/media?parent=219094"}],"wp:term":[{"taxonomy":"category","embeddable":true,"href":"https:\/\/jundiai.sp.gov.br\/noticias\/wp-json\/wp\/v2\/categories?post=219094"},{"taxonomy":"post_tag","embeddable":true,"href":"https:\/\/jundiai.sp.gov.br\/noticias\/wp-json\/wp\/v2\/tags?post=219094"},{"taxonomy":"ods","embeddable":true,"href":"https:\/\/jundiai.sp.gov.br\/noticias\/wp-json\/wp\/v2\/ods?post=219094"}],"curies":[{"name":"wp","href":"https:\/\/api.w.org\/{rel}","templated":true}]}}