{"id":219249,"date":"2018-07-18T12:20:32","date_gmt":"2018-07-18T15:20:32","guid":{"rendered":"https:\/\/jundiai.sp.gov.br\/noticias\/?p=219249"},"modified":"2018-07-18T12:20:32","modified_gmt":"2018-07-18T15:20:32","slug":"semana-do-agricultor-comeca-segunda-com-varias-atividades","status":"publish","type":"post","link":"https:\/\/jundiai.sp.gov.br\/noticias\/2018\/07\/18\/semana-do-agricultor-comeca-segunda-com-varias-atividades\/","title":{"rendered":"Semana do Agricultor come\u00e7a segunda com v\u00e1rias atividades"},"content":{"rendered":"<div id=\"attachment_219250\" style=\"width: 1250px\" class=\"wp-caption alignright\"><a href=\"https:\/\/jundiai.sp.gov.br\/noticias\/wp-content\/uploads\/sites\/32\/2018\/07\/plantacao_uva-145.jpg\"><img loading=\"lazy\" decoding=\"async\" aria-describedby=\"caption-attachment-219250\" class=\"size-full wp-image-219250\" src=\"https:\/\/jundiai.sp.gov.br\/noticias\/wp-content\/uploads\/sites\/32\/2018\/07\/plantacao_uva-145.jpg\" alt=\"\" width=\"1240\" height=\"852\" srcset=\"https:\/\/jundiai.sp.gov.br\/noticias\/wp-content\/uploads\/sites\/32\/2018\/07\/plantacao_uva-145.jpg 1240w, https:\/\/jundiai.sp.gov.br\/noticias\/wp-content\/uploads\/sites\/32\/2018\/07\/plantacao_uva-145-300x206.jpg 300w, https:\/\/jundiai.sp.gov.br\/noticias\/wp-content\/uploads\/sites\/32\/2018\/07\/plantacao_uva-145-768x528.jpg 768w, https:\/\/jundiai.sp.gov.br\/noticias\/wp-content\/uploads\/sites\/32\/2018\/07\/plantacao_uva-145-1160x797.jpg 1160w\" sizes=\"auto, (max-width: 1240px) 100vw, 1240px\" \/><\/a><p id=\"caption-attachment-219250\" class=\"wp-caption-text\">Semana do Agricultor come\u00e7a na segunda com v\u00e1rias atividades<\/p><\/div>\n<p><strong>Na pr\u00f3xima segunda-feira (23), a Unidade de Gest\u00e3o de Agroneg\u00f3cio, Abastecimento e Turismo (UGAT) dar\u00e1 in\u00edcio \u00e0 Semana do Agricultor Jundiaiense 2018, que conta com uma s\u00e9rie de atividades pensadas para valorizar o produtor local. A programa\u00e7\u00e3o conta com eventos t\u00e9cnicos, f\u00f3runs de discuss\u00e3o e missa, entre outras atividades.<\/strong><\/p>\n<p>A abertura ocorre na segunda, \u00e0s 8h, com uma reuni\u00e3o do prefeito com os gestores da Prefeitura no S\u00edtio S\u00e3o Ger\u00f4nimo, no bairro Jundia\u00ed Mirim. A ideia \u00e9 valorizar o agroneg\u00f3cio por meio de uma visita do chefe do Executivo a uma propriedade rural, conforme explica o gestor da UGAAT, Eduardo Alvarez. \u201cFaremos tamb\u00e9m a entrega da cartilha do Servi\u00e7o de Inspe\u00e7\u00e3o Municipal, os primeiros registros e a entrega do Selo de Qualidade do Departamento de Abastecimento\u201d, acrescenta.<\/p>\n<p><strong>LEIA TAMB\u00c9M<\/strong><br \/>\n<a href=\"https:\/\/jundiai.sp.gov.br\/noticias\/2018\/07\/10\/jundiai-sedia-segunda-edicao-do-forum-jovens-rurais\/\">Jundia\u00ed sedia segunda edi\u00e7\u00e3o do F\u00f3rum Jovens Rurais<\/a><\/p>\n<p>Na ter\u00e7a-feira (24), tem in\u00edcio os eventos t\u00e9cnicos, com palestras sobre o tema \u201cA \u00e1gua na agricultura\u201d, que ser\u00e3o realizadas entre 8h e 13h na Fazenda Ermida, bairro Eloy Chaves. Na ocasi\u00e3o, ser\u00e3o apresentadas aos produtores rurais as mais modernas t\u00e9cnicas de irriga\u00e7\u00e3o, com orienta\u00e7\u00f5es quanto aos novos procedimentos para obten\u00e7\u00e3o de dispensa ou outorga pelo uso da \u00e1gua.<\/p>\n<p>A programa\u00e7\u00e3o continua com a segunda edi\u00e7\u00e3o do F\u00f3rum Jovens Rurais, na quarta-feira (25), no Recanto Marquezin, bairro da Toca. O evento, realizado em parceria com a Embrapa, tem como objetivo aproximar as gera\u00e7\u00f5es de agricultores para discutir a sucess\u00e3o rural, al\u00e9m de promover um debate sobre novas ideias, anseios e desafios do setor. A a\u00e7\u00e3o \u00e9 voltada \u00e0 regi\u00e3o do Circuito das Frutas, com foco em Jundia\u00ed.<\/p>\n<p>Na quinta (26), o F\u00f3rum \u201cA for\u00e7a da mulher no agroneg\u00f3cio\u201d, realizado pela primeira vez no ano passado, ter\u00e1 a sua segunda edi\u00e7\u00e3o, das 14h \u00e0s 17h30, na Unidam (antigo Viveiro Municipal), que fica no Jardim Florestal. A programa\u00e7\u00e3o completa da Semana do Agricultor Jundiaiense pode ser conferida\u00a0<a href=\"https:\/\/jundiai.sp.gov.br\/programacao-semana-do-agricultor-jundiaiense\/\" target=\"_blank\" rel=\"noopener\">neste link<\/a>.<\/p>\n<p>\u00c9 importante destacar que todos os eventos s\u00e3o gratuitos. Para participar, no entanto, \u00e9 preciso fazer a inscri\u00e7\u00e3o por meio dos telefones (11) 4589-8581\/8872\/8692.<\/p>\n<p><em><strong>Assessoria de Imprensa<br \/>\n<\/strong><\/em><em><strong>Fotos: Fot\u00f3grafos PMJ<\/strong><\/em><\/p>\n","protected":false},"excerpt":{"rendered":"<p>Na pr\u00f3xima segunda-feira (23), a Unidade de Gest\u00e3o de Agroneg\u00f3cio, Abastecimento e Turismo (UGAT) dar\u00e1 in\u00edcio \u00e0 Semana do Agricultor Jundiaiense 2018, que conta com uma s\u00e9rie de atividades pensadas para valorizar o produtor local. A programa\u00e7\u00e3o conta com eventos t\u00e9cnicos, f\u00f3runs de discuss\u00e3o e missa, entre outras atividades. A abertura ocorre na segunda, \u00e0s [&hellip;]<\/p>\n","protected":false},"author":30,"featured_media":0,"comment_status":"closed","ping_status":"closed","sticky":false,"template":"","format":"standard","meta":{"footnotes":""},"categories":[2],"tags":[974,742],"ods":[],"class_list":["post-219249","post","type-post","status-publish","format-standard","hentry","category-noticias","tag-agronegocio-abastecimento-e-turismo","tag-unidade-de-desenvolvimento-ambiental-unidam"],"_links":{"self":[{"href":"https:\/\/jundiai.sp.gov.br\/noticias\/wp-json\/wp\/v2\/posts\/219249","targetHints":{"allow":["GET"]}}],"collection":[{"href":"https:\/\/jundiai.sp.gov.br\/noticias\/wp-json\/wp\/v2\/posts"}],"about":[{"href":"https:\/\/jundiai.sp.gov.br\/noticias\/wp-json\/wp\/v2\/types\/post"}],"author":[{"embeddable":true,"href":"https:\/\/jundiai.sp.gov.br\/noticias\/wp-json\/wp\/v2\/users\/30"}],"replies":[{"embeddable":true,"href":"https:\/\/jundiai.sp.gov.br\/noticias\/wp-json\/wp\/v2\/comments?post=219249"}],"version-history":[{"count":2,"href":"https:\/\/jundiai.sp.gov.br\/noticias\/wp-json\/wp\/v2\/posts\/219249\/revisions"}],"predecessor-version":[{"id":219252,"href":"https:\/\/jundiai.sp.gov.br\/noticias\/wp-json\/wp\/v2\/posts\/219249\/revisions\/219252"}],"wp:attachment":[{"href":"https:\/\/jundiai.sp.gov.br\/noticias\/wp-json\/wp\/v2\/media?parent=219249"}],"wp:term":[{"taxonomy":"category","embeddable":true,"href":"https:\/\/jundiai.sp.gov.br\/noticias\/wp-json\/wp\/v2\/categories?post=219249"},{"taxonomy":"post_tag","embeddable":true,"href":"https:\/\/jundiai.sp.gov.br\/noticias\/wp-json\/wp\/v2\/tags?post=219249"},{"taxonomy":"ods","embeddable":true,"href":"https:\/\/jundiai.sp.gov.br\/noticias\/wp-json\/wp\/v2\/ods?post=219249"}],"curies":[{"name":"wp","href":"https:\/\/api.w.org\/{rel}","templated":true}]}}