{"id":219273,"date":"2018-07-19T12:31:12","date_gmt":"2018-07-19T15:31:12","guid":{"rendered":"https:\/\/jundiai.sp.gov.br\/noticias\/?p=219273"},"modified":"2018-07-19T12:31:12","modified_gmt":"2018-07-19T15:31:12","slug":"proxima-reuniao-da-revisao-do-plano-diretor-sera-dia-3-de-agosto","status":"publish","type":"post","link":"https:\/\/jundiai.sp.gov.br\/noticias\/2018\/07\/19\/proxima-reuniao-da-revisao-do-plano-diretor-sera-dia-3-de-agosto\/","title":{"rendered":"Pr\u00f3xima reuni\u00e3o da Revis\u00e3o do Plano Diretor ser\u00e1 dia 3 de agosto"},"content":{"rendered":"<div id=\"attachment_219275\" style=\"width: 1290px\" class=\"wp-caption alignright\"><a href=\"https:\/\/jundiai.sp.gov.br\/noticias\/wp-content\/uploads\/sites\/32\/2018\/07\/plano_diretor-19.jpg\"><img loading=\"lazy\" decoding=\"async\" aria-describedby=\"caption-attachment-219275\" class=\"size-full wp-image-219275\" src=\"https:\/\/jundiai.sp.gov.br\/noticias\/wp-content\/uploads\/sites\/32\/2018\/07\/plano_diretor-19.jpg\" alt=\"\" width=\"1280\" height=\"805\" srcset=\"https:\/\/jundiai.sp.gov.br\/noticias\/wp-content\/uploads\/sites\/32\/2018\/07\/plano_diretor-19.jpg 1280w, https:\/\/jundiai.sp.gov.br\/noticias\/wp-content\/uploads\/sites\/32\/2018\/07\/plano_diretor-19-300x189.jpg 300w, https:\/\/jundiai.sp.gov.br\/noticias\/wp-content\/uploads\/sites\/32\/2018\/07\/plano_diretor-19-768x483.jpg 768w, https:\/\/jundiai.sp.gov.br\/noticias\/wp-content\/uploads\/sites\/32\/2018\/07\/plano_diretor-19-1160x730.jpg 1160w\" sizes=\"auto, (max-width: 1280px) 100vw, 1280px\" \/><\/a><p id=\"caption-attachment-219275\" class=\"wp-caption-text\">Plano Diretor teve reuni\u00e3o realizada na \u00faltima quarta-feira (18), no Pa\u00e7o Municipal<\/p><\/div>\n<p><strong>A s\u00edntese de toda a discuss\u00e3o feita nesses sete meses de Revis\u00e3o do Plano Diretor (Lei 8.6383\/2016) ser\u00e1 apresentada no pr\u00f3ximo dia 3 de agosto, ainda em local a ser definido pela Unidade de Gest\u00e3o de Planejamento Urbano e Meio Ambiente (UGPUMA). A informa\u00e7\u00e3o foi passada ao final da reuni\u00e3o, realizada na noite de quarta-feira (18), no audit\u00f3rio do Pa\u00e7o Municipal, que discutiu a regulariza\u00e7\u00e3o fundi\u00e1ria e as Zonas Especiais.<\/strong><\/p>\n<p><strong>LEIA TAMB\u00c9M<\/strong><br \/>\n<a href=\"https:\/\/jundiai.sp.gov.br\/noticias\/2018\/07\/16\/revisao-do-plano-diretor-discute-zonas-especiais-e-regularizacao-nesta-quarta-feira\/\">Revis\u00e3o do Plano Diretor discute Zonas Especiais e Regulariza\u00e7\u00e3o nesta quarta-feira<\/a><\/p>\n<p>Com grande participa\u00e7\u00e3o da popula\u00e7\u00e3o e da sociedade organizada, o encontro, na opini\u00e3o do gestor da UGPUMA, Sin\u00e9sio Scarabello, sintetiza o processo de revis\u00e3o. \u201cNa pr\u00f3xima reuni\u00e3o iremos apresentar tudo o que foi discutido, ou seja, zoneamentos, classifica\u00e7\u00e3o vi\u00e1rias, zonas especiais, enfim, o tema que concentra maior n\u00famero de demandas e arestas a ser aparadas ter\u00e1 um resumo apresentado. \u00c9 importante destacar a participa\u00e7\u00e3o da popula\u00e7\u00e3o, que favorece a discuss\u00e3o e enriquecimento do trabalho. A transpar\u00eancia do processo \u00e9 a s\u00edntese da revis\u00e3o\u201d, argumenta.<\/p>\n<p><strong>Habita\u00e7\u00e3o<br \/>\n<\/strong>Tanto a Regulariza\u00e7\u00e3o Fundi\u00e1ria quanto as Zonas Especiais, que contemplam as Zonas de Interesse Social est\u00e3o relacionadas com o assunto habita\u00e7\u00e3o. A superintendente da Funda\u00e7\u00e3o Municipal de A\u00e7\u00e3o Social (Fumas) Solange Aparecida Marques, participou do encontro e esclareceu d\u00favidas apontadas pelos participantes com rela\u00e7\u00e3o a n\u00facleos de submoradias.<\/p>\n<p>As propostas inclu\u00eddas pela comunidade para as melhorias na legisla\u00e7\u00e3o est\u00e3o dispon\u00edveis no link\u00a0<a href=\"https:\/\/planodiretor.jundiai.sp.gov.br\/\">do Plano Diretor Participativo.<\/a><\/p>\n<p><em><strong>Assessoria de Imprensa<br \/>\n<\/strong><\/em><em><strong>Foto: Fot\u00f3grafos PMJ<\/strong><\/em><\/p>\n","protected":false},"excerpt":{"rendered":"<p>A s\u00edntese de toda a discuss\u00e3o feita nesses sete meses de Revis\u00e3o do Plano Diretor (Lei 8.6383\/2016) ser\u00e1 apresentada no pr\u00f3ximo dia 3 de agosto, ainda em local a ser definido pela Unidade de Gest\u00e3o de Planejamento Urbano e Meio Ambiente (UGPUMA). A informa\u00e7\u00e3o foi passada ao final da reuni\u00e3o, realizada na noite de quarta-feira [&hellip;]<\/p>\n","protected":false},"author":30,"featured_media":0,"comment_status":"closed","ping_status":"closed","sticky":false,"template":"","format":"standard","meta":{"footnotes":""},"categories":[2],"tags":[49,984,559],"ods":[],"class_list":["post-219273","post","type-post","status-publish","format-standard","hentry","category-noticias","tag-fundacao-municipal-de-acao-social-fumas","tag-planejamento-urbano-e-meio-ambiente","tag-plano-diretor-participativo"],"_links":{"self":[{"href":"https:\/\/jundiai.sp.gov.br\/noticias\/wp-json\/wp\/v2\/posts\/219273","targetHints":{"allow":["GET"]}}],"collection":[{"href":"https:\/\/jundiai.sp.gov.br\/noticias\/wp-json\/wp\/v2\/posts"}],"about":[{"href":"https:\/\/jundiai.sp.gov.br\/noticias\/wp-json\/wp\/v2\/types\/post"}],"author":[{"embeddable":true,"href":"https:\/\/jundiai.sp.gov.br\/noticias\/wp-json\/wp\/v2\/users\/30"}],"replies":[{"embeddable":true,"href":"https:\/\/jundiai.sp.gov.br\/noticias\/wp-json\/wp\/v2\/comments?post=219273"}],"version-history":[{"count":3,"href":"https:\/\/jundiai.sp.gov.br\/noticias\/wp-json\/wp\/v2\/posts\/219273\/revisions"}],"predecessor-version":[{"id":219277,"href":"https:\/\/jundiai.sp.gov.br\/noticias\/wp-json\/wp\/v2\/posts\/219273\/revisions\/219277"}],"wp:attachment":[{"href":"https:\/\/jundiai.sp.gov.br\/noticias\/wp-json\/wp\/v2\/media?parent=219273"}],"wp:term":[{"taxonomy":"category","embeddable":true,"href":"https:\/\/jundiai.sp.gov.br\/noticias\/wp-json\/wp\/v2\/categories?post=219273"},{"taxonomy":"post_tag","embeddable":true,"href":"https:\/\/jundiai.sp.gov.br\/noticias\/wp-json\/wp\/v2\/tags?post=219273"},{"taxonomy":"ods","embeddable":true,"href":"https:\/\/jundiai.sp.gov.br\/noticias\/wp-json\/wp\/v2\/ods?post=219273"}],"curies":[{"name":"wp","href":"https:\/\/api.w.org\/{rel}","templated":true}]}}