{"id":219360,"date":"2018-07-20T16:49:33","date_gmt":"2018-07-20T19:49:33","guid":{"rendered":"https:\/\/jundiai.sp.gov.br\/noticias\/?p=219360"},"modified":"2018-07-20T16:50:56","modified_gmt":"2018-07-20T19:50:56","slug":"hepatite-cta-oferta-testes-rapidos-pelo-julho-amarelo","status":"publish","type":"post","link":"https:\/\/jundiai.sp.gov.br\/noticias\/2018\/07\/20\/hepatite-cta-oferta-testes-rapidos-pelo-julho-amarelo\/","title":{"rendered":"Hepatite: CTA oferta testes r\u00e1pidos pelo Julho Amarelo"},"content":{"rendered":"<p><strong>A Unidade de Gest\u00e3o de Promo\u00e7\u00e3o da Sa\u00fade (UPGS), por meio do Programa Municipal de IST\/AIDS e Hepatites Virais e do Centro de Testagem e Aconselhamento (CTA), promove a Campanha Julho Amarelo de Luta contra as Hepatites Virais, a partir de segunda-feira (23) at\u00e9 o final do m\u00eas, com a oferta de testes r\u00e1pidos para a doen\u00e7a. A iniciativa tem por objetivo a conscientiza\u00e7\u00e3o sobre a preven\u00e7\u00e3o, diagn\u00f3stico e tratamento da doen\u00e7a, que, se tratada adequadamente, tem alto \u00edndice de cura.<\/strong><\/p>\n<div id=\"attachment_219361\" style=\"width: 1333px\" class=\"wp-caption alignright\"><a href=\"https:\/\/jundiai.sp.gov.br\/noticias\/wp-content\/uploads\/sites\/32\/2018\/07\/hepatite-21.jpg\"><img loading=\"lazy\" decoding=\"async\" aria-describedby=\"caption-attachment-219361\" class=\"size-full wp-image-219361\" src=\"https:\/\/jundiai.sp.gov.br\/noticias\/wp-content\/uploads\/sites\/32\/2018\/07\/hepatite-21.jpg\" alt=\"\" width=\"1323\" height=\"882\" srcset=\"https:\/\/jundiai.sp.gov.br\/noticias\/wp-content\/uploads\/sites\/32\/2018\/07\/hepatite-21.jpg 1323w, https:\/\/jundiai.sp.gov.br\/noticias\/wp-content\/uploads\/sites\/32\/2018\/07\/hepatite-21-300x200.jpg 300w, https:\/\/jundiai.sp.gov.br\/noticias\/wp-content\/uploads\/sites\/32\/2018\/07\/hepatite-21-768x512.jpg 768w, https:\/\/jundiai.sp.gov.br\/noticias\/wp-content\/uploads\/sites\/32\/2018\/07\/hepatite-21-1160x773.jpg 1160w\" sizes=\"auto, (max-width: 1323px) 100vw, 1323px\" \/><\/a><p id=\"caption-attachment-219361\" class=\"wp-caption-text\">Teste r\u00e1pido para hepatite \u00e9 ofertado das 7h \u00e0s 17h no CTA entre os dias 23 e 31<\/p><\/div>\n<p>Em Jundia\u00ed, de 2007 a maio de 2018 foram notificados, em residentes no munic\u00edpio, 292 casos de hepatite B (177 homens e 115 mulheres) e 676 casos de hepatite C (452 homens e 224 mulheres). Al\u00e9m disso, foram notificados 28 casos de coinfec\u00e7\u00e3o por hepatite B e C (17 homens e 11 mulheres). A faixa et\u00e1ria que acumula maior n\u00famero de notifica\u00e7\u00f5es \u00e9 entre 30 a 69 anos. No AMI, que atende Jundia\u00ed e regi\u00e3o, 111 pacientes com hepatite B cr\u00f4nica fazem seguimento medicamentoso e 260 pacientes de hepatite C cr\u00f4nica realizaram tratamento com as novas medica\u00e7\u00f5es disponibilizadas pelo Minist\u00e9rio da Sa\u00fade. Entre estes, 242 j\u00e1 apresentaram cura confirmada.<\/p>\n<p><strong>LEIA TAMB\u00c9M<\/strong><br \/>\n<a href=\"https:\/\/jundiai.sp.gov.br\/noticias\/2018\/07\/19\/zoonoses-faz-vistorias-em-parques-e-jardins\/\">Zoonoses faz vistorias em Parques e Jardins<\/a><br \/>\n<a href=\"https:\/\/jundiai.sp.gov.br\/noticias\/2018\/07\/18\/sistema-jundiaiense-de-saude-e-modelo-para-sao-jose-do-rio-preto\/\">Sistema jundiaiense de Sa\u00fade \u00e9 modelo para S\u00e3o Jos\u00e9 do Rio Preto<\/a><\/p>\n<p>No entanto, apesar dos progn\u00f3sticos positivos com a descoberta e o tratamento, a falta de conhecimento da doen\u00e7a compromete o resultado. \u201cAs\u00a0hepatites\u00a0virais s\u00f3 apresentam sintomas em casos avan\u00e7ados, por isso, a import\u00e2ncia da testagem na popula\u00e7\u00e3o. A\u00a0hepatite\u00a0B e C cr\u00f4nicas s\u00e3o trat\u00e1veis, sendo a C, com 93% de cura, com tempo de tratamento vari\u00e1vel entre 3 e 6 meses, e a B, control\u00e1vel com medica\u00e7\u00e3o, podendo tamb\u00e9m evoluir para cura, dependendo do grau de comprometimento do f\u00edgado.\u00a0A contamina\u00e7\u00e3o se d\u00e1 pelo contato com sangue de pessoas com o v\u00edrus, sexo, uso de drogas, transfus\u00f5es e les\u00f5es por objetos perfurocortantes\u201d, detalha a gerente do CTA, Maria de Lurdes Munhoz.<\/p>\n<p><strong>Campanha<br \/>\n<\/strong>A campanha Julho Amarelo \u00e9 importante para lembrar a popula\u00e7\u00e3o sobre a necessidade de fazer o teste e, em caso de identifica\u00e7\u00e3o das doen\u00e7as, ter o encaminhamento realizado para o tratamento, que \u00e9 gratuito, oferecido pelo Minist\u00e9rio da Sa\u00fade.\u00a0O exame para a doen\u00e7a \u00e9 realizado durante o ano todo, tanto nas Unidades B\u00e1sica de Sa\u00fade (UBS) quanto no CTA. Neste m\u00eas dedicado \u00e0 conscientiza\u00e7\u00e3o, contudo, \u00e9 ofertado o teste r\u00e1pido em todas as UBSs, conforme hor\u00e1rios disponibilizados em cada unidade e no CTA (das 7h \u00e0s 17h).<\/p>\n<p>A popula\u00e7\u00e3o-alvo da Campanha \u00e9 formada por pessoas que passaram por transfus\u00e3o sangu\u00ednea e\/ou fizeram procedimentos dent\u00e1rios, cirurgias ou inje\u00e7\u00f5es antes de 1993, al\u00e9m de pessoas classificadas com o vulner\u00e1veis (que realizaram tatuagens e piercings; parceiros sexuais e domiciliares de pessoas com hepatite B e C; usu\u00e1rios de drogas; pessoas privadas de liberdade; com doen\u00e7a renal cr\u00f4nica ou em di\u00e1lise e trabalhadores da \u00e1rea de sa\u00fade).<\/p>\n<p><em><strong>Assessoria de Imprensa<br \/>\n<\/strong><\/em><em><strong>Fotos: Fot\u00f3grafos PMJ<\/strong><\/em><\/p>\n","protected":false},"excerpt":{"rendered":"<p>Objetivo \u00e9 a conscientiza\u00e7\u00e3o sobre preven\u00e7\u00e3o, diagn\u00f3stico e tratamento da doen\u00e7a, que, se tratada, tem alto \u00edndice de cura<\/p>\n","protected":false},"author":30,"featured_media":219365,"comment_status":"closed","ping_status":"closed","sticky":false,"template":"","format":"standard","meta":{"footnotes":""},"categories":[2],"tags":[828,981],"ods":[],"class_list":["post-219360","post","type-post","status-publish","format-standard","has-post-thumbnail","hentry","category-noticias","tag-centro-de-testagem-e-aconselhamento-cta","tag-promocao-da-saude"],"_links":{"self":[{"href":"https:\/\/jundiai.sp.gov.br\/noticias\/wp-json\/wp\/v2\/posts\/219360","targetHints":{"allow":["GET"]}}],"collection":[{"href":"https:\/\/jundiai.sp.gov.br\/noticias\/wp-json\/wp\/v2\/posts"}],"about":[{"href":"https:\/\/jundiai.sp.gov.br\/noticias\/wp-json\/wp\/v2\/types\/post"}],"author":[{"embeddable":true,"href":"https:\/\/jundiai.sp.gov.br\/noticias\/wp-json\/wp\/v2\/users\/30"}],"replies":[{"embeddable":true,"href":"https:\/\/jundiai.sp.gov.br\/noticias\/wp-json\/wp\/v2\/comments?post=219360"}],"version-history":[{"count":8,"href":"https:\/\/jundiai.sp.gov.br\/noticias\/wp-json\/wp\/v2\/posts\/219360\/revisions"}],"predecessor-version":[{"id":219370,"href":"https:\/\/jundiai.sp.gov.br\/noticias\/wp-json\/wp\/v2\/posts\/219360\/revisions\/219370"}],"wp:featuredmedia":[{"embeddable":true,"href":"https:\/\/jundiai.sp.gov.br\/noticias\/wp-json\/wp\/v2\/media\/219365"}],"wp:attachment":[{"href":"https:\/\/jundiai.sp.gov.br\/noticias\/wp-json\/wp\/v2\/media?parent=219360"}],"wp:term":[{"taxonomy":"category","embeddable":true,"href":"https:\/\/jundiai.sp.gov.br\/noticias\/wp-json\/wp\/v2\/categories?post=219360"},{"taxonomy":"post_tag","embeddable":true,"href":"https:\/\/jundiai.sp.gov.br\/noticias\/wp-json\/wp\/v2\/tags?post=219360"},{"taxonomy":"ods","embeddable":true,"href":"https:\/\/jundiai.sp.gov.br\/noticias\/wp-json\/wp\/v2\/ods?post=219360"}],"curies":[{"name":"wp","href":"https:\/\/api.w.org\/{rel}","templated":true}]}}