{"id":219419,"date":"2018-07-23T13:44:36","date_gmt":"2018-07-23T16:44:36","guid":{"rendered":"https:\/\/jundiai.sp.gov.br\/noticias\/?p=219419"},"modified":"2018-07-23T16:51:44","modified_gmt":"2018-07-23T19:51:44","slug":"prefeitura-lanca-selo-de-qualidade-para-feirantes-e-empreendedores","status":"publish","type":"post","link":"https:\/\/jundiai.sp.gov.br\/noticias\/2018\/07\/23\/prefeitura-lanca-selo-de-qualidade-para-feirantes-e-empreendedores\/","title":{"rendered":"Prefeitura lan\u00e7a selo de qualidade para feirantes e empreendedores"},"content":{"rendered":"<div id=\"attachment_219424\" style=\"width: 1290px\" class=\"wp-caption alignright\"><a href=\"https:\/\/jundiai.sp.gov.br\/noticias\/wp-content\/uploads\/sites\/32\/2018\/07\/reuniao-de-plataforma-381.jpg\"><img loading=\"lazy\" decoding=\"async\" aria-describedby=\"caption-attachment-219424\" class=\"size-full wp-image-219424\" src=\"https:\/\/jundiai.sp.gov.br\/noticias\/wp-content\/uploads\/sites\/32\/2018\/07\/reuniao-de-plataforma-381.jpg\" alt=\"\" width=\"1280\" height=\"1156\" srcset=\"https:\/\/jundiai.sp.gov.br\/noticias\/wp-content\/uploads\/sites\/32\/2018\/07\/reuniao-de-plataforma-381.jpg 1280w, https:\/\/jundiai.sp.gov.br\/noticias\/wp-content\/uploads\/sites\/32\/2018\/07\/reuniao-de-plataforma-381-300x271.jpg 300w, https:\/\/jundiai.sp.gov.br\/noticias\/wp-content\/uploads\/sites\/32\/2018\/07\/reuniao-de-plataforma-381-768x694.jpg 768w, https:\/\/jundiai.sp.gov.br\/noticias\/wp-content\/uploads\/sites\/32\/2018\/07\/reuniao-de-plataforma-381-1063x960.jpg 1063w\" sizes=\"auto, (max-width: 1280px) 100vw, 1280px\" \/><\/a><p id=\"caption-attachment-219424\" class=\"wp-caption-text\">A empreendedora Sirley recebeu o seu selo das m\u00e3os do prefeito Luiz Fernando Machado<\/p><\/div>\n<p><strong>A Unidade de Gest\u00e3o de Agroneg\u00f3cio, Abastecimento e Turismo (UGAAT) lan\u00e7ou, na manh\u00e3 desta segunda-feira (23), duas novidades bastante aguardadas pelos agricultores jundiaienses: o Selo de Qualidade do Abastecimento e a cartilha do Servi\u00e7o de Inspe\u00e7\u00e3o Municipal (SIM). O evento de lan\u00e7amento, realizado no S\u00edtio S\u00e3o Ger\u00f4nimo, no Jundia\u00ed Mirim, abriu a Semana do Agricultor Jundiaiense, que tem uma s\u00e9rie de atividades em sua programa\u00e7\u00e3o.<\/strong><\/p>\n<p>Para o gestor da UGAAT, Eduardo Alvarez, trata-se de um momento divisor de \u00e1guas para o agroneg\u00f3cio local. \u201cA certifica\u00e7\u00e3o \u00e9 uma tend\u00eancia nacional, uma vez que os consumidores est\u00e3o cada vez mais exigentes. O selo vai agregar valor aos produtos e dar\u00e1 seguran\u00e7a tamb\u00e9m para os consumidores, que ter\u00e3o a certeza de que est\u00e3o adquirindo itens feitos com qualidade\u201d, afirmou. O selo \u00e9 dividido em quatro n\u00edveis: bronze, prata, ouro e diamante.<\/p>\n<p><strong>LEIA TAMB\u00c9M<\/strong><br \/>\n<a href=\"https:\/\/jundiai.sp.gov.br\/noticias\/2018\/07\/20\/feira-do-vera-cruz-passa-a-integrar-varejao-do-santa-gertrudes\/\">Feira do Vera Cruz passa a integrar Varej\u00e3o do Santa Gertrudes<\/a><br \/>\n<a href=\"https:\/\/jundiai.sp.gov.br\/noticias\/2018\/07\/18\/semana-do-agricultor-comeca-segunda-com-varias-atividades\/\">Semana do Agricultor come\u00e7a segunda com v\u00e1rias atividades<\/a><\/p>\n<p><div id=\"attachment_219430\" style=\"width: 410px\" class=\"wp-caption alignright\"><a href=\"https:\/\/jundiai.sp.gov.br\/noticias\/wp-content\/uploads\/sites\/32\/2018\/07\/reuniao-de-plataforma-309.jpg\"><img loading=\"lazy\" decoding=\"async\" aria-describedby=\"caption-attachment-219430\" src=\"https:\/\/jundiai.sp.gov.br\/noticias\/wp-content\/uploads\/sites\/32\/2018\/07\/reuniao-de-plataforma-309.jpg\" alt=\"\" width=\"400\" height=\"350\" class=\"size-full wp-image-219430\" \/><\/a><p id=\"caption-attachment-219430\" class=\"wp-caption-text\">A produtora de hortali\u00e7as Rosemeire Bianchim recebeu o selo prata de Abastecimento<br \/><\/p><\/div>Uma das contempladas com o selo foi a empreendedora Sirley Godoi Bueno Homan, que vende churros nos varej\u00f5es do Agapeama e do Anhangaba\u00fa. \u201c\u00c9 uma iniciativa muito importante porque valoriza o nosso trabalho e profissionaliza o setor. Minha barraca \u00e9 pequena, mas vou arrumar um lugar para deixar o selo exposto aos meus clientes\u201d, contou.<\/p>\n<p>Presente ao lan\u00e7amento, o prefeito Luiz Fernando Machado lembrou que o setor agr\u00edcola tem uma import\u00e2ncia muito grande para a cidade n\u00e3o s\u00f3 no que se refere aos aspectos econ\u00f4micos. \u201cN\u00e3o podemos esquecer da quest\u00e3o da sustentabilidade, que \u00e9 muito respeitada pelos produtores locais\u201d, disse. \u201cNossa Administra\u00e7\u00e3o reconhece a for\u00e7a do agroneg\u00f3cio, tanto que ampliamos a \u00e1rea de produ\u00e7\u00e3o na horta do Vale Verde, na Etec Benedito Storani, para atender \u00e0s nossas escolas municipais\u201d, completou.<\/p>\n<p>Dono do s\u00edtio onde foi realizada a abertura da Semana e produtor de vinho e outras frutas, Jo\u00e3o Bardi ressaltou a relev\u00e2ncia de iniciativas como essa. \u201cTudo o que for feito para profissionalizar e unir os produtores \u00e9 muito positivo\u201d, comentou.<\/p>\n<p>O Selo de Qualidade do Abastecimento foi entregue a 14 pessoas, entre feirantes e empreendedores. J\u00e1 a cartilha e o registro do SIM foi entregue a cinco empres\u00e1rios. O registro no SIM \u00e9 obrigat\u00f3rio para todas as empresas que processam alimentos de origem animal no Munic\u00edpio. Segundo Alvarez, outros permission\u00e1rios e empreendedores passam atualmente por um processo de avalia\u00e7\u00e3o para obter a certifica\u00e7\u00e3o.<\/p>\n<p><em><strong>Assessoria de Imprensa<br \/>\n<\/strong><\/em><em><strong>Fotos: Fot\u00f3grafos PMJ<\/strong><\/em><\/p>\n","protected":false},"excerpt":{"rendered":"<p>O evento de lan\u00e7amento, realizado no S\u00edtio S\u00e3o Ger\u00f4nimo, no Jundia\u00ed Mirim, abriu a Semana do Agricultor Jundiaiense<\/p>\n","protected":false},"author":30,"featured_media":219423,"comment_status":"closed","ping_status":"closed","sticky":false,"template":"","format":"standard","meta":{"footnotes":""},"categories":[2],"tags":[974,58],"ods":[],"class_list":["post-219419","post","type-post","status-publish","format-standard","has-post-thumbnail","hentry","category-noticias","tag-agronegocio-abastecimento-e-turismo","tag-prefeito"],"_links":{"self":[{"href":"https:\/\/jundiai.sp.gov.br\/noticias\/wp-json\/wp\/v2\/posts\/219419","targetHints":{"allow":["GET"]}}],"collection":[{"href":"https:\/\/jundiai.sp.gov.br\/noticias\/wp-json\/wp\/v2\/posts"}],"about":[{"href":"https:\/\/jundiai.sp.gov.br\/noticias\/wp-json\/wp\/v2\/types\/post"}],"author":[{"embeddable":true,"href":"https:\/\/jundiai.sp.gov.br\/noticias\/wp-json\/wp\/v2\/users\/30"}],"replies":[{"embeddable":true,"href":"https:\/\/jundiai.sp.gov.br\/noticias\/wp-json\/wp\/v2\/comments?post=219419"}],"version-history":[{"count":8,"href":"https:\/\/jundiai.sp.gov.br\/noticias\/wp-json\/wp\/v2\/posts\/219419\/revisions"}],"predecessor-version":[{"id":219431,"href":"https:\/\/jundiai.sp.gov.br\/noticias\/wp-json\/wp\/v2\/posts\/219419\/revisions\/219431"}],"wp:featuredmedia":[{"embeddable":true,"href":"https:\/\/jundiai.sp.gov.br\/noticias\/wp-json\/wp\/v2\/media\/219423"}],"wp:attachment":[{"href":"https:\/\/jundiai.sp.gov.br\/noticias\/wp-json\/wp\/v2\/media?parent=219419"}],"wp:term":[{"taxonomy":"category","embeddable":true,"href":"https:\/\/jundiai.sp.gov.br\/noticias\/wp-json\/wp\/v2\/categories?post=219419"},{"taxonomy":"post_tag","embeddable":true,"href":"https:\/\/jundiai.sp.gov.br\/noticias\/wp-json\/wp\/v2\/tags?post=219419"},{"taxonomy":"ods","embeddable":true,"href":"https:\/\/jundiai.sp.gov.br\/noticias\/wp-json\/wp\/v2\/ods?post=219419"}],"curies":[{"name":"wp","href":"https:\/\/api.w.org\/{rel}","templated":true}]}}