{"id":219673,"date":"2018-07-27T18:30:09","date_gmt":"2018-07-27T21:30:09","guid":{"rendered":"https:\/\/jundiai.sp.gov.br\/noticias\/?p=219673"},"modified":"2019-10-03T10:53:40","modified_gmt":"2019-10-03T13:53:40","slug":"cras-tem-atividades-da-semana-do-bebe-e-do-aleitamento-materno","status":"publish","type":"post","link":"https:\/\/jundiai.sp.gov.br\/noticias\/2018\/07\/27\/cras-tem-atividades-da-semana-do-bebe-e-do-aleitamento-materno\/","title":{"rendered":"Cras t\u00eam atividades da Semana do Beb\u00ea e do Aleitamento Materno"},"content":{"rendered":"<p><strong>Os Centros de Refer\u00eancia de Assist\u00eancia Social (Cras) realizam entre os dias 1\u00ba e 7 de agosto atividades referentes \u00e0 Semana do Beb\u00ea e Semana do Aleitamento Materno. A programa\u00e7\u00e3o de incentivo ao aleitamento materno, cujo tema deste ano \u00e9 \u201cAmamenta\u00e7\u00e3o \u00e9 a base da vida\u201d, come\u00e7a em Jundia\u00ed j\u00e1 no dia 31 de julho, \u00e0s 18h, com a apresenta\u00e7\u00e3o art\u00edstica, um \u201cmama\u00e7o\u201d, exposi\u00e7\u00e3o de fotos, roda de conversa e palestras no Teatro Polytheama.<\/strong><\/p>\n<p><strong>LEIA TAMB\u00c9M<\/strong><br \/>\n<a href=\"https:\/\/jundiai.sp.gov.br\/noticias\/2018\/07\/24\/conselho-de-assistencia-social-elege-novos-membros-da-sociedade-civil\/\">Conselho de Assist\u00eancia Social elege novos membros da sociedade civil<\/a><\/p>\n<p>Durante a semana, os visitadores do programa federal Crian\u00e7a Feliz refor\u00e7ar\u00e3o em suas visitas domiciliares pelos territ\u00f3rios de atendimento dos Cras a import\u00e2ncia do aleitamento materno, j\u00e1 que o programa est\u00e1 voltado para o atendimento de beb\u00eas e crian\u00e7as de zero a tr\u00eas anos (ou at\u00e9 seis anos para o caso de crian\u00e7as com defici\u00eancia). No Munic\u00edpio, o programa \u00e9 articulado com o S\u00e3o Paulo pela Primeir\u00edssima Inf\u00e2ncia, que tem o incentivo \u00e0 amamenta\u00e7\u00e3o como um de seus eixos.<\/p>\n<div id=\"attachment_219675\" style=\"width: 1290px\" class=\"wp-caption alignright\"><a href=\"https:\/\/jundiai.sp.gov.br\/noticias\/wp-content\/uploads\/sites\/32\/2018\/07\/bebe_amamentacao.jpg\"><img loading=\"lazy\" decoding=\"async\" aria-describedby=\"caption-attachment-219675\" class=\"size-full wp-image-219675\" src=\"https:\/\/jundiai.sp.gov.br\/noticias\/wp-content\/uploads\/sites\/32\/2018\/07\/bebe_amamentacao.jpg\" alt=\"\" width=\"1280\" height=\"850\" srcset=\"https:\/\/jundiai.sp.gov.br\/noticias\/wp-content\/uploads\/sites\/32\/2018\/07\/bebe_amamentacao.jpg 1280w, https:\/\/jundiai.sp.gov.br\/noticias\/wp-content\/uploads\/sites\/32\/2018\/07\/bebe_amamentacao-300x199.jpg 300w, https:\/\/jundiai.sp.gov.br\/noticias\/wp-content\/uploads\/sites\/32\/2018\/07\/bebe_amamentacao-768x510.jpg 768w, https:\/\/jundiai.sp.gov.br\/noticias\/wp-content\/uploads\/sites\/32\/2018\/07\/bebe_amamentacao-1160x770.jpg 1160w\" sizes=\"auto, (max-width: 1280px) 100vw, 1280px\" \/><\/a><p id=\"caption-attachment-219675\" class=\"wp-caption-text\">As Unidade de Gest\u00e3o de Assist\u00eancia e Desenvolvimento Social, de Promo\u00e7\u00e3o da Sa\u00fade e de Educa\u00e7\u00e3o est\u00e3o envolvidas na programa\u00e7\u00e3o<\/p><\/div>\n<p><strong>Programa\u00e7\u00e3o<\/strong><br \/>\nNo Cras Vista Alegre (CEU das Artes \u2013 rua Cabo Edivaldo Quirino Santana, 110, Vista Alegre \u2013 telefone 4815-3662), a equipe do Crian\u00e7a Feliz realiza no dia 1\u00b0, \u00e0s 14h, a oficina \u201cToque da borboleta\u201d, de massagem para beb\u00eas e crian\u00e7as. J\u00e1 no dia 02, \u00e0s 14h, o Cras recebe a atividade da Emeb Angela Bagne, do Rio Acima, uma palestra sobre o afeto na comunica\u00e7\u00e3o com beb\u00eas<\/p>\n<p>No Cras Tamoio (rua Manoel Almeida Curado, 137, Jardim Tamoio \u2013 telefone 4527-3900) haver\u00e1 no dia 03, \u00e0s 14h, a transmiss\u00e3o de v\u00eddeo sobre amamenta\u00e7\u00e3o e uma confraterniza\u00e7\u00e3o com as fam\u00edlias que frequentam o equipamento.<\/p>\n<p>No Cras Novo Horizonte (avenida Prof\u00aa. Danielle Louren\u00e7on, 561, Novo Horizonte \u2013 telefone 4817-3998), haver\u00e1 uma oficina de potes de calma no dia 02, \u00e0s 13h, e uma oficina de massagens Toque de Borboleta com a equipe do Crian\u00e7a Feliz no dia 03. O Cras promove ainda nesta segunda-feira (30) na Unidade B\u00e1sica de Sa\u00fade do bairro (rua Jos\u00e9 Ribeiro Barbosa, 20 \u2013 telefone 4815 1516) uma palestra com a psic\u00f3loga Juliana Sim\u00f5es sobre a import\u00e2ncia dos primeiros mil dias na vida da crian\u00e7a.<\/p>\n<p>O Cras S\u00e3o Camilo (rua Rio de Janeiro, 808, Jardim Tarum\u00e3 \u2013 telefone 4526-8609) realiza na UBS do bairro (rua Pedro Ravanhani, 298 \u2013 telefone 4526 2108) no dia 1\u00ba de agosto, \u00e0s 14h, uma palestra com a presen\u00e7a de um psic\u00f3logo e de uma fonoaudi\u00f3loga sobre amamenta\u00e7\u00e3o para o grupo de gestantes do equipamento. J\u00e1 no dia 02 de agosto, \u00e0s 9h, a UBS recebe ainda uma roda de conversa sobre amamenta\u00e7\u00e3o e desenvolvimento infantil.<\/p>\n<p>Os Cras s\u00e3o equipamentos da Unidade de Gest\u00e3o de Assist\u00eancia e Desenvolvimento Social (UGADS), que realiza os eventos da programa\u00e7\u00e3o em parceria com as Unidades de Gest\u00e3o de Promo\u00e7\u00e3o da Sa\u00fade (UGPS) e de Educa\u00e7\u00e3o (UGE) em diversos pontos do Munic\u00edpio.<\/p>\n<p><strong><em>Assessoria de Imprensa<br \/>\nFoto: Fot\u00f3grafos PM<\/em>J<\/strong><\/p>\n","protected":false},"excerpt":{"rendered":"<p>Evento come\u00e7a no dia 31 de julho, com a apresenta\u00e7\u00e3o art\u00edstica, um \u201cmama\u00e7o\u201d, exposi\u00e7\u00e3o de fotos, roda de conversa e palestras no Teatro Polytheama<\/p>\n","protected":false},"author":30,"featured_media":219678,"comment_status":"closed","ping_status":"closed","sticky":false,"template":"","format":"standard","meta":{"footnotes":""},"categories":[2],"tags":[980,664,1287,720],"ods":[],"class_list":["post-219673","post","type-post","status-publish","format-standard","has-post-thumbnail","hentry","category-noticias","tag-assistencia-e-desenvolvimento-social","tag-centro-de-referencia-de-assistencia-social-cras","tag-crianca-feliz","tag-semana-do-bebe"],"_links":{"self":[{"href":"https:\/\/jundiai.sp.gov.br\/noticias\/wp-json\/wp\/v2\/posts\/219673","targetHints":{"allow":["GET"]}}],"collection":[{"href":"https:\/\/jundiai.sp.gov.br\/noticias\/wp-json\/wp\/v2\/posts"}],"about":[{"href":"https:\/\/jundiai.sp.gov.br\/noticias\/wp-json\/wp\/v2\/types\/post"}],"author":[{"embeddable":true,"href":"https:\/\/jundiai.sp.gov.br\/noticias\/wp-json\/wp\/v2\/users\/30"}],"replies":[{"embeddable":true,"href":"https:\/\/jundiai.sp.gov.br\/noticias\/wp-json\/wp\/v2\/comments?post=219673"}],"version-history":[{"count":8,"href":"https:\/\/jundiai.sp.gov.br\/noticias\/wp-json\/wp\/v2\/posts\/219673\/revisions"}],"predecessor-version":[{"id":219683,"href":"https:\/\/jundiai.sp.gov.br\/noticias\/wp-json\/wp\/v2\/posts\/219673\/revisions\/219683"}],"wp:featuredmedia":[{"embeddable":true,"href":"https:\/\/jundiai.sp.gov.br\/noticias\/wp-json\/wp\/v2\/media\/219678"}],"wp:attachment":[{"href":"https:\/\/jundiai.sp.gov.br\/noticias\/wp-json\/wp\/v2\/media?parent=219673"}],"wp:term":[{"taxonomy":"category","embeddable":true,"href":"https:\/\/jundiai.sp.gov.br\/noticias\/wp-json\/wp\/v2\/categories?post=219673"},{"taxonomy":"post_tag","embeddable":true,"href":"https:\/\/jundiai.sp.gov.br\/noticias\/wp-json\/wp\/v2\/tags?post=219673"},{"taxonomy":"ods","embeddable":true,"href":"https:\/\/jundiai.sp.gov.br\/noticias\/wp-json\/wp\/v2\/ods?post=219673"}],"curies":[{"name":"wp","href":"https:\/\/api.w.org\/{rel}","templated":true}]}}