{"id":219743,"date":"2018-07-30T12:16:28","date_gmt":"2018-07-30T15:16:28","guid":{"rendered":"https:\/\/jundiai.sp.gov.br\/noticias\/?p=219743"},"modified":"2018-07-30T12:16:28","modified_gmt":"2018-07-30T15:16:28","slug":"estudantes-da-rede-municipal-conhecem-funcionamento-do-geresol","status":"publish","type":"post","link":"https:\/\/jundiai.sp.gov.br\/noticias\/2018\/07\/30\/estudantes-da-rede-municipal-conhecem-funcionamento-do-geresol\/","title":{"rendered":"Estudantes da rede municipal conhecem funcionamento do Geresol"},"content":{"rendered":"<div id=\"attachment_219744\" style=\"width: 1290px\" class=\"wp-caption alignright\"><a href=\"https:\/\/jundiai.sp.gov.br\/noticias\/wp-content\/uploads\/sites\/32\/2018\/07\/visita-criancas-ao-geresol_c_-16.jpg\"><img loading=\"lazy\" decoding=\"async\" aria-describedby=\"caption-attachment-219744\" class=\"size-full wp-image-219744\" src=\"https:\/\/jundiai.sp.gov.br\/noticias\/wp-content\/uploads\/sites\/32\/2018\/07\/visita-criancas-ao-geresol_c_-16.jpg\" alt=\"\" width=\"1280\" height=\"853\" srcset=\"https:\/\/jundiai.sp.gov.br\/noticias\/wp-content\/uploads\/sites\/32\/2018\/07\/visita-criancas-ao-geresol_c_-16.jpg 1280w, https:\/\/jundiai.sp.gov.br\/noticias\/wp-content\/uploads\/sites\/32\/2018\/07\/visita-criancas-ao-geresol_c_-16-300x200.jpg 300w, https:\/\/jundiai.sp.gov.br\/noticias\/wp-content\/uploads\/sites\/32\/2018\/07\/visita-criancas-ao-geresol_c_-16-768x512.jpg 768w, https:\/\/jundiai.sp.gov.br\/noticias\/wp-content\/uploads\/sites\/32\/2018\/07\/visita-criancas-ao-geresol_c_-16-1160x773.jpg 1160w\" sizes=\"auto, (max-width: 1280px) 100vw, 1280px\" \/><\/a><p id=\"caption-attachment-219744\" class=\"wp-caption-text\">Estudantes aprenderam sobre como \u00e9 o gerenciamento de res\u00edduos s\u00f3lidos em Jundia\u00ed<\/p><\/div>\n<p><strong>Cerca de 30 estudantes da Emeb Ana Rita Alves Ludke, da Vila Alvorada, visitaram o Centro de Gerenciamento de Res\u00edduos S\u00f3lidos (Geresol), na manh\u00e3 desta segunda-feira (30), e aprenderam sobre o funcionamento do local e o sistema de gerenciamento de res\u00edduos do Munic\u00edpio, que \u00e9 refer\u00eancia nacional. A a\u00e7\u00e3o de educa\u00e7\u00e3o ambiental faz parte do projeto \u201cGeresol de portas abertas\u201d, uma iniciativa da Unidade de Gest\u00e3o de Servi\u00e7os P\u00fablicos (UGISP) em parceria com a Unidade de Gest\u00e3o da Educa\u00e7\u00e3o (UGE).<\/strong><\/p>\n<p><strong>LEIA TAMB\u00c9M<\/strong><br \/>\n<a href=\"https:\/\/jundiai.sp.gov.br\/noticias\/2018\/07\/16\/servicos-publicos-intensifica-poda-de-arvores-em-avenidas\/\">Servi\u00e7os P\u00fablicos intensifica poda de \u00e1rvores em avenidas<\/a><br \/>\n<a href=\"https:\/\/jundiai.sp.gov.br\/noticias\/2018\/07\/11\/mais-asfalto-obras-avancam-nas-ruas-do-ivoturucaia\/\">Mais Asfalto: obras avan\u00e7am nas ruas do Ivoturucaia<\/a><\/p>\n<p>Segundo o diretor de Limpeza P\u00fablica, M\u00e1rcio Moraes, a ideia \u00e9 despertar na crian\u00e7a um novo olhar sobre a cidade e os res\u00edduos s\u00f3lidos, al\u00e9m de disseminar os princ\u00edpios da sustentabilidade e do bem comum. \u201cQueremos que essas crian\u00e7as sejam transmissoras de conhecimentos e, quando cheguem em casa, atuem espalhando pr\u00e1ticas sustent\u00e1veis entre a fam\u00edlia\u201d, afirmou. O projeto, que come\u00e7ou hoje, segue at\u00e9 novembro.<\/p>\n<p>No in\u00edcio da visita, os alunos assistiram a tr\u00eas v\u00eddeos educativos sobre o funcionamento do Geresol. Em seguida, eles foram levados ao local onde \u00e9 feita a separa\u00e7\u00e3o dos recicl\u00e1veis e, depois, conheceram tamb\u00e9m o espa\u00e7o onde s\u00e3o processados os res\u00edduos da constru\u00e7\u00e3o civil. Durante toda a visita, as crian\u00e7as estavam acompanhadas de monitores.<\/p>\n<p>O encerramento da atividade aconteceu no Ecoponto do Morada das Vinhas, onde a popula\u00e7\u00e3o pode descartar os res\u00edduos de forma correta. Os estudantes aprenderem sobre quais materiais e qual a quantidade que pode ser levada ao local pelos mun\u00edcipes. Na parte da tarde, ser\u00e1 a vez de uma turma da Emeb Ant\u00f4nio de P\u00e1dua Giaretta participar da atividade.<\/p>\n<p><em><strong>Assessoria de Imprensa<br \/>\n<\/strong><\/em><em><strong>Fotos: Fot\u00f3grafos PMJ<\/strong><\/em><\/p>\n","protected":false},"excerpt":{"rendered":"<p>Os alunos prenderam sobre o funcionamento do local e o sistema de gerenciamento de res\u00edduos do Munic\u00edpio, que \u00e9 refer\u00eancia nacional<\/p>\n","protected":false},"author":30,"featured_media":219746,"comment_status":"closed","ping_status":"closed","sticky":false,"template":"","format":"standard","meta":{"footnotes":""},"categories":[2],"tags":[68,985],"ods":[],"class_list":["post-219743","post","type-post","status-publish","format-standard","has-post-thumbnail","hentry","category-noticias","tag-centro-de-gerenciamento-de-residuos-solidos-geresol","tag-infraestrutura-e-servicos-publicos"],"_links":{"self":[{"href":"https:\/\/jundiai.sp.gov.br\/noticias\/wp-json\/wp\/v2\/posts\/219743","targetHints":{"allow":["GET"]}}],"collection":[{"href":"https:\/\/jundiai.sp.gov.br\/noticias\/wp-json\/wp\/v2\/posts"}],"about":[{"href":"https:\/\/jundiai.sp.gov.br\/noticias\/wp-json\/wp\/v2\/types\/post"}],"author":[{"embeddable":true,"href":"https:\/\/jundiai.sp.gov.br\/noticias\/wp-json\/wp\/v2\/users\/30"}],"replies":[{"embeddable":true,"href":"https:\/\/jundiai.sp.gov.br\/noticias\/wp-json\/wp\/v2\/comments?post=219743"}],"version-history":[{"count":2,"href":"https:\/\/jundiai.sp.gov.br\/noticias\/wp-json\/wp\/v2\/posts\/219743\/revisions"}],"predecessor-version":[{"id":219747,"href":"https:\/\/jundiai.sp.gov.br\/noticias\/wp-json\/wp\/v2\/posts\/219743\/revisions\/219747"}],"wp:featuredmedia":[{"embeddable":true,"href":"https:\/\/jundiai.sp.gov.br\/noticias\/wp-json\/wp\/v2\/media\/219746"}],"wp:attachment":[{"href":"https:\/\/jundiai.sp.gov.br\/noticias\/wp-json\/wp\/v2\/media?parent=219743"}],"wp:term":[{"taxonomy":"category","embeddable":true,"href":"https:\/\/jundiai.sp.gov.br\/noticias\/wp-json\/wp\/v2\/categories?post=219743"},{"taxonomy":"post_tag","embeddable":true,"href":"https:\/\/jundiai.sp.gov.br\/noticias\/wp-json\/wp\/v2\/tags?post=219743"},{"taxonomy":"ods","embeddable":true,"href":"https:\/\/jundiai.sp.gov.br\/noticias\/wp-json\/wp\/v2\/ods?post=219743"}],"curies":[{"name":"wp","href":"https:\/\/api.w.org\/{rel}","templated":true}]}}