{"id":221398,"date":"2018-09-05T15:38:00","date_gmt":"2018-09-05T18:38:00","guid":{"rendered":"https:\/\/jundiai.sp.gov.br\/noticias\/?p=221398"},"modified":"2018-09-06T09:21:16","modified_gmt":"2018-09-06T12:21:16","slug":"desfile-colore-o-novo-horizonte-de-verde-e-amarelo","status":"publish","type":"post","link":"https:\/\/jundiai.sp.gov.br\/noticias\/2018\/09\/05\/desfile-colore-o-novo-horizonte-de-verde-e-amarelo\/","title":{"rendered":"Desfile colore o Novo Horizonte de verde e amarelo"},"content":{"rendered":"<div id=\"attachment_221399\" style=\"width: 1290px\" class=\"wp-caption alignright\"><a href=\"https:\/\/jundiai.sp.gov.br\/noticias\/wp-content\/uploads\/sites\/32\/2018\/09\/desfile-da-independencia-2090.jpg\"><img loading=\"lazy\" decoding=\"async\" aria-describedby=\"caption-attachment-221399\" class=\"size-full wp-image-221399\" src=\"https:\/\/jundiai.sp.gov.br\/noticias\/wp-content\/uploads\/sites\/32\/2018\/09\/desfile-da-independencia-2090.jpg\" alt=\"\" width=\"1280\" height=\"921\" srcset=\"https:\/\/jundiai.sp.gov.br\/noticias\/wp-content\/uploads\/sites\/32\/2018\/09\/desfile-da-independencia-2090.jpg 1280w, https:\/\/jundiai.sp.gov.br\/noticias\/wp-content\/uploads\/sites\/32\/2018\/09\/desfile-da-independencia-2090-300x216.jpg 300w, https:\/\/jundiai.sp.gov.br\/noticias\/wp-content\/uploads\/sites\/32\/2018\/09\/desfile-da-independencia-2090-768x553.jpg 768w, https:\/\/jundiai.sp.gov.br\/noticias\/wp-content\/uploads\/sites\/32\/2018\/09\/desfile-da-independencia-2090-1160x835.jpg 1160w\" sizes=\"auto, (max-width: 1280px) 100vw, 1280px\" \/><\/a><p id=\"caption-attachment-221399\" class=\"wp-caption-text\">O amarelo da blusa e do la\u00e7o de Isabela j\u00e1 demonstravam seu entrosamento com a comemora\u00e7\u00e3o<\/p><\/div>\n<p><strong>O Jardim Novo Horizonte recebeu na manh\u00e3 desta quarta-feira (05) a 9\u00aa edi\u00e7\u00e3o do tradicional Desfile da Independ\u00eancia do Brasil. Promovido pela Funda\u00e7\u00e3o Antonio Antonieta Cintra Gordinho (FAACG) e pela rede socioassistencial do bairro, o evento contou com o apoio da Prefeitura e, al\u00e9m dos espectadores, desfilaram mais de 2400 pessoas de 24 institui\u00e7\u00f5es participantes.<\/strong><\/p>\n<p>Al\u00e9m das For\u00e7as de Seguran\u00e7a, representadas pelo Ex\u00e9rcito, Pol\u00edcia Militar, Corpo de Bombeiros, Pol\u00edcia Civil, Defesa Civil e pela Guarda Municipal, se apresentaram tamb\u00e9m alunos da FAACG, das escolas estaduais de Jundia\u00ed e regi\u00e3o, dos Centros de Refer\u00eancia de Assist\u00eancia Social (Cras) S\u00e3o Camilo e Novo Horizonte, da Casa da Fonte e das Escolas Municipais de Educa\u00e7\u00e3o B\u00e1sica de Jundia\u00ed (Emebs) do Vetor Oeste.<\/p>\n<p><strong>LEIA TAMB\u00c9M<\/strong><br \/>\n<a href=\"https:\/\/jundiai.sp.gov.br\/noticias\/2018\/09\/04\/veja-o-que-abre-e-o-que-fecha-no-feriado-de-7-de-setembro\/\">Veja o que abre e o que fecha no feriado de 7 de setembro<\/a><br \/>\n<a href=\"https:\/\/jundiai.sp.gov.br\/noticias\/2018\/08\/31\/cultura-e-sp-escola-de-teatro-oferecem-curso-gratuito-de-dramaturgia\/\">Cultura e SP Escola de Teatro oferecem curso gratuito de Dramaturgia<\/a><\/p>\n<p>O prefeito Luiz Fernando Machado ressaltou a participa\u00e7\u00e3o dos alunos da rede municipal, que levaram \u00e0 avenida atividades de musicaliza\u00e7\u00e3o estudadas em sala de aula. \u201cNeste dia em que comemoramos antecipadamente o Dia da Independ\u00eancia do Brasil, nosso Munic\u00edpio tem um motivo a mais para celebrar: a nota que a educa\u00e7\u00e3o municipal atingiu, de 7,1 pelo \u00cdndice de Desenvolvimento da Educa\u00e7\u00e3o B\u00e1sica (Ideb), um valor acima dos \u00edndices nacional e estadual e que atinge uma meta proposta para 2021, um dos reflexos que j\u00e1 colhemos do programa Escola Inovadora.\u201d<\/p>\n<div id=\"attachment_221401\" style=\"width: 1290px\" class=\"wp-caption alignright\"><a href=\"https:\/\/jundiai.sp.gov.br\/noticias\/wp-content\/uploads\/sites\/32\/2018\/09\/desfile-da-independencia-2153-1.jpg\"><img loading=\"lazy\" decoding=\"async\" aria-describedby=\"caption-attachment-221401\" class=\"size-full wp-image-221401\" src=\"https:\/\/jundiai.sp.gov.br\/noticias\/wp-content\/uploads\/sites\/32\/2018\/09\/desfile-da-independencia-2153-1.jpg\" alt=\"\" width=\"1280\" height=\"854\" srcset=\"https:\/\/jundiai.sp.gov.br\/noticias\/wp-content\/uploads\/sites\/32\/2018\/09\/desfile-da-independencia-2153-1.jpg 1280w, https:\/\/jundiai.sp.gov.br\/noticias\/wp-content\/uploads\/sites\/32\/2018\/09\/desfile-da-independencia-2153-1-300x200.jpg 300w, https:\/\/jundiai.sp.gov.br\/noticias\/wp-content\/uploads\/sites\/32\/2018\/09\/desfile-da-independencia-2153-1-768x512.jpg 768w, https:\/\/jundiai.sp.gov.br\/noticias\/wp-content\/uploads\/sites\/32\/2018\/09\/desfile-da-independencia-2153-1-1160x774.jpg 1160w\" sizes=\"auto, (max-width: 1280px) 100vw, 1280px\" \/><\/a><p id=\"caption-attachment-221401\" class=\"wp-caption-text\">Iara, Tha\u00eds e Tom\u00e1s: busca pelo civismo para as pr\u00f3ximas gera\u00e7\u00f5es<\/p><\/div>\n<p>Este foi o primeiro desfile da Independ\u00eancia da Isabela Estev\u00e3o, de tr\u00eas anos. Acompanhada do pai H\u00e9lio e da m\u00e3e Angela, a blusa e la\u00e7o amarelos j\u00e1 demonstravam o seu entrosamento com a comemora\u00e7\u00e3o. \u201cN\u00f3s explicamos para a Isabela o significado desta festa e que as crian\u00e7as devem comemorar pelo Brasil desde cedo\u201d, explicou Angela, que mora no residencial Jundia\u00ed II.<\/p>\n<p>O pequeno Tom\u00e1s Camargo, de cinco anos, tamb\u00e9m estava na avenida pela primeira vez. O motivo, al\u00e9m da festa, era acompanhar o desfile da irm\u00e3 Tha\u00eds Helena, de treze. A inten\u00e7\u00e3o da m\u00e3e Iara Carmindo, moradora do Bairro do Poste, foi de despertar nos filhos o amor pelo Brasil. \u201cEsta \u00e9 um direcionamento que vale a pena, o de respeito e do devido valor \u00e0s institui\u00e7\u00f5es\u201d.<\/p>\n<p>Tamb\u00e9m participaram do evento os gestores da Unidade de Gest\u00e3o de Cultura (UGC), Marcelo Peroni; e de Assist\u00eancia e Desenvolvimento Social (UGADS), N\u00e1dia Taffarello Soares, al\u00e9m de vereadores.<\/p>\n<p><strong>Desfile de Sete de Setembro<\/strong><br \/>\nO Desfile de Sete de Setembro ser\u00e1 realizado nesta sexta-feira (7), a partir das 9h, na avenida Prefeito Luiz Latorre, com in\u00edcio em frente ao Poder Judici\u00e1rio \u2013 Justi\u00e7a Federal e sentido de desfile em dire\u00e7\u00e3o ao Centro. Al\u00e9m da participa\u00e7\u00e3o das barracas das feiras e varej\u00f5es municipais com as op\u00e7\u00f5es gastron\u00f4micas, o evento ter\u00e1 o refor\u00e7o de espa\u00e7os com sombra, a fim de tornar o espa\u00e7o mais agrad\u00e1vel aos presentes.<\/p>\n<p><strong><em>Assessoria de Imprensa<br \/>\nFotos: Fot\u00f3grafos PMJ<\/em><\/strong><\/p>\n","protected":false},"excerpt":{"rendered":"<p>As Emebs levaram \u00e0 avenida atividades de projetos de musicaliza\u00e7\u00e3o. O Desfile de Sete de Setembro ser\u00e1 realizado na avenida Luiz Latorre nesta sexta (7)<\/p>\n","protected":false},"author":30,"featured_media":221404,"comment_status":"closed","ping_status":"closed","sticky":false,"template":"","format":"standard","meta":{"footnotes":""},"categories":[2],"tags":[980,29,58],"ods":[],"class_list":["post-221398","post","type-post","status-publish","format-standard","has-post-thumbnail","hentry","category-noticias","tag-assistencia-e-desenvolvimento-social","tag-cultura","tag-prefeito"],"_links":{"self":[{"href":"https:\/\/jundiai.sp.gov.br\/noticias\/wp-json\/wp\/v2\/posts\/221398","targetHints":{"allow":["GET"]}}],"collection":[{"href":"https:\/\/jundiai.sp.gov.br\/noticias\/wp-json\/wp\/v2\/posts"}],"about":[{"href":"https:\/\/jundiai.sp.gov.br\/noticias\/wp-json\/wp\/v2\/types\/post"}],"author":[{"embeddable":true,"href":"https:\/\/jundiai.sp.gov.br\/noticias\/wp-json\/wp\/v2\/users\/30"}],"replies":[{"embeddable":true,"href":"https:\/\/jundiai.sp.gov.br\/noticias\/wp-json\/wp\/v2\/comments?post=221398"}],"version-history":[{"count":9,"href":"https:\/\/jundiai.sp.gov.br\/noticias\/wp-json\/wp\/v2\/posts\/221398\/revisions"}],"predecessor-version":[{"id":221420,"href":"https:\/\/jundiai.sp.gov.br\/noticias\/wp-json\/wp\/v2\/posts\/221398\/revisions\/221420"}],"wp:featuredmedia":[{"embeddable":true,"href":"https:\/\/jundiai.sp.gov.br\/noticias\/wp-json\/wp\/v2\/media\/221404"}],"wp:attachment":[{"href":"https:\/\/jundiai.sp.gov.br\/noticias\/wp-json\/wp\/v2\/media?parent=221398"}],"wp:term":[{"taxonomy":"category","embeddable":true,"href":"https:\/\/jundiai.sp.gov.br\/noticias\/wp-json\/wp\/v2\/categories?post=221398"},{"taxonomy":"post_tag","embeddable":true,"href":"https:\/\/jundiai.sp.gov.br\/noticias\/wp-json\/wp\/v2\/tags?post=221398"},{"taxonomy":"ods","embeddable":true,"href":"https:\/\/jundiai.sp.gov.br\/noticias\/wp-json\/wp\/v2\/ods?post=221398"}],"curies":[{"name":"wp","href":"https:\/\/api.w.org\/{rel}","templated":true}]}}