{"id":221525,"date":"2018-09-10T12:31:36","date_gmt":"2018-09-10T15:31:36","guid":{"rendered":"https:\/\/jundiai.sp.gov.br\/noticias\/?p=221525"},"modified":"2019-11-06T18:11:58","modified_gmt":"2019-11-06T20:11:58","slug":"prefeitura-promove-semana-de-acoes-pela-cidadania-e-etica","status":"publish","type":"post","link":"https:\/\/jundiai.sp.gov.br\/noticias\/2018\/09\/10\/prefeitura-promove-semana-de-acoes-pela-cidadania-e-etica\/","title":{"rendered":"Prefeitura promove Semana de A\u00e7\u00f5es pela Cidadania e \u00c9tica"},"content":{"rendered":"<div id=\"attachment_221526\" style=\"width: 410px\" class=\"wp-caption alignright\"><a href=\"https:\/\/jundiai.sp.gov.br\/noticias\/wp-content\/uploads\/sites\/32\/2018\/09\/etica-1009.jpg\"><img loading=\"lazy\" decoding=\"async\" aria-describedby=\"caption-attachment-221526\" class=\"size-full wp-image-221526\" src=\"https:\/\/jundiai.sp.gov.br\/noticias\/wp-content\/uploads\/sites\/32\/2018\/09\/etica-1009.jpg\" alt=\"\" width=\"350\" height=\"350\" srcset=\"https:\/\/jundiai.sp.gov.br\/noticias\/wp-content\/uploads\/sites\/32\/2018\/09\/etica-1009.jpg 626w, https:\/\/jundiai.sp.gov.br\/noticias\/wp-content\/uploads\/sites\/32\/2018\/09\/etica-1009-100x100.jpg 100w, https:\/\/jundiai.sp.gov.br\/noticias\/wp-content\/uploads\/sites\/32\/2018\/09\/etica-1009-300x300.jpg 300w\" sizes=\"auto, (max-width: 350px) 100vw, 350px\" \/><\/a><p id=\"caption-attachment-221526\" class=\"wp-caption-text\">Semana visa promover respeito m\u00fatuo entre os indiv\u00edduos<\/p><\/div>\n<p><strong>A Unidade de Gest\u00e3o da Casa Civil, por meio da Assessoria de Pol\u00edticas de Direitos Humanos, promove, entre os dias 17 e 21 de setembro, a Semana de A\u00e7\u00f5es pela \u00c9tica e Cidadania, institu\u00edda pela Lei Municipal 5.298\/1999. No dia 17 tamb\u00e9m ser\u00e1 comemorado o Dia da Paz, com atividades no Pa\u00e7o Municipal.<\/strong><\/p>\n<p><strong>LEIA TAMB\u00c9M<\/strong><br \/>\n<a href=\"https:\/\/jundiai.sp.gov.br\/noticias\/2018\/09\/06\/prefeitura-promove-capacitacao-inedita-sobre-prestacao-de-contas\/\">Prefeitura promove capacita\u00e7\u00e3o in\u00e9dita sobre presta\u00e7\u00e3o de contas<\/a><br \/>\n<a href=\"https:\/\/jundiai.sp.gov.br\/noticias\/2018\/09\/06\/prefeitura-capacita-jovens-de-baixa-renda-na-estacao-juventude\/\">Prefeitura capacita jovens de baixa renda na Esta\u00e7\u00e3o Juventude<\/a><\/p>\n<p>Segundo a assessora municipal de Direitos Humanos, Maria Aparecida Mazzola, a realiza\u00e7\u00e3o da Semana visa a mobiliza\u00e7\u00e3o pela cultura da paz. \u201cAs a\u00e7\u00f5es pela \u00e9tica e cidadania t\u00eam a meta de contribuir para a redu\u00e7\u00e3o da viol\u00eancia e promover o respeito aos deveres e direitos de cada indiv\u00edduo\u201d, explica. No dia da abertura, ser\u00e3o realizadas apresenta\u00e7\u00f5es culturais, culto ecum\u00eanico e caminhada da solidariedade, a partir das 16h, no Pa\u00e7o Municipal (Avenida da Liberdade, S\/N).<\/p>\n<p>Os servidores municipais s\u00e3o convidados para participarem das comemora\u00e7\u00f5es, decorando o seu espa\u00e7o de trabalho com a cor branca, de forma espont\u00e2nea e livre, utilizando acess\u00f3rios ou alegorias como bexigas, faixas, flores, la\u00e7os, camisetas e outros que remetam a promo\u00e7\u00e3o da Paz. \u201cAs Unidades de Gest\u00e3o, sediadas do Pa\u00e7o e externas, s\u00e3o convidadas a participarem da Campanha Solid\u00e1ria \u00b4Carinho para idosos`, tendo em vista que no per\u00edodo de 21 a 28 deste m\u00eas acontecer\u00e1 a Semana do Idoso\u201d, acrescenta a assessora.<\/p>\n<p>A Campanha consistir\u00e1 na arrecada\u00e7\u00e3o de fraldas geri\u00e1tricas, tamanho G, as quais ser\u00e3o entregues no momento do Culto Ecum\u00eanico para serem doadas \u00e0 da Cidade Vicentina de Jundia\u00ed, que realiza atendimento a idosos.<\/p>\n<p><strong>Confirma a programa\u00e7\u00e3o completa:<\/strong><\/p>\n<p>17\/09 \u2013 16h \u2013 Pa\u00e7o Municipal \u2013 Abertura \u2013 Tema: A paz em nossas m\u00e3os<\/p>\n<p>18\/09 \u2013 Durante todo o dia \u2013 A\u00e7\u00f5es no tr\u00e2nsito \u2013 Tema: Paz no Tr\u00e2nsito<\/p>\n<p>19\/09 \u2013 Durante todo o dia \u2013 A\u00e7\u00f5es em todas as Unidades \u2013 Tema: Em servi\u00e7os permanentes pela paz<\/p>\n<p>20\/09 \u2013 Durante todo o dia \u2013 A\u00e7\u00f5es Educativas nas Escolas \u2013 Tema: Crian\u00e7as e Adolescentes pela paz<\/p>\n<p>21\/09 \u2013 Durante todo o dia \u2013 Ato p\u00fablico \u2013 Centro \u2013 Tema: Como Idosos, somos instrumentos de paz<\/p>\n<p><em><strong>Assessoria de Imprensa<br \/>\nFoto: Divulga\u00e7\u00e3o<\/strong><\/em><\/p>\n","protected":false},"excerpt":{"rendered":"<p>A Unidade de Gest\u00e3o da Casa Civil, por meio da Assessoria de Pol\u00edticas de Direitos Humanos, promove, entre os dias 17 e 21 de setembro, a Semana de A\u00e7\u00f5es pela \u00c9tica e Cidadania, institu\u00edda pela Lei Municipal 5.298\/1999. No dia 17 tamb\u00e9m ser\u00e1 comemorado o Dia da Paz, com atividades no Pa\u00e7o Municipal. LEIA TAMB\u00c9M [&hellip;]<\/p>\n","protected":false},"author":30,"featured_media":0,"comment_status":"closed","ping_status":"closed","sticky":false,"template":"","format":"standard","meta":{"footnotes":""},"categories":[2],"tags":[989,62,1374],"ods":[],"class_list":["post-221525","post","type-post","status-publish","format-standard","hentry","category-noticias","tag-assessoria-de-politicas-de-direitos-humanos","tag-casa-civil","tag-nucleo-de-articulacoes-de-politicas-publicas"],"_links":{"self":[{"href":"https:\/\/jundiai.sp.gov.br\/noticias\/wp-json\/wp\/v2\/posts\/221525","targetHints":{"allow":["GET"]}}],"collection":[{"href":"https:\/\/jundiai.sp.gov.br\/noticias\/wp-json\/wp\/v2\/posts"}],"about":[{"href":"https:\/\/jundiai.sp.gov.br\/noticias\/wp-json\/wp\/v2\/types\/post"}],"author":[{"embeddable":true,"href":"https:\/\/jundiai.sp.gov.br\/noticias\/wp-json\/wp\/v2\/users\/30"}],"replies":[{"embeddable":true,"href":"https:\/\/jundiai.sp.gov.br\/noticias\/wp-json\/wp\/v2\/comments?post=221525"}],"version-history":[{"count":4,"href":"https:\/\/jundiai.sp.gov.br\/noticias\/wp-json\/wp\/v2\/posts\/221525\/revisions"}],"predecessor-version":[{"id":221530,"href":"https:\/\/jundiai.sp.gov.br\/noticias\/wp-json\/wp\/v2\/posts\/221525\/revisions\/221530"}],"wp:attachment":[{"href":"https:\/\/jundiai.sp.gov.br\/noticias\/wp-json\/wp\/v2\/media?parent=221525"}],"wp:term":[{"taxonomy":"category","embeddable":true,"href":"https:\/\/jundiai.sp.gov.br\/noticias\/wp-json\/wp\/v2\/categories?post=221525"},{"taxonomy":"post_tag","embeddable":true,"href":"https:\/\/jundiai.sp.gov.br\/noticias\/wp-json\/wp\/v2\/tags?post=221525"},{"taxonomy":"ods","embeddable":true,"href":"https:\/\/jundiai.sp.gov.br\/noticias\/wp-json\/wp\/v2\/ods?post=221525"}],"curies":[{"name":"wp","href":"https:\/\/api.w.org\/{rel}","templated":true}]}}