{"id":221578,"date":"2018-09-11T17:50:29","date_gmt":"2018-09-11T20:50:29","guid":{"rendered":"https:\/\/jundiai.sp.gov.br\/noticias\/?p=221578"},"modified":"2018-09-11T17:50:29","modified_gmt":"2018-09-11T20:50:29","slug":"defesa-civil-da-sequencia-a-trabalho-de-prevencao-de-alagamentos","status":"publish","type":"post","link":"https:\/\/jundiai.sp.gov.br\/noticias\/2018\/09\/11\/defesa-civil-da-sequencia-a-trabalho-de-prevencao-de-alagamentos\/","title":{"rendered":"Defesa Civil d\u00e1 sequ\u00eancia a trabalho de preven\u00e7\u00e3o de alagamentos"},"content":{"rendered":"<p><div id=\"attachment_221580\" style=\"width: 1290px\" class=\"wp-caption alignright\"><a href=\"https:\/\/jundiai.sp.gov.br\/noticias\/wp-content\/uploads\/sites\/32\/2018\/09\/visita-mp-dr-batalini.jpg\"><img loading=\"lazy\" decoding=\"async\" aria-describedby=\"caption-attachment-221580\" src=\"https:\/\/jundiai.sp.gov.br\/noticias\/wp-content\/uploads\/sites\/32\/2018\/09\/visita-mp-dr-batalini.jpg\" alt=\"\" width=\"1280\" height=\"739\" class=\"size-full wp-image-221580\" srcset=\"https:\/\/jundiai.sp.gov.br\/noticias\/wp-content\/uploads\/sites\/32\/2018\/09\/visita-mp-dr-batalini.jpg 1280w, https:\/\/jundiai.sp.gov.br\/noticias\/wp-content\/uploads\/sites\/32\/2018\/09\/visita-mp-dr-batalini-300x173.jpg 300w, https:\/\/jundiai.sp.gov.br\/noticias\/wp-content\/uploads\/sites\/32\/2018\/09\/visita-mp-dr-batalini-768x443.jpg 768w, https:\/\/jundiai.sp.gov.br\/noticias\/wp-content\/uploads\/sites\/32\/2018\/09\/visita-mp-dr-batalini-1160x670.jpg 1160w\" sizes=\"auto, (max-width: 1280px) 100vw, 1280px\" \/><\/a><p id=\"caption-attachment-221580\" class=\"wp-caption-text\">T\u00e9cnicos conversaram tamb\u00e9m com o promotor respons\u00e1vel por urbanismo e meio ambiente<br \/><\/p><\/div><strong>Como parte do Programa de Preven\u00e7\u00e3o de Alagamento e Inunda\u00e7\u00f5es, que inclui a limpeza e desassoreamento dos rios e c\u00f3rregos de Jundia\u00ed, t\u00e9cnicos da Defesa Civil e da Unidade de Gest\u00e3o de Infraestrutura e Servi\u00e7os P\u00fablicos (UGISP) realizaram visitas de trabalho, nos \u00faltimos dias, na sede da Pol\u00edcia Militar Ambiental (4\u00ba Cia do 1\u00ba Batalh\u00e3o) e no Departamento de \u00c1guas e Energia El\u00e9trica (DAEE).<\/strong><\/p>\n<p><strong>LEIA TAMB\u00c9M<\/strong><br \/>\n<a href=\"https:\/\/jundiai.sp.gov.br\/noticias\/2018\/09\/06\/gestores-debatem-projetos-em-encontro-na-aej\/\">Gestores debatem projetos em encontro na AEJ<\/a><\/p>\n<p>Al\u00e9m da visita \u00e0s institui\u00e7\u00f5es, os t\u00e9cnicos se reuniram tamb\u00e9m com o promotor respons\u00e1vel pela \u00e1rea de urbanismo e meio ambiente, Claudemir Battalini, e com a ger\u00eancia da unidade da Cetesb em Jundia\u00ed.<\/p>\n<p>Segundo o coordenador da Defesa Civil, Jo\u00e3o Os\u00f3rio Gimenez Germano, em todas as reuni\u00f5es foi ressaltada \u00e0s autoridades a aten\u00e7\u00e3o dada \u00e0 quest\u00e3o da limpeza e desassoreamento dos rios e c\u00f3rregos, em conson\u00e2ncia com a Lei Ambiental vigente. \u201cTamb\u00e9m informamos sobre o trabalho da Prefeitura no que se refere ao requerimento de outorgas e licenciamentos junto aos \u00f3rg\u00e3os p\u00fablicos competentes. Tratamos, ainda, de outros assuntos relacionados \u00e0 Opera\u00e7\u00e3o Chuvas de Ver\u00e3o, de 1\u00ba de dezembro at\u00e9 31 de mar\u00e7o\u201d, completa o coordenador.<\/p>\n<p><em><strong>Assessoria de Imprensa<br \/>\nFotos: Divulga\u00e7\u00e3o<\/strong><\/em><\/p>\n","protected":false},"excerpt":{"rendered":"<p>Como parte do Programa de Preven\u00e7\u00e3o de Alagamento e Inunda\u00e7\u00f5es, que inclui a limpeza e desassoreamento dos rios e c\u00f3rregos de Jundia\u00ed, t\u00e9cnicos da Defesa Civil e da Unidade de Gest\u00e3o de Infraestrutura e Servi\u00e7os P\u00fablicos (UGISP) realizaram visitas de trabalho, nos \u00faltimos dias, na sede da Pol\u00edcia Militar Ambiental (4\u00ba Cia do 1\u00ba Batalh\u00e3o) [&hellip;]<\/p>\n","protected":false},"author":30,"featured_media":0,"comment_status":"closed","ping_status":"closed","sticky":false,"template":"","format":"standard","meta":{"footnotes":""},"categories":[2],"tags":[34,985],"ods":[],"class_list":["post-221578","post","type-post","status-publish","format-standard","hentry","category-noticias","tag-defesa-civil","tag-infraestrutura-e-servicos-publicos"],"_links":{"self":[{"href":"https:\/\/jundiai.sp.gov.br\/noticias\/wp-json\/wp\/v2\/posts\/221578","targetHints":{"allow":["GET"]}}],"collection":[{"href":"https:\/\/jundiai.sp.gov.br\/noticias\/wp-json\/wp\/v2\/posts"}],"about":[{"href":"https:\/\/jundiai.sp.gov.br\/noticias\/wp-json\/wp\/v2\/types\/post"}],"author":[{"embeddable":true,"href":"https:\/\/jundiai.sp.gov.br\/noticias\/wp-json\/wp\/v2\/users\/30"}],"replies":[{"embeddable":true,"href":"https:\/\/jundiai.sp.gov.br\/noticias\/wp-json\/wp\/v2\/comments?post=221578"}],"version-history":[{"count":2,"href":"https:\/\/jundiai.sp.gov.br\/noticias\/wp-json\/wp\/v2\/posts\/221578\/revisions"}],"predecessor-version":[{"id":221581,"href":"https:\/\/jundiai.sp.gov.br\/noticias\/wp-json\/wp\/v2\/posts\/221578\/revisions\/221581"}],"wp:attachment":[{"href":"https:\/\/jundiai.sp.gov.br\/noticias\/wp-json\/wp\/v2\/media?parent=221578"}],"wp:term":[{"taxonomy":"category","embeddable":true,"href":"https:\/\/jundiai.sp.gov.br\/noticias\/wp-json\/wp\/v2\/categories?post=221578"},{"taxonomy":"post_tag","embeddable":true,"href":"https:\/\/jundiai.sp.gov.br\/noticias\/wp-json\/wp\/v2\/tags?post=221578"},{"taxonomy":"ods","embeddable":true,"href":"https:\/\/jundiai.sp.gov.br\/noticias\/wp-json\/wp\/v2\/ods?post=221578"}],"curies":[{"name":"wp","href":"https:\/\/api.w.org\/{rel}","templated":true}]}}