{"id":222017,"date":"2018-09-21T11:37:04","date_gmt":"2018-09-21T14:37:04","guid":{"rendered":"https:\/\/jundiai.sp.gov.br\/noticias\/?p=222017"},"modified":"2018-09-21T14:17:04","modified_gmt":"2018-09-21T17:17:04","slug":"mais-onze-escolas-recebem-os-uniformes-escolares-nesta-sexta-feira-21","status":"publish","type":"post","link":"https:\/\/jundiai.sp.gov.br\/noticias\/2018\/09\/21\/mais-onze-escolas-recebem-os-uniformes-escolares-nesta-sexta-feira-21\/","title":{"rendered":"Mais onze escolas recebem os uniformes escolares nesta sexta (21)"},"content":{"rendered":"<p><strong>A Unidade de Gest\u00e3o de Educa\u00e7\u00e3o continua nesta sexta-feira (21) o processo de entrega do segundo e \u00faltimo lote dos kits de uniformes escolares para os alunos do sistema municipal de ensino. Nesta fase ser\u00e3o distribu\u00eddos os 15.435 kits restantes. Em julho e agosto deste ano j\u00e1 foram entregues outros 16 mil.<\/strong><\/p>\n<p><strong>LEIA TAMB\u00c9M<\/strong><br \/>\n<a href=\"https:\/\/jundiai.sp.gov.br\/noticias\/2018\/09\/20\/prefeitura-e-consulado-discutem-ensino-de-italiano-na-rede-municipal\/\">Prefeitura e Consulado discutem ensino de italiano na rede municipal<\/a><br \/>\n<a href=\"https:\/\/jundiai.sp.gov.br\/noticias\/2018\/09\/20\/professores-participam-de-formacao-na-mata-ciliar\/\">Professores participam de forma\u00e7\u00e3o na Mata Ciliar<\/a><\/p>\n<div id=\"attachment_222018\" style=\"width: 1290px\" class=\"wp-caption alignright\"><a href=\"https:\/\/jundiai.sp.gov.br\/noticias\/wp-content\/uploads\/sites\/32\/2018\/09\/entrega_uniforme_geva-5.jpg\"><img loading=\"lazy\" decoding=\"async\" aria-describedby=\"caption-attachment-222018\" class=\"size-full wp-image-222018\" src=\"https:\/\/jundiai.sp.gov.br\/noticias\/wp-content\/uploads\/sites\/32\/2018\/09\/entrega_uniforme_geva-5.jpg\" alt=\"\" width=\"1280\" height=\"975\" srcset=\"https:\/\/jundiai.sp.gov.br\/noticias\/wp-content\/uploads\/sites\/32\/2018\/09\/entrega_uniforme_geva-5.jpg 1280w, https:\/\/jundiai.sp.gov.br\/noticias\/wp-content\/uploads\/sites\/32\/2018\/09\/entrega_uniforme_geva-5-300x229.jpg 300w, https:\/\/jundiai.sp.gov.br\/noticias\/wp-content\/uploads\/sites\/32\/2018\/09\/entrega_uniforme_geva-5-768x585.jpg 768w, https:\/\/jundiai.sp.gov.br\/noticias\/wp-content\/uploads\/sites\/32\/2018\/09\/entrega_uniforme_geva-5-1160x884.jpg 1160w\" sizes=\"auto, (max-width: 1280px) 100vw, 1280px\" \/><\/a><p id=\"caption-attachment-222018\" class=\"wp-caption-text\">Onze Emebs receber\u00e3o os uniformes at\u00e9 o fim desta sexta-feira (21)<\/p><\/div>\n<p>A contrata\u00e7\u00e3o da empresa para a produ\u00e7\u00e3o dos itens foi formalizada no in\u00edcio de maio deste ano, ap\u00f3s acirrada concorr\u00eancia no processo licitat\u00f3rio de compra e da necessidade de comprova\u00e7\u00e3o de qualidade das pe\u00e7as. A empresa vencedora iniciou a entrega em julho mas, devido \u00e0 a\u00e7\u00e3o judicial movida por uma das empresas participantes do processo licitat\u00f3rio, a entrega dos kits de uniformes teve de ser feita em duas etapas.<\/p>\n<p>Os pais ser\u00e3o informados, pelas escolas, sobre os procedimentos para a retirada dos kits. Os alunos recebem uma sacola identificada, contendo duas camisetas de algod\u00e3o, duas bermudas ou dois shorts saia, uma cal\u00e7a de helanca e um casaco de tactel com capuz.<br \/>\n<strong><br \/>\nConfira as escolas que receber\u00e3o os kits de uniformes nesta quinta-feira (21):<\/strong><\/p>\n<ul>\n<li>Emeb Joaquim Candel\u00e1rio de Freitas<\/li>\n<li>Emeb An\u00e9zio de Oliveira<\/li>\n<li>Emeb F\u00e1bio Rodrigues Mendes<\/li>\n<li>Emeb Ranieri Mazzilli<\/li>\n<li>Emeb Gl\u00f3ria da Silva Rocha Genovese<\/li>\n<li>Emeb Janete Ferreira Prado<\/li>\n<li>Emeb Marly de Marco Mendes Pereira<\/li>\n<li>Emeb Nassib Cury<\/li>\n<li>Emeb Geraldo Pinto Duarte Paes<\/li>\n<li>Emeb Irm\u00e3 Ursula Gherello<\/li>\n<li>Emeb Isabel Christina Marques de Oliveira<\/li>\n<\/ul>\n<p><em><strong>Assessoria de Imprensa<br \/>\nFoto: Fot\u00f3grafos PMJ<\/strong><\/em><\/p>\n","protected":false},"excerpt":{"rendered":"<p>Nesta fase ser\u00e3o distribu\u00eddos os 15.435 kits restantes. Em julho e agosto deste ano j\u00e1 foram entregues outros 16 mil<\/p>\n","protected":false},"author":30,"featured_media":222043,"comment_status":"closed","ping_status":"closed","sticky":false,"template":"","format":"standard","meta":{"footnotes":""},"categories":[2],"tags":[6,630],"ods":[],"class_list":["post-222017","post","type-post","status-publish","format-standard","has-post-thumbnail","hentry","category-noticias","tag-educacao","tag-emeb"],"_links":{"self":[{"href":"https:\/\/jundiai.sp.gov.br\/noticias\/wp-json\/wp\/v2\/posts\/222017","targetHints":{"allow":["GET"]}}],"collection":[{"href":"https:\/\/jundiai.sp.gov.br\/noticias\/wp-json\/wp\/v2\/posts"}],"about":[{"href":"https:\/\/jundiai.sp.gov.br\/noticias\/wp-json\/wp\/v2\/types\/post"}],"author":[{"embeddable":true,"href":"https:\/\/jundiai.sp.gov.br\/noticias\/wp-json\/wp\/v2\/users\/30"}],"replies":[{"embeddable":true,"href":"https:\/\/jundiai.sp.gov.br\/noticias\/wp-json\/wp\/v2\/comments?post=222017"}],"version-history":[{"count":4,"href":"https:\/\/jundiai.sp.gov.br\/noticias\/wp-json\/wp\/v2\/posts\/222017\/revisions"}],"predecessor-version":[{"id":222024,"href":"https:\/\/jundiai.sp.gov.br\/noticias\/wp-json\/wp\/v2\/posts\/222017\/revisions\/222024"}],"wp:featuredmedia":[{"embeddable":true,"href":"https:\/\/jundiai.sp.gov.br\/noticias\/wp-json\/wp\/v2\/media\/222043"}],"wp:attachment":[{"href":"https:\/\/jundiai.sp.gov.br\/noticias\/wp-json\/wp\/v2\/media?parent=222017"}],"wp:term":[{"taxonomy":"category","embeddable":true,"href":"https:\/\/jundiai.sp.gov.br\/noticias\/wp-json\/wp\/v2\/categories?post=222017"},{"taxonomy":"post_tag","embeddable":true,"href":"https:\/\/jundiai.sp.gov.br\/noticias\/wp-json\/wp\/v2\/tags?post=222017"},{"taxonomy":"ods","embeddable":true,"href":"https:\/\/jundiai.sp.gov.br\/noticias\/wp-json\/wp\/v2\/ods?post=222017"}],"curies":[{"name":"wp","href":"https:\/\/api.w.org\/{rel}","templated":true}]}}