{"id":222025,"date":"2018-09-21T12:12:25","date_gmt":"2018-09-21T15:12:25","guid":{"rendered":"https:\/\/jundiai.sp.gov.br\/noticias\/?p=222025"},"modified":"2018-09-21T12:12:25","modified_gmt":"2018-09-21T15:12:25","slug":"agita-jundiai-especial-pela-semana-do-idoso-sera-no-parque-da-cidade","status":"publish","type":"post","link":"https:\/\/jundiai.sp.gov.br\/noticias\/2018\/09\/21\/agita-jundiai-especial-pela-semana-do-idoso-sera-no-parque-da-cidade\/","title":{"rendered":"Agita Jundia\u00ed especial pela Semana do Idoso ser\u00e1 no Parque da Cidade"},"content":{"rendered":"<div id=\"attachment_222027\" style=\"width: 1290px\" class=\"wp-caption alignright\"><a href=\"https:\/\/jundiai.sp.gov.br\/noticias\/wp-content\/uploads\/sites\/32\/2018\/09\/domingo-no-parque-da-uva_c_-22.jpg\"><img loading=\"lazy\" decoding=\"async\" aria-describedby=\"caption-attachment-222027\" class=\"size-full wp-image-222027\" src=\"https:\/\/jundiai.sp.gov.br\/noticias\/wp-content\/uploads\/sites\/32\/2018\/09\/domingo-no-parque-da-uva_c_-22.jpg\" alt=\"\" width=\"1280\" height=\"853\" srcset=\"https:\/\/jundiai.sp.gov.br\/noticias\/wp-content\/uploads\/sites\/32\/2018\/09\/domingo-no-parque-da-uva_c_-22.jpg 1280w, https:\/\/jundiai.sp.gov.br\/noticias\/wp-content\/uploads\/sites\/32\/2018\/09\/domingo-no-parque-da-uva_c_-22-300x200.jpg 300w, https:\/\/jundiai.sp.gov.br\/noticias\/wp-content\/uploads\/sites\/32\/2018\/09\/domingo-no-parque-da-uva_c_-22-768x512.jpg 768w, https:\/\/jundiai.sp.gov.br\/noticias\/wp-content\/uploads\/sites\/32\/2018\/09\/domingo-no-parque-da-uva_c_-22-1160x773.jpg 1160w\" sizes=\"auto, (max-width: 1280px) 100vw, 1280px\" \/><\/a><p id=\"caption-attachment-222027\" class=\"wp-caption-text\">Zumba ter\u00e1 duas vers\u00f5es no Parque da Cidade, neste domingo (23), para atender jovens e idosos<\/p><\/div>\n<p><strong>A Unidade de Gest\u00e3o de Esporte e Lazer (UGEL) estar\u00e1 no Parque da Cidade, neste domingo (23), com o projeto Agita Jundia\u00ed especial para a Semana do Idoso. Al\u00e9m das atividades de Zumba nas vers\u00f5es Fitness e Gold (especial para os idosos), ser\u00e3o tamb\u00e9m oferecidas atividades e aulas de voleibol adaptado, de Lian Gong \u2013 com as equipes do N\u00facleo de Apoio de Sa\u00fade da Fam\u00edlia (Nasf), e \u201cAme seu Cora\u00e7\u00e3o\u201d, em parceria com a Unidade de Promo\u00e7\u00e3o da Sa\u00fade (UGPS).<\/strong><\/p>\n<p><strong>LEIA TAMB\u00c9M<\/strong><br \/>\n<a href=\"https:\/\/jundiai.sp.gov.br\/noticias\/2018\/09\/20\/parque-da-cidade-tem-programacao-especial-para-celebrar-o-dia-da-arvore\/\">Parque da Cidade tem programa\u00e7\u00e3o especial para celebrar o Dia da \u00c1rvore<\/a><br \/>\n<a href=\"https:\/\/jundiai.sp.gov.br\/noticias\/2018\/09\/20\/aluguel-de-bicicletas-do-peama-agora-pode-ser-pago-no-cartao-de-debito\/\">Aluguel de bicicletas do Peama agora pode ser pago no cart\u00e3o de d\u00e9bito<\/a><\/p>\n<p>Segundo a diretora de Esporte Educacional e Participa\u00e7\u00e3o, M\u00e1rcia Pavan Guilherme, as a\u00e7\u00f5es ter\u00e3o in\u00edcio \u00e0s 8h30 e previs\u00e3o de encerramento \u00e0s 11h. \u201cOs alunos dos grupos de gin\u00e1stica dos Complexos Educacionais, Culturais e Esportivos (CECEs) ir\u00e3o participar das atividades. Haver\u00e1 encontro de voleibol adaptado com inscri\u00e7\u00f5es abertas, realizado no local\u201d, comenta.<\/p>\n<p><strong>Domingo no Parque<br \/>\n<\/strong>A UGEL tamb\u00e9m estar\u00e1 no \u201cDomingo no Parque\u201d realizado no Parque da Uva , neste domingo (23), com um espa\u00e7o preparado para viv\u00eancias de esportes de rede (badminton, v\u00f4lei e t\u00eanis) das 9h \u00e0s 12h. Essas modalidades tamb\u00e9m podem ser vivenciadas em aulas ofertadas gratuitamente em turmas regulares nos CECEs.<\/p>\n<p><em><strong>Assessoria de Imprensa<br \/>\nFoto: Arquivo PMJ<\/strong><\/em><\/p>\n","protected":false},"excerpt":{"rendered":"<p>A Unidade de Gest\u00e3o de Esporte e Lazer (UGEL) estar\u00e1 no Parque da Cidade, neste domingo (23), com o projeto Agita Jundia\u00ed especial para a Semana do Idoso. Al\u00e9m das atividades de Zumba nas vers\u00f5es Fitness e Gold (especial para os idosos), ser\u00e3o tamb\u00e9m oferecidas atividades e aulas de voleibol adaptado, de Lian Gong \u2013 [&hellip;]<\/p>\n","protected":false},"author":30,"featured_media":0,"comment_status":"closed","ping_status":"closed","sticky":false,"template":"","format":"standard","meta":{"footnotes":""},"categories":[2],"tags":[47,981],"ods":[],"class_list":["post-222025","post","type-post","status-publish","format-standard","hentry","category-noticias","tag-parque-da-cidade","tag-promocao-da-saude"],"_links":{"self":[{"href":"https:\/\/jundiai.sp.gov.br\/noticias\/wp-json\/wp\/v2\/posts\/222025","targetHints":{"allow":["GET"]}}],"collection":[{"href":"https:\/\/jundiai.sp.gov.br\/noticias\/wp-json\/wp\/v2\/posts"}],"about":[{"href":"https:\/\/jundiai.sp.gov.br\/noticias\/wp-json\/wp\/v2\/types\/post"}],"author":[{"embeddable":true,"href":"https:\/\/jundiai.sp.gov.br\/noticias\/wp-json\/wp\/v2\/users\/30"}],"replies":[{"embeddable":true,"href":"https:\/\/jundiai.sp.gov.br\/noticias\/wp-json\/wp\/v2\/comments?post=222025"}],"version-history":[{"count":3,"href":"https:\/\/jundiai.sp.gov.br\/noticias\/wp-json\/wp\/v2\/posts\/222025\/revisions"}],"predecessor-version":[{"id":222029,"href":"https:\/\/jundiai.sp.gov.br\/noticias\/wp-json\/wp\/v2\/posts\/222025\/revisions\/222029"}],"wp:attachment":[{"href":"https:\/\/jundiai.sp.gov.br\/noticias\/wp-json\/wp\/v2\/media?parent=222025"}],"wp:term":[{"taxonomy":"category","embeddable":true,"href":"https:\/\/jundiai.sp.gov.br\/noticias\/wp-json\/wp\/v2\/categories?post=222025"},{"taxonomy":"post_tag","embeddable":true,"href":"https:\/\/jundiai.sp.gov.br\/noticias\/wp-json\/wp\/v2\/tags?post=222025"},{"taxonomy":"ods","embeddable":true,"href":"https:\/\/jundiai.sp.gov.br\/noticias\/wp-json\/wp\/v2\/ods?post=222025"}],"curies":[{"name":"wp","href":"https:\/\/api.w.org\/{rel}","templated":true}]}}