{"id":222529,"date":"2018-10-02T18:14:16","date_gmt":"2018-10-02T21:14:16","guid":{"rendered":"https:\/\/jundiai.sp.gov.br\/noticias\/?p=222529"},"modified":"2018-10-03T17:12:36","modified_gmt":"2018-10-03T20:12:36","slug":"concerto-da-orquestra-convida-o-publico-infantil-para-o-polytheama","status":"publish","type":"post","link":"https:\/\/jundiai.sp.gov.br\/noticias\/2018\/10\/02\/concerto-da-orquestra-convida-o-publico-infantil-para-o-polytheama\/","title":{"rendered":"Concerto da Orquestra convida o p\u00fablico infantil para o Polytheama"},"content":{"rendered":"<p><strong>O quinto concerto gratuito da Orquestra Municipal de Jundia\u00ed da temporada 2018 ser\u00e1 neste s\u00e1bado (06), \u00e0s 16h. Com o tema \u201cViajando pelo Mundo\u201d, a apresenta\u00e7\u00e3o no Teatro Polytheama faz uma homenagem ao Dia da Crian\u00e7a (12 de outubro) e ter\u00e1 como convidados os m\u00fasicos do grupo Mawaca e como regente a maestrina Claudia Feres.<\/strong><\/p>\n<p>O concerto convida o p\u00fablico infantil a conhecer diversos lugares do mundo atrav\u00e9s de m\u00fasicas de diferentes pa\u00edses como Alb\u00e2nia, Brasil, Fran\u00e7a, Gr\u00e9cia, \u00cdndia, Israel, Portugal, Rom\u00eania e Tanz\u00e2nia. As m\u00fasicas fazem parte do repert\u00f3rio do grupo convidado, que desenvolve pesquisa e performance de cantos tradicionais sob a dire\u00e7\u00e3o art\u00edstica de Magda Pucci. Para o concerto, as m\u00fasicas ganharam adapta\u00e7\u00f5es para a orquestra realizadas por Marcos Sheffel.<\/p>\n<p><strong>LEIA TAMB\u00c9M<\/strong><br \/>\n<a href=\"https:\/\/jundiai.sp.gov.br\/noticias\/2018\/10\/01\/cultura-encerra-a-2o-edicao-do-festeju-com-premiacao\/\">Cultura encerra a 2\u00ba edi\u00e7\u00e3o do Festeju com premia\u00e7\u00e3o<\/a><br \/>\n<a href=\"https:\/\/jundiai.sp.gov.br\/noticias\/2018\/09\/28\/direcao-e-o-novo-curso-oferecido-pela-cultura-e-sp-escola-de-teatro\/\">Dire\u00e7\u00e3o \u00e9 o novo curso oferecido pela Cultura e SP Escola de Teatro<\/a><\/p>\n<div id=\"attachment_222531\" style=\"width: 1290px\" class=\"wp-caption alignright\"><a href=\"https:\/\/jundiai.sp.gov.br\/noticias\/wp-content\/uploads\/sites\/32\/2018\/10\/mawaca_eduardo_vessoni_51.jpg\"><img loading=\"lazy\" decoding=\"async\" aria-describedby=\"caption-attachment-222531\" class=\"size-full wp-image-222531\" src=\"https:\/\/jundiai.sp.gov.br\/noticias\/wp-content\/uploads\/sites\/32\/2018\/10\/mawaca_eduardo_vessoni_51.jpg\" alt=\"\" width=\"1280\" height=\"853\" srcset=\"https:\/\/jundiai.sp.gov.br\/noticias\/wp-content\/uploads\/sites\/32\/2018\/10\/mawaca_eduardo_vessoni_51.jpg 1280w, https:\/\/jundiai.sp.gov.br\/noticias\/wp-content\/uploads\/sites\/32\/2018\/10\/mawaca_eduardo_vessoni_51-300x200.jpg 300w, https:\/\/jundiai.sp.gov.br\/noticias\/wp-content\/uploads\/sites\/32\/2018\/10\/mawaca_eduardo_vessoni_51-768x512.jpg 768w, https:\/\/jundiai.sp.gov.br\/noticias\/wp-content\/uploads\/sites\/32\/2018\/10\/mawaca_eduardo_vessoni_51-1160x773.jpg 1160w\" sizes=\"auto, (max-width: 1280px) 100vw, 1280px\" \/><\/a><p id=\"caption-attachment-222531\" class=\"wp-caption-text\">\u201cViajando pelo Mundo\u201d convida a crian\u00e7ada a participar de um passeio pelos ritmos de diversos pa\u00edses<\/p><\/div>\n<p>Al\u00e9m dos m\u00fasicos da OMJ, o concerto contar\u00e1 com as vozes de Ang\u00e9lica Leutwiller, Magda Pucci, Rita Braga, Sandra Oakh e Zuzu Leiva, e a participa\u00e7\u00e3o dos instrumentistas: Ana Eliza Colomar (flauta, flautim), Aloisio de Oliveira (acordeom e kalimba), Armando Tib\u00e9rio (tablas, congas, caj\u00f3n), Ramiro Marques (sax soprano e sax tenor), Rog\u00e9rio Botter-Maio (contrabaixo) e Val\u00e9ria Zeidan (vibrafone, caixa, pandeiros).<\/p>\n<p>Os ingressos gratuitos ser\u00e3o distribu\u00eddos nesta sexta-feira (05), a partir das 13h, na bilheteria do Teatro Polytheama, que fica na Rua Bar\u00e3o de Jundia\u00ed, 176, Centro. Cada adulto pode retirar at\u00e9 dois ingressos. Os telefones para informa\u00e7\u00f5es s\u00e3o (11) 4586-2472 e 4522-0770, com atendimento de segunda a sexta-feira, das 8h \u00e0s 17h.<\/p>\n<p>A apresenta\u00e7\u00e3o \u00e9 uma realiza\u00e7\u00e3o da Unidade de Gest\u00e3o de Cultura (UGC), em parceria com a Unidade de Gest\u00e3o de Educa\u00e7\u00e3o (UGE).<\/p>\n<p>A programa\u00e7\u00e3o de espet\u00e1culos do Teatro e a agenda cultural completa est\u00e3o dispon\u00edveis no Aplicativo Jundia\u00ed, ferramenta que pode ser baixada em qualquer smartphone\u00a0<strong><a href=\"https:\/\/play.google.com\/store\/apps\/details?id=br.gov.sp.cijun.appjun\" target=\"_blank\" rel=\"noopener\">Android<\/a><\/strong>\u00a0ou\u00a0<strong><a href=\"https:\/\/itunes.apple.com\/br\/app\/prefeitura-de-jundiai\/id1211377720\" target=\"_blank\" rel=\"noopener\">iPhone<\/a><\/strong>.<\/p>\n<p><strong><em>Assessoria de Imprensa<br \/>\nFotos: Arquivo PMJ e Divulga\u00e7\u00e3o<\/em><\/strong><\/p>\n","protected":false},"excerpt":{"rendered":"<p>Com o tema \u201cViajando pelo Mundo\u201d, a apresenta\u00e7\u00e3o faz uma homenagem ao Dia da Crian\u00e7a e ter\u00e1 como convidados os m\u00fasicos do grupo Mawaca<\/p>\n","protected":false},"author":30,"featured_media":195196,"comment_status":"closed","ping_status":"closed","sticky":false,"template":"","format":"standard","meta":{"footnotes":""},"categories":[2],"tags":[29,307,98],"ods":[],"class_list":["post-222529","post","type-post","status-publish","format-standard","has-post-thumbnail","hentry","category-noticias","tag-cultura","tag-orquestra-municipal-de-jundiai","tag-teatro-polytheama"],"_links":{"self":[{"href":"https:\/\/jundiai.sp.gov.br\/noticias\/wp-json\/wp\/v2\/posts\/222529","targetHints":{"allow":["GET"]}}],"collection":[{"href":"https:\/\/jundiai.sp.gov.br\/noticias\/wp-json\/wp\/v2\/posts"}],"about":[{"href":"https:\/\/jundiai.sp.gov.br\/noticias\/wp-json\/wp\/v2\/types\/post"}],"author":[{"embeddable":true,"href":"https:\/\/jundiai.sp.gov.br\/noticias\/wp-json\/wp\/v2\/users\/30"}],"replies":[{"embeddable":true,"href":"https:\/\/jundiai.sp.gov.br\/noticias\/wp-json\/wp\/v2\/comments?post=222529"}],"version-history":[{"count":6,"href":"https:\/\/jundiai.sp.gov.br\/noticias\/wp-json\/wp\/v2\/posts\/222529\/revisions"}],"predecessor-version":[{"id":222563,"href":"https:\/\/jundiai.sp.gov.br\/noticias\/wp-json\/wp\/v2\/posts\/222529\/revisions\/222563"}],"wp:featuredmedia":[{"embeddable":true,"href":"https:\/\/jundiai.sp.gov.br\/noticias\/wp-json\/wp\/v2\/media\/195196"}],"wp:attachment":[{"href":"https:\/\/jundiai.sp.gov.br\/noticias\/wp-json\/wp\/v2\/media?parent=222529"}],"wp:term":[{"taxonomy":"category","embeddable":true,"href":"https:\/\/jundiai.sp.gov.br\/noticias\/wp-json\/wp\/v2\/categories?post=222529"},{"taxonomy":"post_tag","embeddable":true,"href":"https:\/\/jundiai.sp.gov.br\/noticias\/wp-json\/wp\/v2\/tags?post=222529"},{"taxonomy":"ods","embeddable":true,"href":"https:\/\/jundiai.sp.gov.br\/noticias\/wp-json\/wp\/v2\/ods?post=222529"}],"curies":[{"name":"wp","href":"https:\/\/api.w.org\/{rel}","templated":true}]}}