{"id":222689,"date":"2018-10-06T18:20:18","date_gmt":"2018-10-06T21:20:18","guid":{"rendered":"https:\/\/jundiai.sp.gov.br\/noticias\/?p=222689"},"modified":"2018-10-06T18:20:18","modified_gmt":"2018-10-06T21:20:18","slug":"omj-e-mawaca-encantam-criancas-no-polytheama","status":"publish","type":"post","link":"https:\/\/jundiai.sp.gov.br\/noticias\/2018\/10\/06\/omj-e-mawaca-encantam-criancas-no-polytheama\/","title":{"rendered":"OMJ e Mawaca encantam crian\u00e7as no Polytheama"},"content":{"rendered":"<div id=\"attachment_222690\" style=\"width: 1290px\" class=\"wp-caption alignleft\"><a href=\"https:\/\/jundiai.sp.gov.br\/noticias\/wp-content\/uploads\/sites\/32\/2018\/10\/polytheama_orquestra-387.jpg\"><img loading=\"lazy\" decoding=\"async\" aria-describedby=\"caption-attachment-222690\" src=\"https:\/\/jundiai.sp.gov.br\/noticias\/wp-content\/uploads\/sites\/32\/2018\/10\/polytheama_orquestra-387.jpg\" alt=\"\" width=\"1280\" height=\"881\" class=\"size-full wp-image-222690\" srcset=\"https:\/\/jundiai.sp.gov.br\/noticias\/wp-content\/uploads\/sites\/32\/2018\/10\/polytheama_orquestra-387.jpg 1280w, https:\/\/jundiai.sp.gov.br\/noticias\/wp-content\/uploads\/sites\/32\/2018\/10\/polytheama_orquestra-387-300x206.jpg 300w, https:\/\/jundiai.sp.gov.br\/noticias\/wp-content\/uploads\/sites\/32\/2018\/10\/polytheama_orquestra-387-768x529.jpg 768w, https:\/\/jundiai.sp.gov.br\/noticias\/wp-content\/uploads\/sites\/32\/2018\/10\/polytheama_orquestra-387-1160x798.jpg 1160w\" sizes=\"auto, (max-width: 1280px) 100vw, 1280px\" \/><\/a><p id=\"caption-attachment-222690\" class=\"wp-caption-text\">Mariana Cunha e as filhas Maria Clara e Isadora sa\u00edram de Campinas para Jundia\u00ed para a apresenta\u00e7\u00e3o da Orquestra com o grupo Mawaca<br \/><\/p><\/div>\n<p><strong>A Orquestra Municipal de Jundia\u00ed (OMJ) realizou apresenta\u00e7\u00e3o em comemora\u00e7\u00e3o ao Dia das Crian\u00e7as com concerto \u201cPelo Mundo\u201d em parceria com o grupo Mawaca, na tarde de s\u00e1bado (6). Com o Teatro Polytheama cheio, as crian\u00e7as e adultos acompanharam can\u00e7\u00f5es de diferentes pa\u00edses como Alb\u00e2nia, Brasil, Fran\u00e7a, Gr\u00e9cia, \u00cdndia, Israel, Portugal, Rom\u00eania e Tanz\u00e2nia que se entrela\u00e7am pelas vozes e instrumentos. O resultado da uni\u00e3o dos estilos encantou os presentes.<\/strong><\/p>\n<p>Ana Cl\u00e1udia Bertazzoni levou os sobrinhos para conhecer o Teatro Polytheama. Ela se mudou para o litoral por alguns anos e, agora, com o retorno para sua cidade de origem, quer inserir a cultura na rotina das crian\u00e7as da fam\u00edlia. \u201cNasci e cresci em Jundia\u00ed e minha inf\u00e2ncia \u00e9 marcada por frequentar o Polytheama. Por\u00e9m, as crian\u00e7as est\u00e3o chegando aqui agora. Esta \u00e9 a primeira vez que entram em um teatro. \u00c9 preciso mostrar que existe uma infinidade de op\u00e7\u00f5es culturais\u201d, comentou.<\/p>\n<p>Mariana da Cunha saiu de Campinas para Jundia\u00ed exclusivamente para a apresenta\u00e7\u00e3o musical, j\u00e1 que as filhas Isadora e Maria Clara adoram o grupo Mawaca. \u201cEu gosto muito dos sons das m\u00fasicas e do colorido dos artistas. J\u00e1 a minha irm\u00e3 a Isadora, gosta da cantora de cabelo cor de rosa\u201d, contou Maria Clara, 7 anos.<\/p>\n<p>Gabriel Costa Lantelmi, Clara e Caio Coelho da Costa estavam ansiosos. \u201cA apresenta\u00e7\u00e3o \u00e9 colorida e muito bonita\u201d, contou Gabriel, que junto com os primos j\u00e1 havia participado de outras apresenta\u00e7\u00f5es teatrais no Polytheama.<\/p>\n<p><strong>P\u00fablicos<\/strong><\/p>\n<p>De acordo com o gestor da Unidade de Gest\u00e3o de Cultura, Marcelo Peroni, a mescla de estilos faz parte da proposta estabelecida pela unidade de ampliar o acesso \u00e0 cultura pela popula\u00e7\u00e3o, atraindo com situa\u00e7\u00f5es diferentes das convencionais. \u201cNossa orquestra dialoga com v\u00e1rios p\u00fablicos, e neste m\u00eas, com as crian\u00e7as, a partir da apresenta\u00e7\u00e3o com o grupo Mawaca, quebrando a ideia de que a Orquestra e o ambiente de teatro seja somente para elite. \u00c9 uma forma de apropria\u00e7\u00e3o da cultura pela popula\u00e7\u00e3o\u201d, argumentou.<\/p>\n<p>O diretor do Departamento de Teatros, Wagner Nacarato, ressalta a ades\u00e3o do p\u00fablico como grande diferencial das apresenta\u00e7\u00f5es que est\u00e3o sendo realizadas no local. \u201cEm todas as apresenta\u00e7\u00f5es que a Orquestra Municipal est\u00e1 no palco do Polytheama, a casa fica cheia. \u00c9 o resultado de trabalho que vem sendo desenvolvido pela unidade\u201d, destacou.<\/p>\n<p>\u201cA apresenta\u00e7\u00e3o com uma orquestra \u00e9 diferente, grandiosa. As express\u00f5es sonoras do espet\u00e1culo apresentado em Jundia\u00ed s\u00e3o novas. Uma verdadeira viagem ao mundo em novo l\u00ednguas diferentes\u201d, comentou, antes da apresenta\u00e7\u00e3o. J\u00e1 para a regente Cl\u00e1udia Feres, o colorido musical trazido pelo grupo diferencia a apresenta\u00e7\u00e3o desta ano das demais, realizadas anteriormente, lembrando que a OMJ foi criada h\u00e1 oito anos, e desde ent\u00e3o, no m\u00eas de outubro \u00e9 feito um concerto para as crian\u00e7as.<\/p>\n<p><em><strong>Assessoria de Imprensa<br \/>\nFotos: Fot\u00f3grafos PMJ<\/strong><\/em><\/p>\n","protected":false},"excerpt":{"rendered":"<p>A Orquestra Municipal de Jundia\u00ed (OMJ) realizou apresenta\u00e7\u00e3o em comemora\u00e7\u00e3o ao Dia das Crian\u00e7as com concerto \u201cPelo Mundo\u201d em parceria com o grupo Mawaca, na tarde de s\u00e1bado (6). Com o Teatro Polytheama cheio, as crian\u00e7as e adultos acompanharam can\u00e7\u00f5es de diferentes pa\u00edses como Alb\u00e2nia, Brasil, Fran\u00e7a, Gr\u00e9cia, \u00cdndia, Israel, Portugal, Rom\u00eania e Tanz\u00e2nia que [&hellip;]<\/p>\n","protected":false},"author":33,"featured_media":0,"comment_status":"closed","ping_status":"closed","sticky":false,"template":"","format":"standard","meta":{"footnotes":""},"categories":[2],"tags":[29,98],"ods":[],"class_list":["post-222689","post","type-post","status-publish","format-standard","hentry","category-noticias","tag-cultura","tag-teatro-polytheama"],"_links":{"self":[{"href":"https:\/\/jundiai.sp.gov.br\/noticias\/wp-json\/wp\/v2\/posts\/222689","targetHints":{"allow":["GET"]}}],"collection":[{"href":"https:\/\/jundiai.sp.gov.br\/noticias\/wp-json\/wp\/v2\/posts"}],"about":[{"href":"https:\/\/jundiai.sp.gov.br\/noticias\/wp-json\/wp\/v2\/types\/post"}],"author":[{"embeddable":true,"href":"https:\/\/jundiai.sp.gov.br\/noticias\/wp-json\/wp\/v2\/users\/33"}],"replies":[{"embeddable":true,"href":"https:\/\/jundiai.sp.gov.br\/noticias\/wp-json\/wp\/v2\/comments?post=222689"}],"version-history":[{"count":1,"href":"https:\/\/jundiai.sp.gov.br\/noticias\/wp-json\/wp\/v2\/posts\/222689\/revisions"}],"predecessor-version":[{"id":222691,"href":"https:\/\/jundiai.sp.gov.br\/noticias\/wp-json\/wp\/v2\/posts\/222689\/revisions\/222691"}],"wp:attachment":[{"href":"https:\/\/jundiai.sp.gov.br\/noticias\/wp-json\/wp\/v2\/media?parent=222689"}],"wp:term":[{"taxonomy":"category","embeddable":true,"href":"https:\/\/jundiai.sp.gov.br\/noticias\/wp-json\/wp\/v2\/categories?post=222689"},{"taxonomy":"post_tag","embeddable":true,"href":"https:\/\/jundiai.sp.gov.br\/noticias\/wp-json\/wp\/v2\/tags?post=222689"},{"taxonomy":"ods","embeddable":true,"href":"https:\/\/jundiai.sp.gov.br\/noticias\/wp-json\/wp\/v2\/ods?post=222689"}],"curies":[{"name":"wp","href":"https:\/\/api.w.org\/{rel}","templated":true}]}}