{"id":222786,"date":"2018-10-10T12:39:41","date_gmt":"2018-10-10T15:39:41","guid":{"rendered":"https:\/\/jundiai.sp.gov.br\/noticias\/?p=222786"},"modified":"2018-10-11T15:02:35","modified_gmt":"2018-10-11T18:02:35","slug":"prefeitura-de-jundiai-lanca-edital-de-concurso-para-a-guarda-municipal","status":"publish","type":"post","link":"https:\/\/jundiai.sp.gov.br\/noticias\/2018\/10\/10\/prefeitura-de-jundiai-lanca-edital-de-concurso-para-a-guarda-municipal\/","title":{"rendered":"Prefeitura de Jundia\u00ed lan\u00e7a edital de concurso para a Guarda Municipal"},"content":{"rendered":"<div id=\"attachment_222787\" style=\"width: 1250px\" class=\"wp-caption alignright\"><a href=\"https:\/\/jundiai.sp.gov.br\/noticias\/wp-content\/uploads\/sites\/32\/2018\/10\/canil-gm-institucional_c_133.jpg\"><img loading=\"lazy\" decoding=\"async\" aria-describedby=\"caption-attachment-222787\" class=\"size-full wp-image-222787\" src=\"https:\/\/jundiai.sp.gov.br\/noticias\/wp-content\/uploads\/sites\/32\/2018\/10\/canil-gm-institucional_c_133.jpg\" alt=\"\" width=\"1240\" height=\"1511\" srcset=\"https:\/\/jundiai.sp.gov.br\/noticias\/wp-content\/uploads\/sites\/32\/2018\/10\/canil-gm-institucional_c_133.jpg 1240w, https:\/\/jundiai.sp.gov.br\/noticias\/wp-content\/uploads\/sites\/32\/2018\/10\/canil-gm-institucional_c_133-300x366.jpg 300w, https:\/\/jundiai.sp.gov.br\/noticias\/wp-content\/uploads\/sites\/32\/2018\/10\/canil-gm-institucional_c_133-768x936.jpg 768w, https:\/\/jundiai.sp.gov.br\/noticias\/wp-content\/uploads\/sites\/32\/2018\/10\/canil-gm-institucional_c_133-788x960.jpg 788w\" sizes=\"auto, (max-width: 1240px) 100vw, 1240px\" \/><\/a><p id=\"caption-attachment-222787\" class=\"wp-caption-text\">Ser\u00e3o disponibilizadas 10 vagas, com carga hor\u00e1ria semanal de trabalho de 40 horas<\/p><\/div>\n<p><strong>A Prefeitura de Jundia\u00ed, por meio da Unidade de Gest\u00e3o de Administra\u00e7\u00e3o e Gest\u00e3o de Pessoas (UGAGP) \u2013 Divis\u00e3o de Recrutamento e Sele\u00e7\u00e3o, publica na <a href=\"https:\/\/imprensaoficial.jundiai.sp.gov.br\/edicao-4462\/\" target=\"_blank\" rel=\"noopener\">Imprensa Oficial desta quarta-feira (10)<\/a> \u2013 o edital para a realiza\u00e7\u00e3o do Concurso P\u00fablico que visa o provimento de cargos para ingresso na Guarda Municipal de Jundia\u00ed (GMJ). As inscri\u00e7\u00f5es ser\u00e3o abertas <a href=\"http:\/\/www.ibamsp-concursos.org.br\" target=\"_blank\" rel=\"noopener\">exclusivamente via Internet<\/a> , a partir desta quinta-feira (11) at\u00e9 as 23h59 min do dia 12 de novembro de 2018. O per\u00edodo de inscri\u00e7\u00e3o poder\u00e1 ser prorrogado por necessidade de ordem t\u00e9cnica e\/ou operacional, a crit\u00e9rio da Comiss\u00e3o do Concurso e do Instituto Brasileiro de Administra\u00e7\u00e3o Municipal \u2013 IBAM.<\/strong><\/p>\n<p><strong>LEIA TAMB\u00c9M<\/strong><br \/>\n<a href=\"https:\/\/jundiai.sp.gov.br\/noticias\/2018\/10\/05\/gmj-amplia-o-aperfeicoamento-em-inteligencia-estrategica\/\" target=\"_blank\" rel=\"noopener\">GMJ amplia o aperfei\u00e7oamento em intelig\u00eancia estrat\u00e9gica<\/a><\/p>\n<p>O Concurso P\u00fablico destina-se a selecionar candidatos para o preenchimento de vagas na Corpora\u00e7\u00e3o, sob Estatuto dos Funcion\u00e1rios P\u00fablicos Municipais \u2013 Lei Complementar n\u00ba 499 de 22 de dezembro de 2010. Cabe ao Instituto Brasileiro a realiza\u00e7\u00e3o do certame nas 1\u00aa e 2\u00aa etapas (prova objetiva de car\u00e1ter classificat\u00f3rio e eliminat\u00f3rio; prova de aptid\u00e3o f\u00edsica de car\u00e1ter obrigat\u00f3rio) com a supervis\u00e3o da Comiss\u00e3o Especial do Concurso; e a execu\u00e7\u00e3o das 3\u00aa e 4\u00aa etapas (avalia\u00e7\u00e3o psicol\u00f3gica e exame m\u00e9dico de car\u00e1ter eliminat\u00f3rio; curso de forma\u00e7\u00e3o profissional de car\u00e1ter classificat\u00f3rio e eliminat\u00f3rio) sob a responsabilidade da Prefeitura de Jundia\u00ed.<\/p>\n<p>Ser\u00e3o disponibilizadas 10 vagas \u2013 para masculino e feminino -, com carga hor\u00e1ria semanal de trabalho de 40 horas em escala de revezamento. Todos os candidatos participar\u00e3o em igualdade de condi\u00e7\u00f5es quanto ao conte\u00fado de avalia\u00e7\u00e3o, nos termos do Artigo 2\u00ba da Lei Municipal n\u00ba 5.745, de 14 de fevereiro de 2002. Aos candidatos afrodescendentes fica assegurada a reserva de vagas na propor\u00e7\u00e3o de 20% das vagas oferecidas. Para concorrer a estas vagas, os candidatos dever\u00e3o especificar no formul\u00e1rio de inscri\u00e7\u00e3o a sua op\u00e7\u00e3o. Aos candidatos com defici\u00eancia, a reserva de vaga corresponde a 5% das vagas oferecidas, e das que venham a ser criadas durante o prazo de validade do Concurso.<\/p>\n<p>Para se inscrever, dentre os procedimentos elencados no Edital, \u00e9 preciso:<\/p>\n<p>&#8211; ter no m\u00ednimo 18 anos de idade completos at\u00e9 a data da posse e no m\u00e1ximo 35 anos de idade at\u00e9 o dia do t\u00e9rmino das inscri\u00e7\u00f5es no Concurso P\u00fablico, nos termos da Lei Municipal n\u00ba 9.004 de 18 de julho de 2018;<br \/>\n&#8211; Ensino M\u00e9dio Completo;<br \/>\n&#8211; Carteira Nacional de Habilita\u00e7\u00e3o (CNH) nas categorias \u2018A\u2019 e \u2018 B\u2019;<br \/>\n&#8211; ter estatura m\u00ednima descal\u00e7o e descoberto de 1,65 m para masculino e 1,60 m para feminino, nos termos da Lei Municipal n\u00ba 9.004 de 18 de julho de 2018;<br \/>\n&#8211; ser brasileiro nato ou naturalizado ou portugu\u00eas em condi\u00e7\u00f5es de igualdade de direito com os brasileiros; em caso de nacionalidade portuguesa, com reconhecimento de gozo de direitos pol\u00edticos, nos termos do Artigo 12, par\u00e1grafo 1\u00ba da Constitui\u00e7\u00e3o Federal;<br \/>\n&#8211; se do sexo masculino, estar em dia com as obriga\u00e7\u00f5es do Servi\u00e7o Militar;<br \/>\n&#8211; estar em situa\u00e7\u00e3o regular com a Justi\u00e7a Eleitoral;<br \/>\n&#8211; n\u00e3o registrar antecedentes criminais, impeditivos do exerc\u00edcio da fun\u00e7\u00e3o p\u00fablica, no pleno gozo de direitos civis e pol\u00edticos;<br \/>\n&#8211; comprovar escolaridade\/pr\u00e9-requisitos exigidos para o cargo.<\/p>\n<p><strong>Assessoria de Imprensa GMJ<\/strong><br \/>\n<strong>Fotos: Fot\u00f3grafos PMJ<\/strong><\/p>\n","protected":false},"excerpt":{"rendered":"<p>Ser\u00e3o disponibilizadas 10 vagas \u2013 para masculino e feminino, com carga hor\u00e1ria semanal de trabalho de 40 horas <\/p>\n","protected":false},"author":30,"featured_media":222789,"comment_status":"closed","ping_status":"closed","sticky":false,"template":"","format":"standard","meta":{"footnotes":""},"categories":[2],"tags":[969,646,31],"ods":[],"class_list":["post-222786","post","type-post","status-publish","format-standard","has-post-thumbnail","hentry","category-noticias","tag-administracao-e-gestao-de-pessoas","tag-concurso-publico","tag-guarda-municipal"],"_links":{"self":[{"href":"https:\/\/jundiai.sp.gov.br\/noticias\/wp-json\/wp\/v2\/posts\/222786","targetHints":{"allow":["GET"]}}],"collection":[{"href":"https:\/\/jundiai.sp.gov.br\/noticias\/wp-json\/wp\/v2\/posts"}],"about":[{"href":"https:\/\/jundiai.sp.gov.br\/noticias\/wp-json\/wp\/v2\/types\/post"}],"author":[{"embeddable":true,"href":"https:\/\/jundiai.sp.gov.br\/noticias\/wp-json\/wp\/v2\/users\/30"}],"replies":[{"embeddable":true,"href":"https:\/\/jundiai.sp.gov.br\/noticias\/wp-json\/wp\/v2\/comments?post=222786"}],"version-history":[{"count":8,"href":"https:\/\/jundiai.sp.gov.br\/noticias\/wp-json\/wp\/v2\/posts\/222786\/revisions"}],"predecessor-version":[{"id":222837,"href":"https:\/\/jundiai.sp.gov.br\/noticias\/wp-json\/wp\/v2\/posts\/222786\/revisions\/222837"}],"wp:featuredmedia":[{"embeddable":true,"href":"https:\/\/jundiai.sp.gov.br\/noticias\/wp-json\/wp\/v2\/media\/222789"}],"wp:attachment":[{"href":"https:\/\/jundiai.sp.gov.br\/noticias\/wp-json\/wp\/v2\/media?parent=222786"}],"wp:term":[{"taxonomy":"category","embeddable":true,"href":"https:\/\/jundiai.sp.gov.br\/noticias\/wp-json\/wp\/v2\/categories?post=222786"},{"taxonomy":"post_tag","embeddable":true,"href":"https:\/\/jundiai.sp.gov.br\/noticias\/wp-json\/wp\/v2\/tags?post=222786"},{"taxonomy":"ods","embeddable":true,"href":"https:\/\/jundiai.sp.gov.br\/noticias\/wp-json\/wp\/v2\/ods?post=222786"}],"curies":[{"name":"wp","href":"https:\/\/api.w.org\/{rel}","templated":true}]}}