{"id":224140,"date":"2018-11-11T14:14:05","date_gmt":"2018-11-11T16:14:05","guid":{"rendered":"https:\/\/jundiai.sp.gov.br\/noticias\/?p=224140"},"modified":"2018-11-11T14:16:59","modified_gmt":"2018-11-11T16:16:59","slug":"224140","status":"publish","type":"post","link":"https:\/\/jundiai.sp.gov.br\/noticias\/2018\/11\/11\/224140\/","title":{"rendered":"M\u00fasica, grafite e conta\u00e7\u00e3o de hist\u00f3rias agitam Dia do Hip Hop"},"content":{"rendered":"<div id=\"attachment_224141\" style=\"width: 410px\" class=\"wp-caption alignleft\"><a href=\"https:\/\/jundiai.sp.gov.br\/noticias\/wp-content\/uploads\/sites\/32\/2018\/11\/hip-hop_ceu-das-artes-5.jpg\"><img loading=\"lazy\" decoding=\"async\" aria-describedby=\"caption-attachment-224141\" class=\"size-full wp-image-224141\" src=\"https:\/\/jundiai.sp.gov.br\/noticias\/wp-content\/uploads\/sites\/32\/2018\/11\/hip-hop_ceu-das-artes-5.jpg\" alt=\"\" width=\"400\" height=\"350\" \/><\/a><p id=\"caption-attachment-224141\" class=\"wp-caption-text\">Conta\u00e7\u00e3o de hist\u00f3rias infantis manteve as crian\u00e7as concentradas<\/p><\/div>\n<p><strong>Desde \u00e0s 9h deste domingo (11), uma s\u00e9rie de atra\u00e7\u00f5es gratuitas est\u00e3o dispon\u00edveis a todos os jundiaienses, no C\u00c9U das Artes Vista Alegre (Rua Cabo Edvaldo Quirino Santana, 46-110). Dando in\u00edcio \u00e0s comemora\u00e7\u00f5es do M\u00eas da Consci\u00eancia Negra, o \u201cDia do Hip Hop\u201d \u00e9 uma realiza\u00e7\u00e3o da Unidade de Gest\u00e3o da Cultura em parceria com a Assessoria de Pol\u00edticas para a Igualdade Racial. \u201cNossa ideia \u00e9 valorizar a cultura negra e o hip hop \u00e9 um movimento musical que representa bem a riqueza dessa cultura\u201d, destaca o gestor Marcelo Peroni.<\/strong><\/p>\n<p><strong>LEIA TAMB\u00c9M<\/strong><br \/>\n<a href=\"https:\/\/jundiai.sp.gov.br\/noticias\/2018\/11\/09\/polytheama-tem-espetaculo-em-homenagem-a-inos\/\">Polytheama tem espet\u00e1culo em homenagem a Inos<\/a><\/p>\n<p>A primeira atra\u00e7\u00e3o come\u00e7ou logo \u00e0s 10h e vai at\u00e9r as 16h, com um workshop de grafite sob o comando de Jansay Jen-Jay, do coletivo The King\u2019s. A pequena Gabriela Fontolan Alves, de seis anos, foi a primeira a participar da atividade. \u201cEu adoro pintar. Espero que o quadro fique bem bonito\u201d, disse, antes de correr para a biblioteca do local, onde foi realizada uma conta\u00e7\u00e3o de hist\u00f3rias infantis.<\/p>\n<p>Durante a manh\u00e3, v\u00e1rios jogadores de Basquete de 3 aproveitaram para praticar o esporte na quadra, ao som de hip hop comandado pelo DJ Joker. A atividade foi recreativa, ou seja, sem competi\u00e7\u00e3o.<\/p>\n<p>O per\u00edodo da tarde tamb\u00e9m est\u00e1 repleto de atra\u00e7\u00f5es. A partir das 12h ter\u00e1 in\u00edcio um show musical com Fausto Crazy. Das 13h \u00e0s 14h, novamente o basquete ser\u00e1 a atra\u00e7\u00e3o. No mesmo hor\u00e1rio o DJ S Jay assume a mesa de som. Confira a programa\u00e7\u00e3o completa do per\u00edodo vespertino:<\/p>\n<ul>\n<li>das 13h \u00e0s 16h DJ S Jay<\/li>\n<li>das 12h \u00e0s 13h Oficina de Hip Hop \u2013 Alunos do CEU das Artes<\/li>\n<li>das 13h30 \u00e0s 14h30 Workshop de Discotecagem \u2013 Dj Piggy<\/li>\n<li>das 13h30 \u00e0s 14h30 Palestra \u2013 \u201cHip Hop e Sociedade\u201d \u2013 Na\u00e7\u00e3o Hip Hop<\/li>\n<li>das 14h30 \u00e0s 15h30 Palestra \u2013 \u201cHip Hop e Empreendedorismo\u201d \u2013 Fabio Rogerio<\/li>\n<li>das 15h30 \u00e0s 16h30 Disputas de MC e B boys<\/li>\n<li>das 17h30 \u00e0s 18h Show Musical \u2013 Ma Boo<\/li>\n<\/ul>\n<p><em><strong>Assessoria de Imprensa<\/strong><\/em><\/p>\n<p><em><strong>Fotos: Fot\u00f3grafos PMJ<\/strong><\/em><\/p>\n","protected":false},"excerpt":{"rendered":"<p>Dando in\u00edcio \u00e0s comemora\u00e7\u00f5es do M\u00eas da Consci\u00eancia Negra, o \u201cDia do Hip Hop\u201d valoriza a cultura negra e o movimento musical que representa a riqueza dessa cultura<\/p>\n","protected":false},"author":33,"featured_media":224142,"comment_status":"closed","ping_status":"closed","sticky":false,"template":"","format":"standard","meta":{"footnotes":""},"categories":[2],"tags":[996],"ods":[],"class_list":["post-224140","post","type-post","status-publish","format-standard","has-post-thumbnail","hentry","category-noticias","tag-assessoria-de-politicas-para-a-igualdade-racial"],"_links":{"self":[{"href":"https:\/\/jundiai.sp.gov.br\/noticias\/wp-json\/wp\/v2\/posts\/224140","targetHints":{"allow":["GET"]}}],"collection":[{"href":"https:\/\/jundiai.sp.gov.br\/noticias\/wp-json\/wp\/v2\/posts"}],"about":[{"href":"https:\/\/jundiai.sp.gov.br\/noticias\/wp-json\/wp\/v2\/types\/post"}],"author":[{"embeddable":true,"href":"https:\/\/jundiai.sp.gov.br\/noticias\/wp-json\/wp\/v2\/users\/33"}],"replies":[{"embeddable":true,"href":"https:\/\/jundiai.sp.gov.br\/noticias\/wp-json\/wp\/v2\/comments?post=224140"}],"version-history":[{"count":2,"href":"https:\/\/jundiai.sp.gov.br\/noticias\/wp-json\/wp\/v2\/posts\/224140\/revisions"}],"predecessor-version":[{"id":224144,"href":"https:\/\/jundiai.sp.gov.br\/noticias\/wp-json\/wp\/v2\/posts\/224140\/revisions\/224144"}],"wp:featuredmedia":[{"embeddable":true,"href":"https:\/\/jundiai.sp.gov.br\/noticias\/wp-json\/wp\/v2\/media\/224142"}],"wp:attachment":[{"href":"https:\/\/jundiai.sp.gov.br\/noticias\/wp-json\/wp\/v2\/media?parent=224140"}],"wp:term":[{"taxonomy":"category","embeddable":true,"href":"https:\/\/jundiai.sp.gov.br\/noticias\/wp-json\/wp\/v2\/categories?post=224140"},{"taxonomy":"post_tag","embeddable":true,"href":"https:\/\/jundiai.sp.gov.br\/noticias\/wp-json\/wp\/v2\/tags?post=224140"},{"taxonomy":"ods","embeddable":true,"href":"https:\/\/jundiai.sp.gov.br\/noticias\/wp-json\/wp\/v2\/ods?post=224140"}],"curies":[{"name":"wp","href":"https:\/\/api.w.org\/{rel}","templated":true}]}}