{"id":224449,"date":"2018-11-19T18:00:00","date_gmt":"2018-11-19T20:00:00","guid":{"rendered":"https:\/\/jundiai.sp.gov.br\/noticias\/?p=224449"},"modified":"2018-11-19T18:00:00","modified_gmt":"2018-11-19T20:00:00","slug":"jogos-abertos-jundiai-esta-em-3o-lugar-na-competicao","status":"publish","type":"post","link":"https:\/\/jundiai.sp.gov.br\/noticias\/2018\/11\/19\/jogos-abertos-jundiai-esta-em-3o-lugar-na-competicao\/","title":{"rendered":"Jogos Abertos: Jundia\u00ed est\u00e1 em 3\u00ba lugar na competi\u00e7\u00e3o"},"content":{"rendered":"<p><div id=\"attachment_224450\" style=\"width: 410px\" class=\"wp-caption alignright\"><a href=\"https:\/\/jundiai.sp.gov.br\/noticias\/wp-content\/uploads\/sites\/32\/2018\/11\/img-20181118-wa0016.jpg\"><img loading=\"lazy\" decoding=\"async\" aria-describedby=\"caption-attachment-224450\" class=\"size-full wp-image-224450\" src=\"https:\/\/jundiai.sp.gov.br\/noticias\/wp-content\/uploads\/sites\/32\/2018\/11\/img-20181118-wa0016.jpg\" alt=\"\" width=\"400\" height=\"350\" \/><\/a><p id=\"caption-attachment-224450\" class=\"wp-caption-text\">Jundia\u00ed est\u00e1 em 3\u00b0 lugar na pontua\u00e7\u00e3o parcial da competi\u00e7\u00e3o<\/p><\/div><strong>Atletas do TIME Jundia\u00ed, da Unidade de Gest\u00e3o de Esporte e Lazer (UGEL) est\u00e3o competindo em 35 modalidades na cidade de S\u00e3o Carlos durante a 82\u00aa edi\u00e7\u00e3o dos Jogos Abertos do Interior (JAI) 2018.<\/strong><\/p>\n<p><strong>LEIA TAMB\u00c9M<\/strong><br \/>\n<a href=\"https:\/\/jundiai.sp.gov.br\/noticias\/2018\/11\/18\/jogos-abertos-time-jundiai-reforca-o-empenho-na-ultima-semana-das-competicoes\/\">Jogos Abertos: TIME Jundia\u00ed refor\u00e7a o empenho na \u00faltima semana das competi\u00e7\u00f5es<\/a><\/p>\n<p>As competi\u00e7\u00f5es tiveram in\u00edcio na \u00faltima ter\u00e7a-feira (13), e prosseguem at\u00e9 este s\u00e1bado (24), com Jundia\u00ed j\u00e1 se destacando em v\u00e1rias modalidades: ao todo s\u00e3o 401 atletas representando o TIME Jundia\u00ed.<\/p>\n<p>O chefe da delega\u00e7\u00e3o jundiaiense, Moacir Carlos Regra, acredita que a participa\u00e7\u00e3o do TIME Jundia\u00ed est\u00e1 ocorrendo dentro da normalidade e com muita expectativa. \u201cA experi\u00eancia est\u00e1 sendo muito gratificante e a energia dos jovens atletas \u00e9 muito boa. Estamos bem confiantes nos pr\u00f3ximos resultados para uma boa coloca\u00e7\u00e3o. S\u00e3o 250 cidades participantes, representando todo o Estado de S\u00e3o Paulo\u201d, contou.<\/p>\n<p><strong>PONTUA\u00c7\u00c3O PARCIAL:<\/strong>\u00a0Jundia\u00ed \u2013 3\u00ba lugar, com 65 pontos<\/p>\n<p><strong>Basquete Masculino: 1\u00b0divis\u00e3o at\u00e9 20 anos<\/strong><br \/>\nAraraquara 62 x 58 Jundia\u00ed<\/p>\n<p><strong>Futsal Masculino: 1\u00b0divis\u00e3o at\u00e9 20 anos<\/strong><br \/>\nJundia\u00ed 0 x 1 Francisco Morato<\/p>\n<p><strong>Xadrez Feminino: 2\u00b0 Divis\u00e3o<\/strong><br \/>\nSanta F\u00e9 do Sul 2 x 2 Jundia\u00ed<br \/>\nClassifica\u00e7\u00e3o final: 4\u00b0 Lugar com 6 pontos<\/p>\n<p><strong>Xadrez Masculino Livre: 2\u00b0 Divis\u00e3o<\/strong><br \/>\nS\u00e3o Manuel 1 x 3 Jundia\u00ed<br \/>\nClassifica\u00e7\u00e3o P\u00f3s 5\u00b0 Rodada: Quarto lugar com 11,5 pontos<\/p>\n<p><strong>Salto com vara Feminino: Final<\/strong><br \/>\nPosi\u00e7\u00e3o Final- 3\u00b0 Lugar com Gislaine Cristina de S\u00e1 saltando para 02\u201960\u201d<\/p>\n<p><strong>5000 metros rasos Masculino- Final por tempo<\/strong><br \/>\nPosi\u00e7\u00e3o Final- 3\u00b0 Lugar com Andre Alberi De Santana com o tempo de 15\u201911\u201d07<\/p>\n<p><strong>Prova de Velocidade Individual \u2013 2\u00aa Divis\u00e3o Feminino<\/strong><br \/>\nNadia Gon\u00e7alves Martoni De Aquino ficou na 2\u00aa coloca\u00e7\u00e3o<br \/>\nResultado Parcial: 1 \u00ba Lugar empatado com Araraquara com 20 pontos<\/p>\n<p><strong>Assessoria de Imprensa PMJ<\/strong><br \/>\n<strong>Fotos: Divulga\u00e7\u00e3o<\/strong><\/p>\n","protected":false},"excerpt":{"rendered":"<p>Atletas do TIME Jundia\u00ed, da Unidade de Gest\u00e3o de Esporte e Lazer (UGEL) est\u00e3o competindo em 35 modalidades na cidade de S\u00e3o Carlos durante a 82\u00aa edi\u00e7\u00e3o dos Jogos Abertos do Interior (JAI) 2018. LEIA TAMB\u00c9M Jogos Abertos: TIME Jundia\u00ed refor\u00e7a o empenho na \u00faltima semana das competi\u00e7\u00f5es As competi\u00e7\u00f5es tiveram in\u00edcio na \u00faltima ter\u00e7a-feira [&hellip;]<\/p>\n","protected":false},"author":30,"featured_media":0,"comment_status":"closed","ping_status":"closed","sticky":false,"template":"","format":"standard","meta":{"footnotes":""},"categories":[2],"tags":[],"ods":[],"class_list":["post-224449","post","type-post","status-publish","format-standard","hentry","category-noticias"],"_links":{"self":[{"href":"https:\/\/jundiai.sp.gov.br\/noticias\/wp-json\/wp\/v2\/posts\/224449","targetHints":{"allow":["GET"]}}],"collection":[{"href":"https:\/\/jundiai.sp.gov.br\/noticias\/wp-json\/wp\/v2\/posts"}],"about":[{"href":"https:\/\/jundiai.sp.gov.br\/noticias\/wp-json\/wp\/v2\/types\/post"}],"author":[{"embeddable":true,"href":"https:\/\/jundiai.sp.gov.br\/noticias\/wp-json\/wp\/v2\/users\/30"}],"replies":[{"embeddable":true,"href":"https:\/\/jundiai.sp.gov.br\/noticias\/wp-json\/wp\/v2\/comments?post=224449"}],"version-history":[{"count":3,"href":"https:\/\/jundiai.sp.gov.br\/noticias\/wp-json\/wp\/v2\/posts\/224449\/revisions"}],"predecessor-version":[{"id":224453,"href":"https:\/\/jundiai.sp.gov.br\/noticias\/wp-json\/wp\/v2\/posts\/224449\/revisions\/224453"}],"wp:attachment":[{"href":"https:\/\/jundiai.sp.gov.br\/noticias\/wp-json\/wp\/v2\/media?parent=224449"}],"wp:term":[{"taxonomy":"category","embeddable":true,"href":"https:\/\/jundiai.sp.gov.br\/noticias\/wp-json\/wp\/v2\/categories?post=224449"},{"taxonomy":"post_tag","embeddable":true,"href":"https:\/\/jundiai.sp.gov.br\/noticias\/wp-json\/wp\/v2\/tags?post=224449"},{"taxonomy":"ods","embeddable":true,"href":"https:\/\/jundiai.sp.gov.br\/noticias\/wp-json\/wp\/v2\/ods?post=224449"}],"curies":[{"name":"wp","href":"https:\/\/api.w.org\/{rel}","templated":true}]}}