{"id":224758,"date":"2018-11-23T19:21:17","date_gmt":"2018-11-23T21:21:17","guid":{"rendered":"https:\/\/jundiai.sp.gov.br\/noticias\/?p=224758"},"modified":"2018-11-24T19:52:00","modified_gmt":"2018-11-24T21:52:00","slug":"festival-de-curtas-de-jundiai-segue-neste-sabado-24","status":"publish","type":"post","link":"https:\/\/jundiai.sp.gov.br\/noticias\/2018\/11\/23\/festival-de-curtas-de-jundiai-segue-neste-sabado-24\/","title":{"rendered":"Festival de Curtas de Jundia\u00ed segue neste s\u00e1bado (24)"},"content":{"rendered":"<p><div id=\"attachment_224759\" style=\"width: 1333px\" class=\"wp-caption alignleft\"><a href=\"https:\/\/jundiai.sp.gov.br\/noticias\/wp-content\/uploads\/sites\/32\/2018\/11\/curtas_complexo_fepasa-10.jpg\"><img loading=\"lazy\" decoding=\"async\" aria-describedby=\"caption-attachment-224759\" src=\"https:\/\/jundiai.sp.gov.br\/noticias\/wp-content\/uploads\/sites\/32\/2018\/11\/curtas_complexo_fepasa-10.jpg\" alt=\"\" width=\"400\" height=\"400\" class=\"size-full wp-image-224759\" \/><\/a><p id=\"caption-attachment-224759\" class=\"wp-caption-text\">Dentre os 60 inscritos para o Festival, 10 foram selecionados e concorrem a premia\u00e7\u00e3o em dinheiro<\/p><\/div><strong>Teve in\u00edcio na noite de ontem (23) o 1\u00ba Festival de Curtas-Metragens de Jundia\u00ed, um evento promovido pela Unidade de Gest\u00e3o de Cultura (UGC), em parceria com o Conselho Municipal de Pol\u00edtica Cultural e a C\u00e2mara Setorial do Audiovisual e Cultura Digital.<\/strong><\/p>\n<p>Os curtas foram divididos nas categorias Cena 1, para os inscritos do territ\u00f3rio nacional, e Cena 2, para os curtas produzidos em Jundia\u00ed (ou cujo proponente resida na cidade) e que concorrer\u00e3o ao Pr\u00eamio Cidade Jundia\u00ed. \u201cOs jurados foram escolhidos pela C\u00e2mara e Conselho de Cultura, que indicaram profissionais atuantes e professores da \u00e1rea de cinema\u201d, explicou Jo\u00e3o Carlos de Lucca, diretor de Cultura da UGC. \u201cEsse di\u00e1logo com o setor \u00e9 muito importante porque s\u00e3o eles que nos ajudam a formatar estas a\u00e7\u00f5es\u201d.<\/p>\n<p>Na Sala Jundia\u00ed, no Complexo Argos, o p\u00fablico presente na noite de ontem pode acompanhar a exibi\u00e7\u00e3o dos cinco primeiros curtas participantes do Festival, produzidos por Thiago Beckenkamp, de Santa Cruz do Sul (RS), Luana Rodrigues, de Jundia\u00ed, Sarah Kacowicz, de Belo Horizonte (MG), Douglas Alves e Alexandre Alonso, ambos de S\u00e3o Paulo (SP). Na noite deste s\u00e1bado (24), a partir de 19h30, ser\u00e3o exibidos mais cinco curtas: \u201cBody Count t\u00e1 na \u00e1rea!\u201d, de Marco Antonio Tavares, S\u00e3o Paulo; \u201cO Jantar\u201d, de Marcelo da Silva, Jundia\u00ed; \u201cA Mochila\u201d, de Ritielle Moraes Pereira, Foz do Igua\u00e7u (PR); \u201cAssim seja\u201d, de Hana Oliveira, S\u00e3o Paulo; e \u201cCinemagina\u00e7\u00e3o\u201d, de Andr\u00e9 Guiachetto, Jundia\u00ed.<\/p>\n<p>A divulga\u00e7\u00e3o dos vencedores, com a exibi\u00e7\u00e3o dos quatro curtas premiados, sendo tr\u00eas deles pela Cena 1 e o vencedor do Pr\u00eamio Jundia\u00ed pela Cena 2, ser\u00e1 feita neste domingo (25), a partir das 19h, com as respectivas premia\u00e7\u00f5es em dinheiro.<\/p>\n<p>O Complexo Fepasa fica na avenida Uni\u00e3o dos Ferrovi\u00e1rios, 1760, e a entrada \u00e9 gratuita.<br \/>\n<em><br \/>\n<strong>Assessoria de Imprensa<br \/>\nFoto: Arquivo PMJ<\/strong><\/em><\/p>\n","protected":false},"excerpt":{"rendered":"<p>Teve in\u00edcio na noite de ontem (23) o 1\u00ba Festival de Curtas-Metragens de Jundia\u00ed, um evento promovido pela Unidade de Gest\u00e3o de Cultura (UGC), em parceria com o Conselho Municipal de Pol\u00edtica Cultural e a C\u00e2mara Setorial do Audiovisual e Cultura Digital. Os curtas foram divididos nas categorias Cena 1, para os inscritos do territ\u00f3rio [&hellip;]<\/p>\n","protected":false},"author":33,"featured_media":0,"comment_status":"closed","ping_status":"closed","sticky":false,"template":"","format":"standard","meta":{"footnotes":""},"categories":[2],"tags":[419,29,1133],"ods":[],"class_list":["post-224758","post","type-post","status-publish","format-standard","hentry","category-noticias","tag-complexo-argos","tag-cultura","tag-festival-de-curtas-metragens"],"_links":{"self":[{"href":"https:\/\/jundiai.sp.gov.br\/noticias\/wp-json\/wp\/v2\/posts\/224758","targetHints":{"allow":["GET"]}}],"collection":[{"href":"https:\/\/jundiai.sp.gov.br\/noticias\/wp-json\/wp\/v2\/posts"}],"about":[{"href":"https:\/\/jundiai.sp.gov.br\/noticias\/wp-json\/wp\/v2\/types\/post"}],"author":[{"embeddable":true,"href":"https:\/\/jundiai.sp.gov.br\/noticias\/wp-json\/wp\/v2\/users\/33"}],"replies":[{"embeddable":true,"href":"https:\/\/jundiai.sp.gov.br\/noticias\/wp-json\/wp\/v2\/comments?post=224758"}],"version-history":[{"count":3,"href":"https:\/\/jundiai.sp.gov.br\/noticias\/wp-json\/wp\/v2\/posts\/224758\/revisions"}],"predecessor-version":[{"id":224762,"href":"https:\/\/jundiai.sp.gov.br\/noticias\/wp-json\/wp\/v2\/posts\/224758\/revisions\/224762"}],"wp:attachment":[{"href":"https:\/\/jundiai.sp.gov.br\/noticias\/wp-json\/wp\/v2\/media?parent=224758"}],"wp:term":[{"taxonomy":"category","embeddable":true,"href":"https:\/\/jundiai.sp.gov.br\/noticias\/wp-json\/wp\/v2\/categories?post=224758"},{"taxonomy":"post_tag","embeddable":true,"href":"https:\/\/jundiai.sp.gov.br\/noticias\/wp-json\/wp\/v2\/tags?post=224758"},{"taxonomy":"ods","embeddable":true,"href":"https:\/\/jundiai.sp.gov.br\/noticias\/wp-json\/wp\/v2\/ods?post=224758"}],"curies":[{"name":"wp","href":"https:\/\/api.w.org\/{rel}","templated":true}]}}