{"id":225985,"date":"2018-12-14T11:36:52","date_gmt":"2018-12-14T13:36:52","guid":{"rendered":"https:\/\/jundiai.sp.gov.br\/noticias\/?p=225985"},"modified":"2018-12-14T11:44:35","modified_gmt":"2018-12-14T13:44:35","slug":"guardiao-da-saude-sugestoes-da-populacao-melhoram-atendimento","status":"publish","type":"post","link":"https:\/\/jundiai.sp.gov.br\/noticias\/2018\/12\/14\/guardiao-da-saude-sugestoes-da-populacao-melhoram-atendimento\/","title":{"rendered":"\u2018Guardi\u00e3o da Sa\u00fade\u2019: sugest\u00f5es da popula\u00e7\u00e3o melhoram atendimento"},"content":{"rendered":"<div id=\"attachment_225986\" style=\"width: 1333px\" class=\"wp-caption alignleft\"><a href=\"https:\/\/jundiai.sp.gov.br\/noticias\/wp-content\/uploads\/sites\/32\/2018\/12\/ubs-vila-maringa-guardiao-da-saude_c_-39.jpg\"><img loading=\"lazy\" decoding=\"async\" aria-describedby=\"caption-attachment-225986\" class=\"size-full wp-image-225986\" src=\"https:\/\/jundiai.sp.gov.br\/noticias\/wp-content\/uploads\/sites\/32\/2018\/12\/ubs-vila-maringa-guardiao-da-saude_c_-39.jpg\" alt=\"\" width=\"1323\" height=\"882\" srcset=\"https:\/\/jundiai.sp.gov.br\/noticias\/wp-content\/uploads\/sites\/32\/2018\/12\/ubs-vila-maringa-guardiao-da-saude_c_-39.jpg 1323w, https:\/\/jundiai.sp.gov.br\/noticias\/wp-content\/uploads\/sites\/32\/2018\/12\/ubs-vila-maringa-guardiao-da-saude_c_-39-300x200.jpg 300w, https:\/\/jundiai.sp.gov.br\/noticias\/wp-content\/uploads\/sites\/32\/2018\/12\/ubs-vila-maringa-guardiao-da-saude_c_-39-768x512.jpg 768w, https:\/\/jundiai.sp.gov.br\/noticias\/wp-content\/uploads\/sites\/32\/2018\/12\/ubs-vila-maringa-guardiao-da-saude_c_-39-450x300.jpg 450w\" sizes=\"auto, (max-width: 1323px) 100vw, 1323px\" \/><\/a><p id=\"caption-attachment-225986\" class=\"wp-caption-text\">Guardi\u00e3o da Sa\u00fade est\u00e1 dispon\u00edvel na Nova UBS Maring\u00e1, Nova UBS Tulipas, UPA Vetor Oeste e Cl\u00ednica da Fam\u00edlia<\/p><\/div>\n<p><strong>O programa \u2018Guardi\u00e3o da Sa\u00fade\u2019, criado com o objetivo de balizar as a\u00e7\u00f5es desenvolvidas pela Unidade de Gest\u00e3o de Promo\u00e7\u00e3o da Sa\u00fade (UGPS) para qualificar o atendimento aos usu\u00e1rios dos equipamentos de sa\u00fade do munic\u00edpio, j\u00e1 resulta em melhorias diretas para a popula\u00e7\u00e3o. Com quatro totens instalados \u2013 Nova UBS Maring\u00e1, Nova UBS Tulipas, Cl\u00ednica da Fam\u00edlia e Unidade de Pronto Atendimento (UPA 24H) Vetor Oeste \u2013 a UGPS altera procedimentos e espa\u00e7os para oferecer conforto e humaniza\u00e7\u00e3o \u00e0 popula\u00e7\u00e3o.<\/strong><\/p>\n<p><strong>LEIA TAMB\u00c9M<\/strong><br \/>\n<a href=\"https:\/\/jundiai.sp.gov.br\/noticias\/2018\/12\/12\/prefeitura-garante-prioridade-na-manutencao-do-atendimento-na-upa\/\">Prefeitura garante prioridade na manuten\u00e7\u00e3o do atendimento na UPA<\/a><\/p>\n<p>Por um sistema integrado via internet, os equipamentos encaminham para a central de banco de dados do Pa\u00e7o Municipal todas as avalia\u00e7\u00f5es, opini\u00f5es e sugest\u00f5es registradas anonimamente nas telas dispostas nas recep\u00e7\u00f5es dos equipamentos de sa\u00fade. \u201cEstamos satisfeitos com o resultado alcan\u00e7ado. Das 1.854 opini\u00f5es registradas \u2013 at\u00e9 o dia 11 de dezembro -, as valida\u00e7\u00f5es como \u00f3timo ou bom s\u00e3o maioria, com m\u00e9dia de 80%. As pontua\u00e7\u00f5es negativas s\u00e3o analisadas a partir das sugest\u00f5es registradas \u2018Guardi\u00e3o da Sa\u00fade\u2019 e as medidas s\u00e3o tomadas para sanar a pend\u00eancia\u201d, comenta o gestor da UGPS, Tiago Texera.<\/p>\n<p>Na Nova UBS Maring\u00e1, por exemplo, as solicita\u00e7\u00f5es para acesso ao estacionamento no pr\u00e9dio para usu\u00e1rios, a altera\u00e7\u00e3o no hor\u00e1rio para entrega de medicamentos \u2013 amplia\u00e7\u00e3o para funcionamento no per\u00edodo das 12h \u00e0s 13h \u2013 e a coloca\u00e7\u00e3o das cortinas foram conquistadas a partir das sugest\u00f5es no \u2018Guardi\u00e3o da Sa\u00fade\u2019. \u201cS\u00e3o medidas simples que atendem demandas da popula\u00e7\u00e3o e que n\u00e3o chegavam at\u00e9 a gest\u00e3o. Essa aten\u00e7\u00e3o \u00e0s necessidades da popula\u00e7\u00e3o, com acolhimento e humaniza\u00e7\u00e3o, proporcionam ao mun\u00edcipe conforto\u201d, detalha a diretora de Aten\u00e7\u00e3o B\u00e1sica, Dayane Martins. A diretora lembra que o atendimento dos servidores \u00e9 foco de aprimoramento, com ofertas de capacita\u00e7\u00f5es e cursos para a implementa\u00e7\u00e3o do atendimento humanizado.<\/p>\n<p><strong>Assessoria de Imprensa<br \/>\n<\/strong><strong>Fotos: Fot\u00f3grafos PMJ<\/strong><\/p>\n","protected":false},"excerpt":{"rendered":"<p>Programa foi criado para qualificar o atendimento aos usu\u00e1rios dos equipamentos de sa\u00fade e j\u00e1 resulta em melhorias diretas para a popula\u00e7\u00e3o<\/p>\n","protected":false},"author":30,"featured_media":226000,"comment_status":"closed","ping_status":"closed","sticky":false,"template":"","format":"standard","meta":{"footnotes":""},"categories":[2],"tags":[1073,981],"ods":[],"class_list":["post-225985","post","type-post","status-publish","format-standard","has-post-thumbnail","hentry","category-noticias","tag-nova-ubs","tag-promocao-da-saude"],"_links":{"self":[{"href":"https:\/\/jundiai.sp.gov.br\/noticias\/wp-json\/wp\/v2\/posts\/225985","targetHints":{"allow":["GET"]}}],"collection":[{"href":"https:\/\/jundiai.sp.gov.br\/noticias\/wp-json\/wp\/v2\/posts"}],"about":[{"href":"https:\/\/jundiai.sp.gov.br\/noticias\/wp-json\/wp\/v2\/types\/post"}],"author":[{"embeddable":true,"href":"https:\/\/jundiai.sp.gov.br\/noticias\/wp-json\/wp\/v2\/users\/30"}],"replies":[{"embeddable":true,"href":"https:\/\/jundiai.sp.gov.br\/noticias\/wp-json\/wp\/v2\/comments?post=225985"}],"version-history":[{"count":5,"href":"https:\/\/jundiai.sp.gov.br\/noticias\/wp-json\/wp\/v2\/posts\/225985\/revisions"}],"predecessor-version":[{"id":226003,"href":"https:\/\/jundiai.sp.gov.br\/noticias\/wp-json\/wp\/v2\/posts\/225985\/revisions\/226003"}],"wp:featuredmedia":[{"embeddable":true,"href":"https:\/\/jundiai.sp.gov.br\/noticias\/wp-json\/wp\/v2\/media\/226000"}],"wp:attachment":[{"href":"https:\/\/jundiai.sp.gov.br\/noticias\/wp-json\/wp\/v2\/media?parent=225985"}],"wp:term":[{"taxonomy":"category","embeddable":true,"href":"https:\/\/jundiai.sp.gov.br\/noticias\/wp-json\/wp\/v2\/categories?post=225985"},{"taxonomy":"post_tag","embeddable":true,"href":"https:\/\/jundiai.sp.gov.br\/noticias\/wp-json\/wp\/v2\/tags?post=225985"},{"taxonomy":"ods","embeddable":true,"href":"https:\/\/jundiai.sp.gov.br\/noticias\/wp-json\/wp\/v2\/ods?post=225985"}],"curies":[{"name":"wp","href":"https:\/\/api.w.org\/{rel}","templated":true}]}}