{"id":226175,"date":"2018-12-17T12:21:28","date_gmt":"2018-12-17T14:21:28","guid":{"rendered":"https:\/\/jundiai.sp.gov.br\/noticias\/?p=226175"},"modified":"2018-12-17T12:21:28","modified_gmt":"2018-12-17T14:21:28","slug":"passeio-ciclistico-pela-rota-turistica-finaliza-comemoracoes-do-aniversario-de-jundiai","status":"publish","type":"post","link":"https:\/\/jundiai.sp.gov.br\/noticias\/2018\/12\/17\/passeio-ciclistico-pela-rota-turistica-finaliza-comemoracoes-do-aniversario-de-jundiai\/","title":{"rendered":"Passeio Cicl\u00edstico pela Rota Tur\u00edstica finaliza comemora\u00e7\u00f5es do anivers\u00e1rio de Jundia\u00ed"},"content":{"rendered":"<div id=\"attachment_226176\" style=\"width: 1090px\" class=\"wp-caption alignleft\"><a href=\"https:\/\/jundiai.sp.gov.br\/noticias\/wp-content\/uploads\/sites\/32\/2018\/12\/whatsapp-image-2018-12-17-at-10-38-31.jpeg\"><img loading=\"lazy\" decoding=\"async\" aria-describedby=\"caption-attachment-226176\" class=\"size-full wp-image-226176\" src=\"https:\/\/jundiai.sp.gov.br\/noticias\/wp-content\/uploads\/sites\/32\/2018\/12\/whatsapp-image-2018-12-17-at-10-38-31.jpeg\" alt=\"\" width=\"1080\" height=\"1080\" srcset=\"https:\/\/jundiai.sp.gov.br\/noticias\/wp-content\/uploads\/sites\/32\/2018\/12\/whatsapp-image-2018-12-17-at-10-38-31.jpeg 1080w, https:\/\/jundiai.sp.gov.br\/noticias\/wp-content\/uploads\/sites\/32\/2018\/12\/whatsapp-image-2018-12-17-at-10-38-31-100x100.jpeg 100w, https:\/\/jundiai.sp.gov.br\/noticias\/wp-content\/uploads\/sites\/32\/2018\/12\/whatsapp-image-2018-12-17-at-10-38-31-300x300.jpeg 300w, https:\/\/jundiai.sp.gov.br\/noticias\/wp-content\/uploads\/sites\/32\/2018\/12\/whatsapp-image-2018-12-17-at-10-38-31-768x768.jpeg 768w, https:\/\/jundiai.sp.gov.br\/noticias\/wp-content\/uploads\/sites\/32\/2018\/12\/whatsapp-image-2018-12-17-at-10-38-31-1050x1050.jpeg 1050w\" sizes=\"auto, (max-width: 1080px) 100vw, 1080px\" \/><\/a><p id=\"caption-attachment-226176\" class=\"wp-caption-text\">O passeio formou parte da programa\u00e7\u00e3o dos 363 anos de Jundia\u00ed<\/p><\/div>\n<p><strong>No \u00faltimo domingo (16), a regi\u00e3o central da cidade recebeu o 2\u00ba Passeio Cicl\u00edstico pela Rota Tur\u00edstica do Centro Hist\u00f3rico. O passeio formou parte da programa\u00e7\u00e3o dos 363 anos de Jundia\u00ed e contou com a presen\u00e7a de 20 ciclistas.<\/strong><\/p>\n<p><strong>LEIA TAMB\u00c9M<\/strong><br \/>\n<a href=\"https:\/\/jundiai.sp.gov.br\/noticias\/2018\/12\/16\/reproducoes-de-imagens-da-historia-de-jundiai-ilustram-pontilhao-da-nove\/\">Reprodu\u00e7\u00f5es de imagens da hist\u00f3ria de Jundia\u00ed ilustram pontilh\u00e3o da Nove<\/a><\/p>\n<p>O trajeto come\u00e7ou \u00e0s 10h na Pinacoteca Municipal Di\u00f3genes Duarte Paes e seguiu por alguns dos 100 pontos de interesse de visita\u00e7\u00e3o que comp\u00f5em a Rota, como o Teatro Polytheama, o Antigo Museu de Energia, o Museu Solar do Bar\u00e3o, o Edif\u00edcio Carderelli, a Catedral (Igreja da Matriz), o Restaurante Dad\u00e1, a Bomboniere Marab\u00e1 e a C\u00e2mara Municipal. A rota terminou \u00e0s 12h no Viaduto da avenida Nove de Julho, onde os ciclistas puderam observar as a\u00e7\u00f5es de grafitagem do pontilh\u00e3o.<\/p>\n<p>\u201cO objetivo principal do passeio \u00e9 divulgar o projeto da Rota do Centro Hist\u00f3rico e apresentar as novas placas de identifica\u00e7\u00e3o de pedestres que est\u00e3o sendo instaladas pela cidade\u201d, comenta William Paix\u00e3o, diretor do Departamento do Patrim\u00f4nio Hist\u00f3rico.<\/p>\n<p>O 2\u00ba Passeio Cicl\u00edstico foi uma realiza\u00e7\u00e3o das Unidades de Gest\u00e3o de Agroneg\u00f3cio, Abastecimento e Turismo (UGAAT) e de Cultura (UGC), atrav\u00e9s do Departamento de Patrim\u00f4nio Hist\u00f3rico e contou com o apoio e sinaliza\u00e7\u00e3o da Unidade de Mobilidade e Transporte (UGMT).<\/p>\n<p><strong>Assessoria de Imprensa<br \/>\nFoto:\u00a0<\/strong><b>Divulga\u00e7\u00e3o<\/b><\/p>\n","protected":false},"excerpt":{"rendered":"<p>No \u00faltimo domingo (16), a regi\u00e3o central da cidade recebeu o 2\u00ba Passeio Cicl\u00edstico pela Rota Tur\u00edstica do Centro Hist\u00f3rico. O passeio formou parte da programa\u00e7\u00e3o dos 363 anos de Jundia\u00ed e contou com a presen\u00e7a de 20 ciclistas. LEIA TAMB\u00c9M Reprodu\u00e7\u00f5es de imagens da hist\u00f3ria de Jundia\u00ed ilustram pontilh\u00e3o da Nove O trajeto come\u00e7ou [&hellip;]<\/p>\n","protected":false},"author":30,"featured_media":0,"comment_status":"closed","ping_status":"closed","sticky":false,"template":"","format":"standard","meta":{"footnotes":""},"categories":[2],"tags":[974,29,1137],"ods":[],"class_list":["post-226175","post","type-post","status-publish","format-standard","hentry","category-noticias","tag-agronegocio-abastecimento-e-turismo","tag-cultura","tag-jundiai-363-anos"],"_links":{"self":[{"href":"https:\/\/jundiai.sp.gov.br\/noticias\/wp-json\/wp\/v2\/posts\/226175","targetHints":{"allow":["GET"]}}],"collection":[{"href":"https:\/\/jundiai.sp.gov.br\/noticias\/wp-json\/wp\/v2\/posts"}],"about":[{"href":"https:\/\/jundiai.sp.gov.br\/noticias\/wp-json\/wp\/v2\/types\/post"}],"author":[{"embeddable":true,"href":"https:\/\/jundiai.sp.gov.br\/noticias\/wp-json\/wp\/v2\/users\/30"}],"replies":[{"embeddable":true,"href":"https:\/\/jundiai.sp.gov.br\/noticias\/wp-json\/wp\/v2\/comments?post=226175"}],"version-history":[{"count":2,"href":"https:\/\/jundiai.sp.gov.br\/noticias\/wp-json\/wp\/v2\/posts\/226175\/revisions"}],"predecessor-version":[{"id":226178,"href":"https:\/\/jundiai.sp.gov.br\/noticias\/wp-json\/wp\/v2\/posts\/226175\/revisions\/226178"}],"wp:attachment":[{"href":"https:\/\/jundiai.sp.gov.br\/noticias\/wp-json\/wp\/v2\/media?parent=226175"}],"wp:term":[{"taxonomy":"category","embeddable":true,"href":"https:\/\/jundiai.sp.gov.br\/noticias\/wp-json\/wp\/v2\/categories?post=226175"},{"taxonomy":"post_tag","embeddable":true,"href":"https:\/\/jundiai.sp.gov.br\/noticias\/wp-json\/wp\/v2\/tags?post=226175"},{"taxonomy":"ods","embeddable":true,"href":"https:\/\/jundiai.sp.gov.br\/noticias\/wp-json\/wp\/v2\/ods?post=226175"}],"curies":[{"name":"wp","href":"https:\/\/api.w.org\/{rel}","templated":true}]}}