{"id":226784,"date":"2019-01-10T11:23:56","date_gmt":"2019-01-10T13:23:56","guid":{"rendered":"https:\/\/jundiai.sp.gov.br\/noticias\/?p=226784"},"modified":"2019-01-10T16:05:41","modified_gmt":"2019-01-10T18:05:41","slug":"trabalho-a-todo-vapor-prepara-o-parque-para-a-festa-da-uva","status":"publish","type":"post","link":"https:\/\/jundiai.sp.gov.br\/noticias\/2019\/01\/10\/trabalho-a-todo-vapor-prepara-o-parque-para-a-festa-da-uva\/","title":{"rendered":"Trabalho a todo vapor prepara o parque para a Festa da Uva"},"content":{"rendered":"<div id=\"attachment_226786\" style=\"width: 1270px\" class=\"wp-caption alignleft\"><a href=\"https:\/\/jundiai.sp.gov.br\/noticias\/wp-content\/uploads\/sites\/32\/2019\/01\/preparativos-para-festa-da-uva_parque-da-uva-55.jpg\"><img loading=\"lazy\" decoding=\"async\" aria-describedby=\"caption-attachment-226786\" class=\"size-full wp-image-226786\" src=\"https:\/\/jundiai.sp.gov.br\/noticias\/wp-content\/uploads\/sites\/32\/2019\/01\/preparativos-para-festa-da-uva_parque-da-uva-55.jpg\" alt=\"\" width=\"1260\" height=\"774\" srcset=\"https:\/\/jundiai.sp.gov.br\/noticias\/wp-content\/uploads\/sites\/32\/2019\/01\/preparativos-para-festa-da-uva_parque-da-uva-55.jpg 1260w, https:\/\/jundiai.sp.gov.br\/noticias\/wp-content\/uploads\/sites\/32\/2019\/01\/preparativos-para-festa-da-uva_parque-da-uva-55-300x184.jpg 300w, https:\/\/jundiai.sp.gov.br\/noticias\/wp-content\/uploads\/sites\/32\/2019\/01\/preparativos-para-festa-da-uva_parque-da-uva-55-768x472.jpg 768w\" sizes=\"auto, (max-width: 1260px) 100vw, 1260px\" \/><\/a><p id=\"caption-attachment-226786\" class=\"wp-caption-text\">Pavilh\u00e3o Interno receber\u00e1 os cen\u00e1rios para o receptivo da festa, al\u00e9m dos stands de vendas e exposi\u00e7\u00f5es<\/p><\/div>\n<p><strong>A Prefeitura j\u00e1 est\u00e1 trabalhando para preparar o parque municipal Comendador Ant\u00f4nio Carbonari para a 36\u00aa Festa da Uva e 7\u00aa Expo Vinhos de 2019. Al\u00e9m das a\u00e7\u00f5es de pintura e de limpezas necess\u00e1rias, os pavilh\u00f5es est\u00e3o recebendo as montagens dos cen\u00e1rios e no espa\u00e7o externo est\u00e3o sendo montadas as tendas que abrigar\u00e3o as atra\u00e7\u00f5es e garantir\u00e3o a sombra para os visitantes.<\/strong><\/p>\n<p>Esta edi\u00e7\u00e3o da festa contar\u00e1 com 5400 metros quadrados de \u00e1rea coberta para a pra\u00e7a de alimenta\u00e7\u00e3o, 500 metros quadrados de \u00e1rea coberta para o Emp\u00f3rio (onde s\u00e3o vendidos produtos t\u00edpicos, como p\u00e3es, doces e geleias), al\u00e9m de 1300 metros quadrados em tenda para a venda do artesanato produzido pelos artistas do programa Jundia\u00ed feito \u00e0 M\u00e3o.<\/p>\n<p>Nos pavilh\u00f5es, est\u00e3o sendo montados as barracas para exposi\u00e7\u00e3o e venda de frutas e os cen\u00e1rios que retratar\u00e3o a vida do imigrante italiano no Munic\u00edpio, onde atores ir\u00e3o fazer o receptivo dos visitantes para a festa.<\/p>\n<div id=\"attachment_226788\" style=\"width: 1270px\" class=\"wp-caption alignleft\"><a href=\"https:\/\/jundiai.sp.gov.br\/noticias\/wp-content\/uploads\/sites\/32\/2019\/01\/preparativos-para-festa-da-uva_parque-da-uva-157.jpg\"><img loading=\"lazy\" decoding=\"async\" aria-describedby=\"caption-attachment-226788\" class=\"size-full wp-image-226788\" src=\"https:\/\/jundiai.sp.gov.br\/noticias\/wp-content\/uploads\/sites\/32\/2019\/01\/preparativos-para-festa-da-uva_parque-da-uva-157.jpg\" alt=\"\" width=\"1260\" height=\"793\" srcset=\"https:\/\/jundiai.sp.gov.br\/noticias\/wp-content\/uploads\/sites\/32\/2019\/01\/preparativos-para-festa-da-uva_parque-da-uva-157.jpg 1260w, https:\/\/jundiai.sp.gov.br\/noticias\/wp-content\/uploads\/sites\/32\/2019\/01\/preparativos-para-festa-da-uva_parque-da-uva-157-300x189.jpg 300w, https:\/\/jundiai.sp.gov.br\/noticias\/wp-content\/uploads\/sites\/32\/2019\/01\/preparativos-para-festa-da-uva_parque-da-uva-157-768x483.jpg 768w\" sizes=\"auto, (max-width: 1260px) 100vw, 1260px\" \/><\/a><p id=\"caption-attachment-226788\" class=\"wp-caption-text\">Espa\u00e7os com sombra visam ao bem-estar dos visitantes e de quem trabalhar na festa<\/p><\/div>\n<p>Esta edi\u00e7\u00e3o da festa ir\u00e1 receber ainda mais espa\u00e7os voltados para o p\u00fablico infantil, al\u00e9m de uma instala\u00e7\u00e3o do programa \u201cRuas de Brincar\u201d, a\u00e7\u00e3o lan\u00e7ada em dezembro pela Prefeitura como parte do programa \u201cCidade das Crian\u00e7as\u201d com mob\u00edlia e interven\u00e7\u00f5es para incentivar o lado l\u00fadico tanto das crian\u00e7as quanto dos adultos.<\/p>\n<p>A Festa come\u00e7a na pr\u00f3xima quinta-feira (17), \u00e0s 19h, e segue nos dias 18, 19, 20, 25, 26 e 27 de janeiro e 01, 02 e 03 de fevereiro, \u00e0s sextas-feiras, das 18h \u00e0s 22h; aos s\u00e1bados, das 10h \u00e0s 22h; e aos domingos, das 10h \u00e0s 20h. A entrada \u00e9 gratuita e o visitante \u00e9 incentivado a colaborar com a doa\u00e7\u00e3o de alimentos n\u00e3o perec\u00edveis para destina\u00e7\u00e3o ao Fundo Social de Solidariedade (Funss).<\/p>\n<p><strong><em>Assessoria de Imprensa<br \/>\nFotos: Fot\u00f3grafos PMJ<\/em><\/strong><\/p>\n","protected":false},"excerpt":{"rendered":"<p>A Prefeitura j\u00e1 est\u00e1 trabalhando para preparar o parque municipal Comendador Ant\u00f4nio Carbonari para a 36\u00aa Festa da Uva e 7\u00aa Expo Vinhos de 2019. Al\u00e9m das a\u00e7\u00f5es de pintura e de limpezas necess\u00e1rias, os pavilh\u00f5es est\u00e3o recebendo as montagens dos cen\u00e1rios e no espa\u00e7o externo est\u00e3o sendo montadas as tendas que abrigar\u00e3o as atra\u00e7\u00f5es [&hellip;]<\/p>\n","protected":false},"author":30,"featured_media":226786,"comment_status":"closed","ping_status":"closed","sticky":false,"template":"","format":"standard","meta":{"footnotes":""},"categories":[2],"tags":[1123,974,29,276],"ods":[],"class_list":["post-226784","post","type-post","status-publish","format-standard","has-post-thumbnail","hentry","category-noticias","tag-36a-festa-da-uva-e-7a-expo-vinhos","tag-agronegocio-abastecimento-e-turismo","tag-cultura","tag-parque-da-uva"],"_links":{"self":[{"href":"https:\/\/jundiai.sp.gov.br\/noticias\/wp-json\/wp\/v2\/posts\/226784","targetHints":{"allow":["GET"]}}],"collection":[{"href":"https:\/\/jundiai.sp.gov.br\/noticias\/wp-json\/wp\/v2\/posts"}],"about":[{"href":"https:\/\/jundiai.sp.gov.br\/noticias\/wp-json\/wp\/v2\/types\/post"}],"author":[{"embeddable":true,"href":"https:\/\/jundiai.sp.gov.br\/noticias\/wp-json\/wp\/v2\/users\/30"}],"replies":[{"embeddable":true,"href":"https:\/\/jundiai.sp.gov.br\/noticias\/wp-json\/wp\/v2\/comments?post=226784"}],"version-history":[{"count":4,"href":"https:\/\/jundiai.sp.gov.br\/noticias\/wp-json\/wp\/v2\/posts\/226784\/revisions"}],"predecessor-version":[{"id":226808,"href":"https:\/\/jundiai.sp.gov.br\/noticias\/wp-json\/wp\/v2\/posts\/226784\/revisions\/226808"}],"wp:featuredmedia":[{"embeddable":true,"href":"https:\/\/jundiai.sp.gov.br\/noticias\/wp-json\/wp\/v2\/media\/226786"}],"wp:attachment":[{"href":"https:\/\/jundiai.sp.gov.br\/noticias\/wp-json\/wp\/v2\/media?parent=226784"}],"wp:term":[{"taxonomy":"category","embeddable":true,"href":"https:\/\/jundiai.sp.gov.br\/noticias\/wp-json\/wp\/v2\/categories?post=226784"},{"taxonomy":"post_tag","embeddable":true,"href":"https:\/\/jundiai.sp.gov.br\/noticias\/wp-json\/wp\/v2\/tags?post=226784"},{"taxonomy":"ods","embeddable":true,"href":"https:\/\/jundiai.sp.gov.br\/noticias\/wp-json\/wp\/v2\/ods?post=226784"}],"curies":[{"name":"wp","href":"https:\/\/api.w.org\/{rel}","templated":true}]}}