{"id":227017,"date":"2019-01-18T17:38:46","date_gmt":"2019-01-18T19:38:46","guid":{"rendered":"https:\/\/jundiai.sp.gov.br\/noticias\/?p=227017"},"modified":"2019-10-03T10:55:40","modified_gmt":"2019-10-03T13:55:40","slug":"acoes-de-assistencia-social-sao-tratadas-entre-prefeito-e-representante-do-estado","status":"publish","type":"post","link":"https:\/\/jundiai.sp.gov.br\/noticias\/2019\/01\/18\/acoes-de-assistencia-social-sao-tratadas-entre-prefeito-e-representante-do-estado\/","title":{"rendered":"A\u00e7\u00f5es de assist\u00eancia social s\u00e3o tratadas entre prefeito e representante do Estado"},"content":{"rendered":"<p><strong>O prefeito Luiz Fernando Machado recebeu na manh\u00e3 desta sexta-feira (18), no Pa\u00e7o Municipal, a visita do secret\u00e1rio-executivo estadual de Desenvolvimento Social, Paulo Mathias, a fim de apresentar as a\u00e7\u00f5es socioassistenciais da Prefeitura e discutir propostas afins entre as pastas e estudar a implanta\u00e7\u00e3o de novos projetos no Munic\u00edpio.\u00a0Al\u00e9m da audi\u00eancia com o prefeito, o representante do Governo do Estado conheceu o pr\u00e9dio onde funcionava o Centro P\u00fablico de Atendimento ao Idoso (CEPAI), na Vila Hortol\u00e2ndia, que passar\u00e1, a partir de abril, a ser mais uma unidade do Centro de Refer\u00eancia do Idoso (Criju). Depois, no\u00a0Jardim Novo Horizonte, passou pelo territ\u00f3rio de atendimento da rede socioassistencial e fez uma visita domiciliar com a equipe do programa Crian\u00e7a Feliz.<\/strong><\/p>\n<p>Mathias, que representou a secret\u00e1ria estadual da pasta, C\u00e9lia Parnes, e o governador, Jo\u00e3o D\u00f3ria, dialogou com o prefeito sobre gera\u00e7\u00e3o de alternativas e de autonomia para as pessoas em vulnerabilidade social e tomou conhecimento dos dados da Vigil\u00e2ncia Social do Munic\u00edpio. \u201cA Secretaria tem interesse em levar projetos para o Jardim Novo Horizonte. Fica o convite para a Prefeitura, que encontrar\u00e1 as portas abertas l\u00e1 em S\u00e3o Paulo, para firmar estudos de viabiliza\u00e7\u00e3o de propostas\u201d.<\/p>\n<div id=\"attachment_227019\" style=\"width: 1270px\" class=\"wp-caption alignleft\"><a href=\"https:\/\/jundiai.sp.gov.br\/noticias\/wp-content\/uploads\/sites\/32\/2019\/01\/gabinete_visita-paulo-mathias-secretario-executivo-de-desenvolvimento-social-128.jpg\"><img loading=\"lazy\" decoding=\"async\" aria-describedby=\"caption-attachment-227019\" class=\"size-full wp-image-227019\" src=\"https:\/\/jundiai.sp.gov.br\/noticias\/wp-content\/uploads\/sites\/32\/2019\/01\/gabinete_visita-paulo-mathias-secretario-executivo-de-desenvolvimento-social-128.jpg\" alt=\"\" width=\"1260\" height=\"777\" srcset=\"https:\/\/jundiai.sp.gov.br\/noticias\/wp-content\/uploads\/sites\/32\/2019\/01\/gabinete_visita-paulo-mathias-secretario-executivo-de-desenvolvimento-social-128.jpg 1260w, https:\/\/jundiai.sp.gov.br\/noticias\/wp-content\/uploads\/sites\/32\/2019\/01\/gabinete_visita-paulo-mathias-secretario-executivo-de-desenvolvimento-social-128-300x185.jpg 300w, https:\/\/jundiai.sp.gov.br\/noticias\/wp-content\/uploads\/sites\/32\/2019\/01\/gabinete_visita-paulo-mathias-secretario-executivo-de-desenvolvimento-social-128-768x474.jpg 768w\" sizes=\"auto, (max-width: 1260px) 100vw, 1260px\" \/><\/a><p id=\"caption-attachment-227019\" class=\"wp-caption-text\">Prefeito e secret\u00e1rio apresentaram dados e projetos das pastas<\/p><\/div>\n<p>Luiz Fernando apresentou os dados da Cl\u00ednica da Fam\u00edlia e da UPA do Vetor Oeste, inauguradas h\u00e1 um m\u00eas, e que juntas j\u00e1 realizaram cerca de 18 mil procedimentos. \u201cA regi\u00e3o Oeste conta com cerca de 140 mil habitantes e fica no limite com outros Munic\u00edpios. A Prefeitura ir\u00e1 agilizar todos os tr\u00e2mites que forem apontados como necess\u00e1rios para viabilizar projetos em favor daquela regi\u00e3o junto ao Governo do Estado\u201d, afirmou.<\/p>\n<p>A gestora da Unidade de Gest\u00e3o de Assist\u00eancia e Desenvolvimento Social (UGADS), N\u00e1dia Taffarello Soares, aproveitou o encontro para apresentar o funcionamento do Banco de Alimentos do Munic\u00edpio, al\u00e9m de outras a\u00e7\u00f5es. \u201cTemos trabalhado para que os servi\u00e7os cheguem a todas as regi\u00f5es do Munic\u00edpio e que as pessoas tenham as condi\u00e7\u00f5es de adquirir sua autonomia por meio do trabalho e da gera\u00e7\u00e3o de renda\u201d.<\/p>\n<p>Tamb\u00e9m presente ao encontro, Rodrigo Simionato, da Coca-Cola Femsa Brasil, apresentou os projetos da Funda\u00e7\u00e3o Femsa com a \u00e1gua e com a Primeir\u00edssima Inf\u00e2ncia e mostrou-se disposto a firmar parcerias com a Secretaria Estadual.<\/p>\n<p><strong>Assessoria de Imprensa<br \/>\nFoto: Fot\u00f3grafos PMJ<\/strong><\/p>\n","protected":false},"excerpt":{"rendered":"<p>O prefeito Luiz Fernando Machado recebeu na manh\u00e3 desta sexta-feira (18), no Pa\u00e7o Municipal, a visita do secret\u00e1rio-executivo estadual de Desenvolvimento Social, Paulo Mathias, a fim de apresentar as a\u00e7\u00f5es socioassistenciais da Prefeitura e discutir propostas afins entre as pastas e estudar a implanta\u00e7\u00e3o de novos projetos no Munic\u00edpio.\u00a0Al\u00e9m da audi\u00eancia com o prefeito, o [&hellip;]<\/p>\n","protected":false},"author":30,"featured_media":0,"comment_status":"closed","ping_status":"closed","sticky":false,"template":"","format":"standard","meta":{"footnotes":""},"categories":[2],"tags":[980,1287,58],"ods":[],"class_list":["post-227017","post","type-post","status-publish","format-standard","hentry","category-noticias","tag-assistencia-e-desenvolvimento-social","tag-crianca-feliz","tag-prefeito"],"_links":{"self":[{"href":"https:\/\/jundiai.sp.gov.br\/noticias\/wp-json\/wp\/v2\/posts\/227017","targetHints":{"allow":["GET"]}}],"collection":[{"href":"https:\/\/jundiai.sp.gov.br\/noticias\/wp-json\/wp\/v2\/posts"}],"about":[{"href":"https:\/\/jundiai.sp.gov.br\/noticias\/wp-json\/wp\/v2\/types\/post"}],"author":[{"embeddable":true,"href":"https:\/\/jundiai.sp.gov.br\/noticias\/wp-json\/wp\/v2\/users\/30"}],"replies":[{"embeddable":true,"href":"https:\/\/jundiai.sp.gov.br\/noticias\/wp-json\/wp\/v2\/comments?post=227017"}],"version-history":[{"count":3,"href":"https:\/\/jundiai.sp.gov.br\/noticias\/wp-json\/wp\/v2\/posts\/227017\/revisions"}],"predecessor-version":[{"id":227023,"href":"https:\/\/jundiai.sp.gov.br\/noticias\/wp-json\/wp\/v2\/posts\/227017\/revisions\/227023"}],"wp:attachment":[{"href":"https:\/\/jundiai.sp.gov.br\/noticias\/wp-json\/wp\/v2\/media?parent=227017"}],"wp:term":[{"taxonomy":"category","embeddable":true,"href":"https:\/\/jundiai.sp.gov.br\/noticias\/wp-json\/wp\/v2\/categories?post=227017"},{"taxonomy":"post_tag","embeddable":true,"href":"https:\/\/jundiai.sp.gov.br\/noticias\/wp-json\/wp\/v2\/tags?post=227017"},{"taxonomy":"ods","embeddable":true,"href":"https:\/\/jundiai.sp.gov.br\/noticias\/wp-json\/wp\/v2\/ods?post=227017"}],"curies":[{"name":"wp","href":"https:\/\/api.w.org\/{rel}","templated":true}]}}