{"id":227215,"date":"2019-01-26T19:37:00","date_gmt":"2019-01-26T21:37:00","guid":{"rendered":"https:\/\/jundiai.sp.gov.br\/noticias\/?p=227215"},"modified":"2019-01-26T20:08:41","modified_gmt":"2019-01-26T22:08:41","slug":"pisa-da-uva-tradicao-do-passado-e-revisitada-durante-a-festa-da-uva","status":"publish","type":"post","link":"https:\/\/jundiai.sp.gov.br\/noticias\/2019\/01\/26\/pisa-da-uva-tradicao-do-passado-e-revisitada-durante-a-festa-da-uva\/","title":{"rendered":"Pisa da Uva: tradi\u00e7\u00e3o do passado \u00e9 revisitada durante a Festa da Uva"},"content":{"rendered":"<div id=\"attachment_227216\" style=\"width: 1290px\" class=\"wp-caption alignleft\"><a href=\"https:\/\/jundiai.sp.gov.br\/noticias\/wp-content\/uploads\/sites\/32\/2019\/01\/cda9078.jpg\"><img loading=\"lazy\" decoding=\"async\" aria-describedby=\"caption-attachment-227216\" class=\"size-full wp-image-227216\" src=\"https:\/\/jundiai.sp.gov.br\/noticias\/wp-content\/uploads\/sites\/32\/2019\/01\/cda9078.jpg\" alt=\"\" width=\"1280\" height=\"853\" srcset=\"https:\/\/jundiai.sp.gov.br\/noticias\/wp-content\/uploads\/sites\/32\/2019\/01\/cda9078.jpg 1280w, https:\/\/jundiai.sp.gov.br\/noticias\/wp-content\/uploads\/sites\/32\/2019\/01\/cda9078-300x200.jpg 300w, https:\/\/jundiai.sp.gov.br\/noticias\/wp-content\/uploads\/sites\/32\/2019\/01\/cda9078-768x512.jpg 768w, https:\/\/jundiai.sp.gov.br\/noticias\/wp-content\/uploads\/sites\/32\/2019\/01\/cda9078-450x300.jpg 450w\" sizes=\"auto, (max-width: 1280px) 100vw, 1280px\" \/><\/a><p id=\"caption-attachment-227216\" class=\"wp-caption-text\">Visitantes lotam pavilh\u00e3o central para acompanhar atra\u00e7\u00f5es culturais e a pista da uva<\/p><\/div>\n<p><strong>Macerar os cachos de uva com os p\u00e9s para que, depois, o suco seja fermentado e se transforme em vinho \u00e9 uma das atra\u00e7\u00f5es que t\u00eam atra\u00eddo centenas de pessoas durante a 36\u00aa Festa da Uva e VII Expo Vinhos de Jundia\u00ed. Os visitantes ainda aproveitam o Parque Comendador Antonio Carbonari para degustar vinhos, comprar frutas e experimentar as del\u00edcias culin\u00e1rias dos bairros.<\/strong><\/p>\n<p><strong>LEIA TAMB\u00c9M<\/strong><br \/>\n<a href=\"https:\/\/jundiai.sp.gov.br\/noticias\/2019\/01\/25\/cultura-abre-edital-para-cadastramento-dos-blocos-de-carnaval\/\">Cultura abre edital para cadastramento dos blocos de Carnaval<\/a><\/p>\n<p>Adriana Garcia Dias, 74 anos, \u00e9 uma apaixonada pela Festa da Uva de Jundia\u00ed. Animada, aproveito o dia para experimentar a pisa da uva. \u201c\u00c9 uma oportunidade \u00fanica de se fazer isso. A festa est\u00e1 de parab\u00e9ns pelas atra\u00e7\u00f5es\u201d, comentou com a amiga italiana Geovana Arduino Dezider\u00e1, que participa do evento pela segunda vez e tamb\u00e9m estreou o processo de macerar as bagas da fruta.<\/p>\n<p>Marcia Maia viajou de Prad\u00f3polis para Jundia\u00ed exclusivamente para aproveitar a festa. \u201cEsta \u00e9 a primeira vez que venho e estou adorando. J\u00e1 tinha visto reportagens e conhecia o evento por not\u00edcias. Estou experimentando n\u00e3o s\u00f3 a festa como a pisa\u201d, comemorou.<\/p>\n<p>Realizada aos s\u00e1bados e domingos, \u00e0s 14h30, a pisa da uva representa a hist\u00f3ria dos imigrantes italianos que trouxeram a videira niagara para o munic\u00edpio. \u201cA Festa da Uva \u00e9 uma homenagem para todos aqueles que est\u00e3o ligados a esta hist\u00f3ria e s\u00e3o representados durante o evento como os agricultores e os italianos\u201d, detalhou o gestor da Unidade de Gest\u00e3o de Cultura (UGC), Marcelo Peroni.<\/p>\n<p>Ele ainda lembra que a 36\u00aa Festa da Uva e VII Expo Vinhos oferece outras atra\u00e7\u00f5es como o \u2018Expresso da Alegria\u2019, \u2013 que \u00e9 gratuito e oferecido em parceria com a C\u00e2mara de Dirigentes Lojistas (CDL) Jundia\u00ed e Sincomercio Jundia\u00ed e Regi\u00e3o, para passeios pelo Centro Hist\u00f3rico -, e a Parada da Uva, realizado \u00e0s 16h30 pelas ruas do parque.<\/p>\n<p>A Festa da Uva segue com programa\u00e7\u00e3o nos dias 25, 26 e 27 de janeiro e 01, 02 e 03 de fevereiro, \u00e0s sextas-feiras, das 18h \u00e0s 22h; aos s\u00e1bados, das 10h \u00e0s 22h; e aos domingos, das 10h \u00e0s 20h.<\/p>\n<p><em><strong>Assessoria de Imprensa<\/strong><\/em><\/p>\n<p><em><strong>Fotos: Fotografos PMJ<\/strong><\/em><\/p>\n","protected":false},"excerpt":{"rendered":"<p>Macerar os cachos de uva com os p\u00e9s para que, depois, o suco seja fermentado e se transforme em vinho \u00e9 uma das atra\u00e7\u00f5es que t\u00eam atra\u00eddo centenas de pessoas durante a 36\u00aa Festa da Uva e VII Expo Vinhos de Jundia\u00ed. Os visitantes ainda aproveitam o Parque Comendador Antonio Carbonari para degustar vinhos, comprar [&hellip;]<\/p>\n","protected":false},"author":33,"featured_media":227216,"comment_status":"closed","ping_status":"closed","sticky":false,"template":"","format":"standard","meta":{"footnotes":""},"categories":[2],"tags":[1123,276],"ods":[],"class_list":["post-227215","post","type-post","status-publish","format-standard","has-post-thumbnail","hentry","category-noticias","tag-36a-festa-da-uva-e-7a-expo-vinhos","tag-parque-da-uva"],"_links":{"self":[{"href":"https:\/\/jundiai.sp.gov.br\/noticias\/wp-json\/wp\/v2\/posts\/227215","targetHints":{"allow":["GET"]}}],"collection":[{"href":"https:\/\/jundiai.sp.gov.br\/noticias\/wp-json\/wp\/v2\/posts"}],"about":[{"href":"https:\/\/jundiai.sp.gov.br\/noticias\/wp-json\/wp\/v2\/types\/post"}],"author":[{"embeddable":true,"href":"https:\/\/jundiai.sp.gov.br\/noticias\/wp-json\/wp\/v2\/users\/33"}],"replies":[{"embeddable":true,"href":"https:\/\/jundiai.sp.gov.br\/noticias\/wp-json\/wp\/v2\/comments?post=227215"}],"version-history":[{"count":1,"href":"https:\/\/jundiai.sp.gov.br\/noticias\/wp-json\/wp\/v2\/posts\/227215\/revisions"}],"predecessor-version":[{"id":227217,"href":"https:\/\/jundiai.sp.gov.br\/noticias\/wp-json\/wp\/v2\/posts\/227215\/revisions\/227217"}],"wp:featuredmedia":[{"embeddable":true,"href":"https:\/\/jundiai.sp.gov.br\/noticias\/wp-json\/wp\/v2\/media\/227216"}],"wp:attachment":[{"href":"https:\/\/jundiai.sp.gov.br\/noticias\/wp-json\/wp\/v2\/media?parent=227215"}],"wp:term":[{"taxonomy":"category","embeddable":true,"href":"https:\/\/jundiai.sp.gov.br\/noticias\/wp-json\/wp\/v2\/categories?post=227215"},{"taxonomy":"post_tag","embeddable":true,"href":"https:\/\/jundiai.sp.gov.br\/noticias\/wp-json\/wp\/v2\/tags?post=227215"},{"taxonomy":"ods","embeddable":true,"href":"https:\/\/jundiai.sp.gov.br\/noticias\/wp-json\/wp\/v2\/ods?post=227215"}],"curies":[{"name":"wp","href":"https:\/\/api.w.org\/{rel}","templated":true}]}}