{"id":227313,"date":"2019-01-30T18:51:32","date_gmt":"2019-01-30T20:51:32","guid":{"rendered":"https:\/\/jundiai.sp.gov.br\/noticias\/?p=227313"},"modified":"2019-01-30T18:51:32","modified_gmt":"2019-01-30T20:51:32","slug":"revisao-do-plano-diretor-e-entregue-para-o-comdema","status":"publish","type":"post","link":"https:\/\/jundiai.sp.gov.br\/noticias\/2019\/01\/30\/revisao-do-plano-diretor-e-entregue-para-o-comdema\/","title":{"rendered":"Revis\u00e3o do Plano Diretor \u00e9 entregue para o Comdema"},"content":{"rendered":"<div id=\"attachment_227315\" style=\"width: 1290px\" class=\"wp-caption alignleft\"><a href=\"https:\/\/jundiai.sp.gov.br\/noticias\/wp-content\/uploads\/sites\/32\/2019\/01\/unidan_ugpuma-29.jpg\"><img loading=\"lazy\" decoding=\"async\" aria-describedby=\"caption-attachment-227315\" class=\"size-full wp-image-227315\" src=\"https:\/\/jundiai.sp.gov.br\/noticias\/wp-content\/uploads\/sites\/32\/2019\/01\/unidan_ugpuma-29.jpg\" alt=\"\" width=\"1280\" height=\"852\" srcset=\"https:\/\/jundiai.sp.gov.br\/noticias\/wp-content\/uploads\/sites\/32\/2019\/01\/unidan_ugpuma-29.jpg 1280w, https:\/\/jundiai.sp.gov.br\/noticias\/wp-content\/uploads\/sites\/32\/2019\/01\/unidan_ugpuma-29-300x200.jpg 300w, https:\/\/jundiai.sp.gov.br\/noticias\/wp-content\/uploads\/sites\/32\/2019\/01\/unidan_ugpuma-29-768x511.jpg 768w, https:\/\/jundiai.sp.gov.br\/noticias\/wp-content\/uploads\/sites\/32\/2019\/01\/unidan_ugpuma-29-450x300.jpg 450w\" sizes=\"auto, (max-width: 1280px) 100vw, 1280px\" \/><\/a><p id=\"caption-attachment-227315\" class=\"wp-caption-text\">Comdema recebe c\u00f3pia da Revis\u00e3o do Plano Diretor para an\u00e1lise da C\u00e2mara T\u00e9cnica<\/p><\/div>\n<p><strong>A Reuni\u00e3o ordin\u00e1ria do Conselho Municipal em Defesa do Meio Ambiente (Comdema) de Jundia\u00ed, realizada nesta quarta-feira (30), na Unidade de Desenvolvimento Ambiental (Unidam), al\u00e9m dos despachos e delibera\u00e7\u00f5es, serviu para que os integrantes recebessem uma c\u00f3pia da Revis\u00e3o do Plano Diretor (Lei 8.683\/2016). O texto ser\u00e1 analisado por C\u00e2mara T\u00e9cnica (CT) e ter parecer apresentado sobre as disposi\u00e7\u00f5es no m\u00eas de mar\u00e7o. O texto tamb\u00e9m ser\u00e1 entregue para outros conselhos e passar\u00e1 por an\u00e1lise jur\u00eddica.<\/strong><\/p>\n<p>De acordo com a presidente do Comdema, Silvia Merlo, as explica\u00e7\u00f5es apresentadas pelo gestor da Unidade de Gest\u00e3o de Planejamento Urbano e Meio Ambiente (UGPUMA), Sin\u00e9sio Scarabello, e pela diretora de Urbanismo, Sylvia Angelini, foram importantes para iniciar a discuss\u00e3o. \u201cOs apontamentos serviram para que os conselheiros tenham uma introdu\u00e7\u00e3o sobre as modifica\u00e7\u00f5es. Agora, ser\u00e1 determinado o cronograma de encontros para o debate. Al\u00e9m do grupo de conselheiros do CT Uso do Solo, novos integrantes pelo CT espec\u00edfico para o Plano Diretor tamb\u00e9m participar\u00e3o dos estudos da proposta\u201d, argumentou.<\/p>\n<p>Sin\u00e9sio ressaltou o trabalho realizado de forma transparente feito durante todo o processo. \u201cForam realizadas reuni\u00f5es abertas para a popula\u00e7\u00e3o, al\u00e9m de existir o site para que a popula\u00e7\u00e3o pudesse inserir sugest\u00f5es e propostas de melhorias. Agora, com a revis\u00e3o j\u00e1 dispon\u00edvel para a an\u00e1lise, ainda \u00e9 poss\u00edvel incluir sugest\u00f5es. Ainda ser\u00e3o realizadas audi\u00eancias p\u00fablicas, a partir do dia 16, em bairros e hor\u00e1rios diferenciados para que a popula\u00e7\u00e3o possa participar\u201d, detalha.<\/p>\n<p>Ap\u00f3s o processo de audi\u00eancias realizado pela UGPUMA, o texto ser\u00e1 encaminhado para a C\u00e2mara, para mais discuss\u00f5es antes de ser colocado em vota\u00e7\u00e3o.<\/p>\n<p><strong>Assessoria de Imprensa<br \/>\n<\/strong><strong>Fotos: Fot\u00f3grafo PMJ<\/strong><\/p>\n","protected":false},"excerpt":{"rendered":"<p>A Reuni\u00e3o ordin\u00e1ria do Conselho Municipal em Defesa do Meio Ambiente (Comdema) de Jundia\u00ed, realizada nesta quarta-feira (30), na Unidade de Desenvolvimento Ambiental (Unidam), al\u00e9m dos despachos e delibera\u00e7\u00f5es, serviu para que os integrantes recebessem uma c\u00f3pia da Revis\u00e3o do Plano Diretor (Lei 8.683\/2016). O texto ser\u00e1 analisado por C\u00e2mara T\u00e9cnica (CT) e ter parecer [&hellip;]<\/p>\n","protected":false},"author":30,"featured_media":0,"comment_status":"closed","ping_status":"closed","sticky":false,"template":"","format":"standard","meta":{"footnotes":""},"categories":[2],"tags":[498,984,742],"ods":[],"class_list":["post-227313","post","type-post","status-publish","format-standard","hentry","category-noticias","tag-conselho-de-defesa-do-meio-ambiente-comdema","tag-planejamento-urbano-e-meio-ambiente","tag-unidade-de-desenvolvimento-ambiental-unidam"],"_links":{"self":[{"href":"https:\/\/jundiai.sp.gov.br\/noticias\/wp-json\/wp\/v2\/posts\/227313","targetHints":{"allow":["GET"]}}],"collection":[{"href":"https:\/\/jundiai.sp.gov.br\/noticias\/wp-json\/wp\/v2\/posts"}],"about":[{"href":"https:\/\/jundiai.sp.gov.br\/noticias\/wp-json\/wp\/v2\/types\/post"}],"author":[{"embeddable":true,"href":"https:\/\/jundiai.sp.gov.br\/noticias\/wp-json\/wp\/v2\/users\/30"}],"replies":[{"embeddable":true,"href":"https:\/\/jundiai.sp.gov.br\/noticias\/wp-json\/wp\/v2\/comments?post=227313"}],"version-history":[{"count":2,"href":"https:\/\/jundiai.sp.gov.br\/noticias\/wp-json\/wp\/v2\/posts\/227313\/revisions"}],"predecessor-version":[{"id":227316,"href":"https:\/\/jundiai.sp.gov.br\/noticias\/wp-json\/wp\/v2\/posts\/227313\/revisions\/227316"}],"wp:attachment":[{"href":"https:\/\/jundiai.sp.gov.br\/noticias\/wp-json\/wp\/v2\/media?parent=227313"}],"wp:term":[{"taxonomy":"category","embeddable":true,"href":"https:\/\/jundiai.sp.gov.br\/noticias\/wp-json\/wp\/v2\/categories?post=227313"},{"taxonomy":"post_tag","embeddable":true,"href":"https:\/\/jundiai.sp.gov.br\/noticias\/wp-json\/wp\/v2\/tags?post=227313"},{"taxonomy":"ods","embeddable":true,"href":"https:\/\/jundiai.sp.gov.br\/noticias\/wp-json\/wp\/v2\/ods?post=227313"}],"curies":[{"name":"wp","href":"https:\/\/api.w.org\/{rel}","templated":true}]}}