{"id":227339,"date":"2019-02-01T12:07:06","date_gmt":"2019-02-01T14:07:06","guid":{"rendered":"https:\/\/jundiai.sp.gov.br\/noticias\/?p=227339"},"modified":"2019-02-01T12:07:06","modified_gmt":"2019-02-01T14:07:06","slug":"com-investimento-de-r-120-mi-henniges-inaugura-fabrica-em-jundiai","status":"publish","type":"post","link":"https:\/\/jundiai.sp.gov.br\/noticias\/2019\/02\/01\/com-investimento-de-r-120-mi-henniges-inaugura-fabrica-em-jundiai\/","title":{"rendered":"Com investimento de R$ 120 mi, Henniges inaugura f\u00e1brica em Jundia\u00ed"},"content":{"rendered":"<div id=\"attachment_227340\" style=\"width: 1290px\" class=\"wp-caption alignleft\"><a href=\"https:\/\/jundiai.sp.gov.br\/noticias\/wp-content\/uploads\/sites\/32\/2019\/02\/inauguracao_henniges-38.jpg\"><img loading=\"lazy\" decoding=\"async\" aria-describedby=\"caption-attachment-227340\" class=\"size-full wp-image-227340\" src=\"https:\/\/jundiai.sp.gov.br\/noticias\/wp-content\/uploads\/sites\/32\/2019\/02\/inauguracao_henniges-38.jpg\" alt=\"\" width=\"1280\" height=\"1073\" srcset=\"https:\/\/jundiai.sp.gov.br\/noticias\/wp-content\/uploads\/sites\/32\/2019\/02\/inauguracao_henniges-38.jpg 1280w, https:\/\/jundiai.sp.gov.br\/noticias\/wp-content\/uploads\/sites\/32\/2019\/02\/inauguracao_henniges-38-300x251.jpg 300w, https:\/\/jundiai.sp.gov.br\/noticias\/wp-content\/uploads\/sites\/32\/2019\/02\/inauguracao_henniges-38-768x644.jpg 768w, https:\/\/jundiai.sp.gov.br\/noticias\/wp-content\/uploads\/sites\/32\/2019\/02\/inauguracao_henniges-38-1145x960.jpg 1145w\" sizes=\"auto, (max-width: 1280px) 100vw, 1280px\" \/><\/a><p id=\"caption-attachment-227340\" class=\"wp-caption-text\">Bom relacionamento com a Prefeitura foi fundamental na decis\u00e3o de investir em Jundia\u00ed, disse executivo<\/p><\/div>\n<p><strong>Nessa quinta-feira (31), a Henniges Automotive inaugurou oficialmente a sua f\u00e1brica em Jundia\u00ed, a primeira da gigante norte-americana do ramo automotivo na Am\u00e9rica Latina. Ao todo, foram investidos US$ 30 milh\u00f5es (cerca de R$ 120 milh\u00f5es) na planta, localizada na rodovia Vice-prefeito Hermenegildo Tonoli, no bairro Medeiros. A expectativa da empresa \u00e9 gerar, nos pr\u00f3ximos tr\u00eas anos, cerca de 300 novos empregos no Munic\u00edpio.<\/strong><\/p>\n<p>Presente \u00e0 inaugura\u00e7\u00e3o, o prefeito Luiz Fernando Machado destacou a import\u00e2ncia para a cidade de receber uma empresa l\u00edder de mercado, que investe em tecnologia e gera emprego e renda para os jundiaienses. \u201c\u00c9 um orgulho muito grande para Jundia\u00ed ter sido escolhida pela empresa para suas opera\u00e7\u00f5es no Brasil. Esta inaugura\u00e7\u00e3o \u00e9 resultado de um esfor\u00e7o muito grande da Prefeitura, por meio da Unidade de Gest\u00e3o de Desenvolvimento Econ\u00f4mico, Ci\u00eancia e Tecnologia (UGDECT), em manter um ambiente favor\u00e1vel aos investimentos\u201d, disse. \u201cVamos continuar trabalhando, sempre respeitando os limites legais, para facilitar a vinda de novas empresas para o Munic\u00edpio\u201d, completou.<\/p>\n<p>O diretor-geral da Henniges, Ronaldo Lemos, destacou a import\u00e2ncia do bom relacionamento com a Prefeitura para concretiza\u00e7\u00e3o do investimento. \u201cAl\u00e9m da excelente infraestrutura e da m\u00e3o de obra qualificada que encontramos em Jundia\u00ed, fomos muito bem recebidos pela Administra\u00e7\u00e3o desde o in\u00edcio do projeto. O contato direto e a disposi\u00e7\u00e3o do Munic\u00edpio em desburocratizar os processos foi fundamental. Temos certeza de que fizemos a escolha certa e esperamos crescer muito na cidade\u201d, pontuou.<\/p>\n<div id=\"attachment_227342\" style=\"width: 1290px\" class=\"wp-caption alignleft\"><a href=\"https:\/\/jundiai.sp.gov.br\/noticias\/wp-content\/uploads\/sites\/32\/2019\/02\/inauguracao_henniges-405.jpg\"><img loading=\"lazy\" decoding=\"async\" aria-describedby=\"caption-attachment-227342\" class=\"size-full wp-image-227342\" src=\"https:\/\/jundiai.sp.gov.br\/noticias\/wp-content\/uploads\/sites\/32\/2019\/02\/inauguracao_henniges-405.jpg\" alt=\"\" width=\"1280\" height=\"857\" srcset=\"https:\/\/jundiai.sp.gov.br\/noticias\/wp-content\/uploads\/sites\/32\/2019\/02\/inauguracao_henniges-405.jpg 1280w, https:\/\/jundiai.sp.gov.br\/noticias\/wp-content\/uploads\/sites\/32\/2019\/02\/inauguracao_henniges-405-300x201.jpg 300w, https:\/\/jundiai.sp.gov.br\/noticias\/wp-content\/uploads\/sites\/32\/2019\/02\/inauguracao_henniges-405-768x514.jpg 768w, https:\/\/jundiai.sp.gov.br\/noticias\/wp-content\/uploads\/sites\/32\/2019\/02\/inauguracao_henniges-405-450x300.jpg 450w\" sizes=\"auto, (max-width: 1280px) 100vw, 1280px\" \/><\/a><p id=\"caption-attachment-227342\" class=\"wp-caption-text\">Prefeito refor\u00e7ou trabalho da Administra\u00e7\u00e3o para manter ambiente favor\u00e1vel aos neg\u00f3cios<\/p><\/div>\n<p>A planta da empresa em Jundia\u00ed tem 11 mil metros quadrados, com cerca de 10 mil m\u00b2 de \u00e1rea destinada \u00e0 produ\u00e7\u00e3o. Inicialmente, a Henniges atender\u00e1 \u00e0 demanda da General Motors. A empresa est\u00e1 no mercado h\u00e1 mais de cem anos e, contando com a inaugurada ontem, tem 19 f\u00e1bricas espalhadas pelo mundo. O gestor da UGDECT, Messias Mercadante de Castro, representantes da GM e de outros fornecedores locais tamb\u00e9m participaram da cerim\u00f4nia.<\/p>\n<p><strong>Assessoria de Imprensa<br \/>\n<\/strong><strong>Fotos: Fot\u00f3grafos PMJ<\/strong><\/p>\n","protected":false},"excerpt":{"rendered":"<p>Nessa quinta-feira (31), a Henniges Automotive inaugurou oficialmente a sua f\u00e1brica em Jundia\u00ed, a primeira da gigante norte-americana do ramo automotivo na Am\u00e9rica Latina. Ao todo, foram investidos US$ 30 milh\u00f5es (cerca de R$ 120 milh\u00f5es) na planta, localizada na rodovia Vice-prefeito Hermenegildo Tonoli, no bairro Medeiros. A expectativa da empresa \u00e9 gerar, nos pr\u00f3ximos [&hellip;]<\/p>\n","protected":false},"author":30,"featured_media":227342,"comment_status":"closed","ping_status":"closed","sticky":false,"template":"","format":"standard","meta":{"footnotes":""},"categories":[2],"tags":[365,58],"ods":[],"class_list":["post-227339","post","type-post","status-publish","format-standard","has-post-thumbnail","hentry","category-noticias","tag-desenvolvimento-economico-ciencia-e-tecnologia","tag-prefeito"],"_links":{"self":[{"href":"https:\/\/jundiai.sp.gov.br\/noticias\/wp-json\/wp\/v2\/posts\/227339","targetHints":{"allow":["GET"]}}],"collection":[{"href":"https:\/\/jundiai.sp.gov.br\/noticias\/wp-json\/wp\/v2\/posts"}],"about":[{"href":"https:\/\/jundiai.sp.gov.br\/noticias\/wp-json\/wp\/v2\/types\/post"}],"author":[{"embeddable":true,"href":"https:\/\/jundiai.sp.gov.br\/noticias\/wp-json\/wp\/v2\/users\/30"}],"replies":[{"embeddable":true,"href":"https:\/\/jundiai.sp.gov.br\/noticias\/wp-json\/wp\/v2\/comments?post=227339"}],"version-history":[{"count":3,"href":"https:\/\/jundiai.sp.gov.br\/noticias\/wp-json\/wp\/v2\/posts\/227339\/revisions"}],"predecessor-version":[{"id":227344,"href":"https:\/\/jundiai.sp.gov.br\/noticias\/wp-json\/wp\/v2\/posts\/227339\/revisions\/227344"}],"wp:featuredmedia":[{"embeddable":true,"href":"https:\/\/jundiai.sp.gov.br\/noticias\/wp-json\/wp\/v2\/media\/227342"}],"wp:attachment":[{"href":"https:\/\/jundiai.sp.gov.br\/noticias\/wp-json\/wp\/v2\/media?parent=227339"}],"wp:term":[{"taxonomy":"category","embeddable":true,"href":"https:\/\/jundiai.sp.gov.br\/noticias\/wp-json\/wp\/v2\/categories?post=227339"},{"taxonomy":"post_tag","embeddable":true,"href":"https:\/\/jundiai.sp.gov.br\/noticias\/wp-json\/wp\/v2\/tags?post=227339"},{"taxonomy":"ods","embeddable":true,"href":"https:\/\/jundiai.sp.gov.br\/noticias\/wp-json\/wp\/v2\/ods?post=227339"}],"curies":[{"name":"wp","href":"https:\/\/api.w.org\/{rel}","templated":true}]}}