{"id":227501,"date":"2019-02-07T16:27:44","date_gmt":"2019-02-07T18:27:44","guid":{"rendered":"https:\/\/jundiai.sp.gov.br\/noticias\/?p=227501"},"modified":"2019-02-07T16:54:59","modified_gmt":"2019-02-07T18:54:59","slug":"audiencias-da-revisao-do-plano-diretor-comecam-dia-16","status":"publish","type":"post","link":"https:\/\/jundiai.sp.gov.br\/noticias\/2019\/02\/07\/audiencias-da-revisao-do-plano-diretor-comecam-dia-16\/","title":{"rendered":"Audi\u00eancias da revis\u00e3o do Plano Diretor come\u00e7am dia 16"},"content":{"rendered":"<div id=\"attachment_227505\" style=\"width: 1250px\" class=\"wp-caption alignleft\"><a href=\"https:\/\/jundiai.sp.gov.br\/noticias\/wp-content\/uploads\/sites\/32\/2019\/02\/geral_jundiai_p7-2.jpg\"><img loading=\"lazy\" decoding=\"async\" aria-describedby=\"caption-attachment-227505\" class=\"size-full wp-image-227505\" src=\"https:\/\/jundiai.sp.gov.br\/noticias\/wp-content\/uploads\/sites\/32\/2019\/02\/geral_jundiai_p7-2.jpg\" alt=\"\" width=\"1240\" height=\"426\" srcset=\"https:\/\/jundiai.sp.gov.br\/noticias\/wp-content\/uploads\/sites\/32\/2019\/02\/geral_jundiai_p7-2.jpg 1240w, https:\/\/jundiai.sp.gov.br\/noticias\/wp-content\/uploads\/sites\/32\/2019\/02\/geral_jundiai_p7-2-300x103.jpg 300w, https:\/\/jundiai.sp.gov.br\/noticias\/wp-content\/uploads\/sites\/32\/2019\/02\/geral_jundiai_p7-2-768x264.jpg 768w\" sizes=\"auto, (max-width: 1240px) 100vw, 1240px\" \/><\/a><p id=\"caption-attachment-227505\" class=\"wp-caption-text\">Plano Diretor est\u00e1 em revis\u00e3o; seis audi\u00eancias p\u00fablicas est\u00e3o programadas<\/p><\/div>\n<p><strong>O processo de revis\u00e3o do Plano Diretor (Lei. 8.683\/2016) \u2013 iniciado em novembro de 2017 \u2013 passa para a fase de audi\u00eancias p\u00fablicas, organizadas pela Unidade de Gest\u00e3o de Planejamento Urbano e Meio Ambiente (UGPUMA). A primeira ser\u00e1 realizada no dia 16, na Sociedade Amigos de Bairro do Travi\u00fa, \u00e0s 9h. A minuta da revis\u00e3o est\u00e1 dispon\u00edvel para consulta, an\u00e1lise e coment\u00e1rios no site do Plano Diretor Participativo. Os coment\u00e1rios registrados at\u00e9 48h antes da audi\u00eancia e que sejam relacionados \u00e0 \u00e1rea da realiza\u00e7\u00e3o do encontro, ser\u00e3o apresentadas e comentadas pelos t\u00e9cnicos da unidade.<\/strong><\/p>\n<p>O processo de revis\u00e3o passou por etapas de encontros abertos para debate de todo o projeto com a popula\u00e7\u00e3o, encontros t\u00e9cnicos, an\u00e1lises de propostas encaminhadas pela sociedade e entidades de classe, simula\u00e7\u00f5es at\u00e9 a apresenta\u00e7\u00e3o da minuta, que foi entregue para v\u00e1rios Conselhos Municipais da cidade e disponibilizada\u00a0para a visualiza\u00e7\u00e3o no site. \u201cO processo est\u00e1 sendo conduzido de forma participativa, aberta e transparente, feito com a colabora\u00e7\u00e3o de todos, em busca da solu\u00e7\u00e3o de problemas identificados durante os dois primeiros anos de uso da legisla\u00e7\u00e3o. Daremos in\u00edcio \u00e0s audi\u00eancias p\u00fablicas para que toda a popula\u00e7\u00e3o tenha acesso ao assunto. Os hor\u00e1rios foram determinados para que todos possam participar, sendo no per\u00edodo da noite, durante a semana, e pela manh\u00e3, aos s\u00e1bados\u201d, detalha a diretora do Departamento de Urbanismo Sylvia Angelini.<\/p>\n<p>O gestor da UGPUMA, Sin\u00e9sio Scarabello Filho, explica que a popula\u00e7\u00e3o pode comentar, por assunto, a partir do link\u00a0<strong>\u201c<a href=\"https:\/\/planodiretor.jundiai.sp.gov.br\/envie-seu-comentario-da-minuta-de-revisao\/\" target=\"_blank\" rel=\"noopener\">Envie seu coment\u00e1rio da Minuta<\/a>\u201d<\/strong>. \u201cNo site est\u00e3o dispon\u00edveis o texto, os mapas e at\u00e9 uma tabela comparativa para facilitar a compara\u00e7\u00e3o. Para que os coment\u00e1rios sejam apresentados durante a audi\u00eancia, \u00e9 necess\u00e1rio que a popula\u00e7\u00e3o fa\u00e7a o registro com anteced\u00eancia de 48h para que os t\u00e9cnicos possam identificar e apresentar durante o encontro. O processo da audi\u00eancia ter\u00e1 per\u00edodo para inscri\u00e7\u00e3o aos interessados em apresentar apontamentos durante o encontro, aberto 30 minutos antes do in\u00edcio da apresenta\u00e7\u00e3o\u201d, detalha o gestor.<\/p>\n<div id=\"attachment_227507\" style=\"width: 1270px\" class=\"wp-caption alignleft\"><a href=\"https:\/\/jundiai.sp.gov.br\/noticias\/wp-content\/uploads\/sites\/32\/2019\/02\/site-da-prefeitura-9.jpg\"><img loading=\"lazy\" decoding=\"async\" aria-describedby=\"caption-attachment-227507\" class=\"size-full wp-image-227507\" src=\"https:\/\/jundiai.sp.gov.br\/noticias\/wp-content\/uploads\/sites\/32\/2019\/02\/site-da-prefeitura-9.jpg\" alt=\"\" width=\"1260\" height=\"855\" srcset=\"https:\/\/jundiai.sp.gov.br\/noticias\/wp-content\/uploads\/sites\/32\/2019\/02\/site-da-prefeitura-9.jpg 1260w, https:\/\/jundiai.sp.gov.br\/noticias\/wp-content\/uploads\/sites\/32\/2019\/02\/site-da-prefeitura-9-300x204.jpg 300w, https:\/\/jundiai.sp.gov.br\/noticias\/wp-content\/uploads\/sites\/32\/2019\/02\/site-da-prefeitura-9-768x521.jpg 768w\" sizes=\"auto, (max-width: 1260px) 100vw, 1260px\" \/><\/a><p id=\"caption-attachment-227507\" class=\"wp-caption-text\">Minuta com a revis\u00e3o da Lei 8.683\/2016 est\u00e1 dispon\u00edvel para consulta e coment\u00e1rios pelo site do Plano Diretor Participativo<\/p><\/div>\n<p>Confira as datas das audi\u00eancias:<\/p>\n<table>\n<tbody>\n<tr>\n<td><strong>16\/02<\/strong><\/td>\n<td>SAB do Bairro do Travi\u00fa | Rua Luiz Carbonari, n\u00b0100, Travi\u00fa<\/td>\n<td><strong>\u00a0 Das 9h \u00e0s 12h<\/strong><\/td>\n<td><\/td>\n<\/tr>\n<tr>\n<td><strong>18\/02<\/strong><\/td>\n<td>EMEB Carlos Foot Guimar\u00e3es | Rua \u00c2ngelo Bardi, n\u00b035, Jardim Santa Gertrudes<\/td>\n<td><strong>\u00a0 Das 19h \u00e0s 22h<\/strong><\/td>\n<td><\/td>\n<\/tr>\n<tr>\n<td><strong>20\/02<\/strong><\/td>\n<td>EMEB Judith Almeida Curado Arruda | Rua Jos\u00e9 Seckler Machado, n\u00b0 500, Cidade Nova<\/td>\n<td><strong>\u00a0 Das 19h \u00e0s 22h<\/strong><\/td>\n<td><\/td>\n<\/tr>\n<tr>\n<td><strong>23\/02<\/strong><\/td>\n<td>Audit\u00f3rio Elis Regina \u2013 Complexo Argos | Avenida Dr. Cavalcanti, n\u00b0 396, Centro<\/td>\n<td><strong>\u00a0 Das 9h \u00e0s 12h<\/strong><\/td>\n<td><\/td>\n<\/tr>\n<tr>\n<td><strong>25\/02<\/strong><\/td>\n<td>EMEB Ivo de Bona | Avenida Francisco Roveri, n\u00b0 505, Parque Residencial Almerinda Chaves<\/td>\n<td><strong>\u00a0 Das 19h \u00e0s 22h<\/strong><\/td>\n<td><\/td>\n<\/tr>\n<tr>\n<td><strong>27\/02\u00a0 \u00a0 \u00a0<\/strong><\/td>\n<td>EMEB Professor Geraldo Pinto Duarte Paes | Rua Angelo Pernambuco, n\u00b0 180, Parque Eloy Chaves<\/td>\n<td><strong>\u00a0 Das 19h \u00e0s 22h<\/strong><\/td>\n<\/tr>\n<\/tbody>\n<\/table>\n<p>&nbsp;<\/p>\n<p><strong>Assessoria de Imprensa<br \/>\n<\/strong><strong>Fotos: Fot\u00f3grafos PMJ<\/strong><\/p>\n","protected":false},"excerpt":{"rendered":"<p>O processo de revis\u00e3o do Plano Diretor (Lei. 8.683\/2016) \u2013 iniciado em novembro de 2017 \u2013 passa para a fase de audi\u00eancias p\u00fablicas, organizadas pela Unidade de Gest\u00e3o de Planejamento Urbano e Meio Ambiente (UGPUMA). A primeira ser\u00e1 realizada no dia 16, na Sociedade Amigos de Bairro do Travi\u00fa, \u00e0s 9h. A minuta da revis\u00e3o [&hellip;]<\/p>\n","protected":false},"author":30,"featured_media":0,"comment_status":"closed","ping_status":"closed","sticky":false,"template":"","format":"standard","meta":{"footnotes":""},"categories":[2],"tags":[984,559],"ods":[],"class_list":["post-227501","post","type-post","status-publish","format-standard","hentry","category-noticias","tag-planejamento-urbano-e-meio-ambiente","tag-plano-diretor-participativo"],"_links":{"self":[{"href":"https:\/\/jundiai.sp.gov.br\/noticias\/wp-json\/wp\/v2\/posts\/227501","targetHints":{"allow":["GET"]}}],"collection":[{"href":"https:\/\/jundiai.sp.gov.br\/noticias\/wp-json\/wp\/v2\/posts"}],"about":[{"href":"https:\/\/jundiai.sp.gov.br\/noticias\/wp-json\/wp\/v2\/types\/post"}],"author":[{"embeddable":true,"href":"https:\/\/jundiai.sp.gov.br\/noticias\/wp-json\/wp\/v2\/users\/30"}],"replies":[{"embeddable":true,"href":"https:\/\/jundiai.sp.gov.br\/noticias\/wp-json\/wp\/v2\/comments?post=227501"}],"version-history":[{"count":6,"href":"https:\/\/jundiai.sp.gov.br\/noticias\/wp-json\/wp\/v2\/posts\/227501\/revisions"}],"predecessor-version":[{"id":227516,"href":"https:\/\/jundiai.sp.gov.br\/noticias\/wp-json\/wp\/v2\/posts\/227501\/revisions\/227516"}],"wp:attachment":[{"href":"https:\/\/jundiai.sp.gov.br\/noticias\/wp-json\/wp\/v2\/media?parent=227501"}],"wp:term":[{"taxonomy":"category","embeddable":true,"href":"https:\/\/jundiai.sp.gov.br\/noticias\/wp-json\/wp\/v2\/categories?post=227501"},{"taxonomy":"post_tag","embeddable":true,"href":"https:\/\/jundiai.sp.gov.br\/noticias\/wp-json\/wp\/v2\/tags?post=227501"},{"taxonomy":"ods","embeddable":true,"href":"https:\/\/jundiai.sp.gov.br\/noticias\/wp-json\/wp\/v2\/ods?post=227501"}],"curies":[{"name":"wp","href":"https:\/\/api.w.org\/{rel}","templated":true}]}}