{"id":227777,"date":"2019-02-16T11:20:24","date_gmt":"2019-02-16T13:20:24","guid":{"rendered":"https:\/\/jundiai.sp.gov.br\/noticias\/?p=227777"},"modified":"2019-02-16T11:21:22","modified_gmt":"2019-02-16T13:21:22","slug":"informacoes-sobre-as-chuvas-defesa-civil-jundiai","status":"publish","type":"post","link":"https:\/\/jundiai.sp.gov.br\/noticias\/2019\/02\/16\/informacoes-sobre-as-chuvas-defesa-civil-jundiai\/","title":{"rendered":"Informa\u00e7\u00f5es sobre as chuvas \u2013 Defesa Civil Jundia\u00ed"},"content":{"rendered":"<p><strong>Na noite de sexta (15) e madrugada deste s\u00e1bado (16), uma chuva generalizada e persistente atingiu o munic\u00edpio resultando em um volume de 77 mm. Este volume de chuva era esperado para 9 dias, considerando a m\u00e9dia hist\u00f3rica dos \u00faltimos 7 anos.<\/strong><\/p>\n<p>A equipe da Defesa Civil monitorou o volume de \u00e1guas e fez visitas at\u00e9 por volta de 4h, tendo sido acionada para atender alguns im\u00f3veis no bairro Cidade Jardim II. Um dos im\u00f3veis foi interditado, com os moradores transferindo-se para a casa de familiares. Houve a queda de uma \u00e1rvore na Av. Nove de Julho, sendo a mesma j\u00e1 removida pela equipe da UGISP.<\/p>\n<p>Neste s\u00e1bado (16), chove a qualquer hora do dia na faixa leste e nordeste paulista, deslocando-se lentamente para leste, com pontos fortes de curta dura\u00e7\u00e3o, seguidas por chuva fraca de longa dura\u00e7\u00e3o. No domingo (17), as instabilidades diminuem na parte da manh\u00e3, mas retornam \u00e0 tarde, com pancadas de chuva forte, principalmente na faixa leste e divisa com Minas Gerais. A partir de segunda-feira (18), o sol volta a predominar, favorecendo a gradativa eleva\u00e7\u00e3o das temperaturas. As chuvas retornam ao padr\u00e3o de pancadas de ver\u00e3o entre a tarde e a noite. Podem conter pontos fortes breves, descargas el\u00e9tricas e rajadas de vento.<\/p>\n<p><strong>O telefone da Defesa Civil de Jundia\u00ed \u00e9 (11) 4586-0666.<\/strong><\/p>\n<p><em><strong>Assessoria de Imprensa<\/strong><\/em><em><\/p>\n","protected":false},"excerpt":{"rendered":"<p>Na noite de sexta (15) e madrugada deste s\u00e1bado (16), uma chuva generalizada e persistente atingiu o munic\u00edpio resultando em um volume de 77 mm. Este volume de chuva era esperado para 9 dias, considerando a m\u00e9dia hist\u00f3rica dos \u00faltimos 7 anos. A equipe da Defesa Civil monitorou o volume de \u00e1guas e fez visitas [&hellip;]<\/p>\n","protected":false},"author":33,"featured_media":0,"comment_status":"closed","ping_status":"closed","sticky":false,"template":"","format":"standard","meta":{"footnotes":""},"categories":[2],"tags":[34,985],"ods":[],"class_list":["post-227777","post","type-post","status-publish","format-standard","hentry","category-noticias","tag-defesa-civil","tag-infraestrutura-e-servicos-publicos"],"_links":{"self":[{"href":"https:\/\/jundiai.sp.gov.br\/noticias\/wp-json\/wp\/v2\/posts\/227777","targetHints":{"allow":["GET"]}}],"collection":[{"href":"https:\/\/jundiai.sp.gov.br\/noticias\/wp-json\/wp\/v2\/posts"}],"about":[{"href":"https:\/\/jundiai.sp.gov.br\/noticias\/wp-json\/wp\/v2\/types\/post"}],"author":[{"embeddable":true,"href":"https:\/\/jundiai.sp.gov.br\/noticias\/wp-json\/wp\/v2\/users\/33"}],"replies":[{"embeddable":true,"href":"https:\/\/jundiai.sp.gov.br\/noticias\/wp-json\/wp\/v2\/comments?post=227777"}],"version-history":[{"count":3,"href":"https:\/\/jundiai.sp.gov.br\/noticias\/wp-json\/wp\/v2\/posts\/227777\/revisions"}],"predecessor-version":[{"id":227780,"href":"https:\/\/jundiai.sp.gov.br\/noticias\/wp-json\/wp\/v2\/posts\/227777\/revisions\/227780"}],"wp:attachment":[{"href":"https:\/\/jundiai.sp.gov.br\/noticias\/wp-json\/wp\/v2\/media?parent=227777"}],"wp:term":[{"taxonomy":"category","embeddable":true,"href":"https:\/\/jundiai.sp.gov.br\/noticias\/wp-json\/wp\/v2\/categories?post=227777"},{"taxonomy":"post_tag","embeddable":true,"href":"https:\/\/jundiai.sp.gov.br\/noticias\/wp-json\/wp\/v2\/tags?post=227777"},{"taxonomy":"ods","embeddable":true,"href":"https:\/\/jundiai.sp.gov.br\/noticias\/wp-json\/wp\/v2\/ods?post=227777"}],"curies":[{"name":"wp","href":"https:\/\/api.w.org\/{rel}","templated":true}]}}