{"id":227815,"date":"2019-02-18T17:31:53","date_gmt":"2019-02-18T20:31:53","guid":{"rendered":"https:\/\/jundiai.sp.gov.br\/noticias\/?p=227815"},"modified":"2019-02-18T17:31:53","modified_gmt":"2019-02-18T20:31:53","slug":"boletim-defesa-civil-informacoes-sobre-chuvas-18-02-19","status":"publish","type":"post","link":"https:\/\/jundiai.sp.gov.br\/noticias\/2019\/02\/18\/boletim-defesa-civil-informacoes-sobre-chuvas-18-02-19\/","title":{"rendered":"Boletim Defesa Civil \u2013 Informa\u00e7\u00f5es sobre chuvas (18\/02\/19)"},"content":{"rendered":"<p>A Defesa Civil informa que na noite de sexta-feira (15) e na madrugada de s\u00e1bado (16), uma chuva generalizada e persistente atingiu o Munic\u00edpio, resultando em um volume de 136 mm. Este volume de chuva era esperado para 15 dias, considerando a m\u00e9dia hist\u00f3rica dos \u00faltimos sete anos. Neste m\u00eas de fevereiro, at\u00e9 o dia 17, j\u00e1 choveu um volume de 239 mm, total que esperado para todo o m\u00eas, tamb\u00e9m considerando a m\u00e9dia hist\u00f3rica dos \u00faltimos sete anos.<\/p>\n<p>A Defesa Civil foi acionada na madrugada de s\u00e1bado (16) para a rua Medina Pinto Bento 100, 106 e 94, no Parque Cidade Jardim II. Foi necess\u00e1ria a interdi\u00e7\u00e3o total do im\u00f3vel n\u00famero 100. Os t\u00e9cnicos orientaram os propriet\u00e1rios dos outros im\u00f3veis. A casa n\u00famero 100 foi comprometida pelo volume de \u00e1gua acumulado no terreno da rua Ant\u00f4nio Alves de Campos (acima), que destruiu o muro dos fundos do im\u00f3vel e todo volume de lama inundou a casa. O morador vai ficar na casa de familiares. Na manh\u00e3 de s\u00e1bado (16), a Defesa Civil vistoriou novamente o local e uma equipe da Unidade de Gest\u00e3o de Infraestrutura e Servi\u00e7os P\u00fablicos (UGISP) auxiliou na limpeza da rua e do im\u00f3vel afetado.<\/p>\n<p>No s\u00e1bado (16), a Defesa Civil foi acionada para verificar o deslocamento do muro dos fundos de uma casa na rua Francisco Pereira de Castro (Anhangaba\u00fa), um deslizamento de terra com queda de muro lateral na rua Moacir Duarte (Jardim do L\u00edrio) e a situa\u00e7\u00e3o de ac\u00famulo de \u00e1gua no muro dos fundos de im\u00f3veis situados na rua Tiradentes (Vila Galv\u00e3o). No in\u00edcio da noite, t\u00e9cnicos fizeram uma vistoria em um muro que rompeu parcialmente na Viela Caraguatatuba, no Jardim S\u00e3o Camilo. A moradora passou a noite na casa de um vizinho. Nesta segunda-feira (18), ser\u00e1 realizada uma reuni\u00e3o entre a Funda\u00e7\u00e3o Municipal de A\u00e7\u00e3o Social (Fumas), Defesa Civil e moradores para an\u00e1lise das provid\u00eancias deste caso espec\u00edfico.<\/p>\n<div id=\"attachment_227816\" style=\"width: 1270px\" class=\"wp-caption alignleft\"><a href=\"https:\/\/jundiai.sp.gov.br\/noticias\/wp-content\/uploads\/sites\/32\/2019\/02\/chuva_jundiai-5-1.jpg\"><img loading=\"lazy\" decoding=\"async\" aria-describedby=\"caption-attachment-227816\" class=\"size-full wp-image-227816\" src=\"https:\/\/jundiai.sp.gov.br\/noticias\/wp-content\/uploads\/sites\/32\/2019\/02\/chuva_jundiai-5-1.jpg\" alt=\"\" width=\"1260\" height=\"752\" srcset=\"https:\/\/jundiai.sp.gov.br\/noticias\/wp-content\/uploads\/sites\/32\/2019\/02\/chuva_jundiai-5-1.jpg 1260w, https:\/\/jundiai.sp.gov.br\/noticias\/wp-content\/uploads\/sites\/32\/2019\/02\/chuva_jundiai-5-1-300x179.jpg 300w, https:\/\/jundiai.sp.gov.br\/noticias\/wp-content\/uploads\/sites\/32\/2019\/02\/chuva_jundiai-5-1-768x458.jpg 768w\" sizes=\"auto, (max-width: 1260px) 100vw, 1260px\" \/><\/a><p id=\"caption-attachment-227816\" class=\"wp-caption-text\">Segundo a Defesa Civil, j\u00e1 choveu o esperado para todo o m\u00eas em Jundia\u00ed<\/p><\/div>\n<p>Al\u00e9m disso, a UGISP atendeu as seguintes ocorr\u00eancias de queda \u00e1rvore entre sexta (15) e s\u00e1bado (16):<\/p>\n<ul>\n<li>Avenida 9 de julho, em frente ao McDonald\u2019s, sentido Pa\u00e7o Municipal.<\/li>\n<li>Avenida Clemente Rosa (viaduto Bandeirantes).<\/li>\n<li>Avenida Antonio Frederico Ozanam, entre o viaduto da Vila Rio Branco e o Atacad\u00e3o Vila liberdade.<\/li>\n<li>Avenida Dr. Cavalcanti, no Centro.<\/li>\n<li>Rua Ernesto Pincinato, no Jardim Quintas das Videiras<\/li>\n<\/ul>\n<p>No s\u00e1bado e no domingo a Defesa Civil fez vistorias e monitoramento em v\u00e1rias \u00e1reas da cidade, uma vez que Jundia\u00ed ingressou no estado de \u201cAten\u00e7\u00e3o\u201d pelo Plano Preventivo de Defesa Civil \u2013 Opera\u00e7\u00e3o Chuvas de Ver\u00e3o, que teve in\u00edcio em 01 de dezembro 2018 e segue at\u00e9 31 de mar\u00e7o de 2019, conforme decreto assinado pelo prefeito Luiz Fernando Machado. Nesta segunda-feira (18) e no decorrer da semana, equipes do \u00f3rg\u00e3o municipal continuar\u00e3o a realizar as vistorias.<\/p>\n<p>Hoje, o sol volta a aparecer e as temperaturas aumentam gradativamente. A previs\u00e3o \u00e9 de que entre o final da tarde e in\u00edcio da noite ocorram pancadas de chuva dispersas no Estado, que possuem curta dura\u00e7\u00e3o e s\u00e3o acompanhadas de descargas el\u00e9tricas. O dia deve seguir t\u00edpico de ver\u00e3o na ter\u00e7a-feira (19), com as temperaturas aumentando rapidamente ao longo do dia e expectativa de pancadas de chuva no final do dia.<\/p>\n<p>Devido \u00e0 grande oferta de umidade e calor, as pancadas de chuva possuem intensidade forte, elevando o risco de ocorrerem transtornos. As condi\u00e7\u00f5es do tempo na quarta (20) e quinta-feira (21) devem permanecer as mesmas. O sol aparece ao longo do dia, as temperaturas ficam elevadas e s\u00e3o previstas pancadas de chuvas acompanhadas de trovoadas e ventos fortes.<\/p>\n<p><em>*Atualizado em 18\/02\/19, \u00e0s 13h<\/em><\/p>\n<p><strong>Assessoria de Imprensa<br \/>\n<\/strong><strong>Fotos: Fot\u00f3grafos PMJ<\/strong><\/p>\n<p>&nbsp;<\/p>\n","protected":false},"excerpt":{"rendered":"<p>A Defesa Civil informa que na noite de sexta-feira (15) e na madrugada de s\u00e1bado (16), uma chuva generalizada e persistente atingiu o Munic\u00edpio, resultando em um volume de 136 mm. Este volume de chuva era esperado para 15 dias, considerando a m\u00e9dia hist\u00f3rica dos \u00faltimos sete anos. Neste m\u00eas de fevereiro, at\u00e9 o dia [&hellip;]<\/p>\n","protected":false},"author":30,"featured_media":0,"comment_status":"closed","ping_status":"closed","sticky":false,"template":"","format":"standard","meta":{"footnotes":""},"categories":[2],"tags":[34],"ods":[],"class_list":["post-227815","post","type-post","status-publish","format-standard","hentry","category-noticias","tag-defesa-civil"],"_links":{"self":[{"href":"https:\/\/jundiai.sp.gov.br\/noticias\/wp-json\/wp\/v2\/posts\/227815","targetHints":{"allow":["GET"]}}],"collection":[{"href":"https:\/\/jundiai.sp.gov.br\/noticias\/wp-json\/wp\/v2\/posts"}],"about":[{"href":"https:\/\/jundiai.sp.gov.br\/noticias\/wp-json\/wp\/v2\/types\/post"}],"author":[{"embeddable":true,"href":"https:\/\/jundiai.sp.gov.br\/noticias\/wp-json\/wp\/v2\/users\/30"}],"replies":[{"embeddable":true,"href":"https:\/\/jundiai.sp.gov.br\/noticias\/wp-json\/wp\/v2\/comments?post=227815"}],"version-history":[{"count":1,"href":"https:\/\/jundiai.sp.gov.br\/noticias\/wp-json\/wp\/v2\/posts\/227815\/revisions"}],"predecessor-version":[{"id":227817,"href":"https:\/\/jundiai.sp.gov.br\/noticias\/wp-json\/wp\/v2\/posts\/227815\/revisions\/227817"}],"wp:attachment":[{"href":"https:\/\/jundiai.sp.gov.br\/noticias\/wp-json\/wp\/v2\/media?parent=227815"}],"wp:term":[{"taxonomy":"category","embeddable":true,"href":"https:\/\/jundiai.sp.gov.br\/noticias\/wp-json\/wp\/v2\/categories?post=227815"},{"taxonomy":"post_tag","embeddable":true,"href":"https:\/\/jundiai.sp.gov.br\/noticias\/wp-json\/wp\/v2\/tags?post=227815"},{"taxonomy":"ods","embeddable":true,"href":"https:\/\/jundiai.sp.gov.br\/noticias\/wp-json\/wp\/v2\/ods?post=227815"}],"curies":[{"name":"wp","href":"https:\/\/api.w.org\/{rel}","templated":true}]}}