{"id":227888,"date":"2019-02-20T12:19:12","date_gmt":"2019-02-20T15:19:12","guid":{"rendered":"https:\/\/jundiai.sp.gov.br\/noticias\/?p=227888"},"modified":"2019-02-20T12:19:12","modified_gmt":"2019-02-20T15:19:12","slug":"mais-dois-cursos-profissionalizantes-beneficiam-o-jardim-fepasa","status":"publish","type":"post","link":"https:\/\/jundiai.sp.gov.br\/noticias\/2019\/02\/20\/mais-dois-cursos-profissionalizantes-beneficiam-o-jardim-fepasa\/","title":{"rendered":"Mais dois cursos profissionalizantes beneficiam o Jardim Fepasa"},"content":{"rendered":"<div id=\"attachment_227889\" style=\"width: 1290px\" class=\"wp-caption alignleft\"><a href=\"https:\/\/jundiai.sp.gov.br\/noticias\/wp-content\/uploads\/sites\/32\/2019\/02\/casa_azul_fepasa_curso_manicure-18.jpg\"><img loading=\"lazy\" decoding=\"async\" aria-describedby=\"caption-attachment-227889\" class=\"size-full wp-image-227889\" src=\"https:\/\/jundiai.sp.gov.br\/noticias\/wp-content\/uploads\/sites\/32\/2019\/02\/casa_azul_fepasa_curso_manicure-18.jpg\" alt=\"\" width=\"1280\" height=\"860\" srcset=\"https:\/\/jundiai.sp.gov.br\/noticias\/wp-content\/uploads\/sites\/32\/2019\/02\/casa_azul_fepasa_curso_manicure-18.jpg 1280w, https:\/\/jundiai.sp.gov.br\/noticias\/wp-content\/uploads\/sites\/32\/2019\/02\/casa_azul_fepasa_curso_manicure-18-300x202.jpg 300w, https:\/\/jundiai.sp.gov.br\/noticias\/wp-content\/uploads\/sites\/32\/2019\/02\/casa_azul_fepasa_curso_manicure-18-768x516.jpg 768w\" sizes=\"auto, (max-width: 1280px) 100vw, 1280px\" \/><\/a><p id=\"caption-attachment-227889\" class=\"wp-caption-text\">Todos os cursos s\u00e3o gratuitos e viabilizados por meio da Rede Jundia\u00ed de Coopera\u00e7\u00e3o<\/p><\/div>\n<p><strong>Moradores do Jardim Fepasa foram beneficiados este ano com dois novos cursos do projeto Fepasa Viva. Lan\u00e7ado em agosto do ano passado pela Prefeitura de Jundia\u00ed em parceria com a iniciativa privada, o projeto visa empoderar os moradores do bairro por meio da educa\u00e7\u00e3o, capacita\u00e7\u00e3o, a\u00e7\u00f5es esportivas e lazer. No local residem cerca de 1.800 pessoas em 380 fam\u00edlias, conforme cadastro da Funda\u00e7\u00e3o Municipal de A\u00e7\u00e3o Social (Fumas) feito em 2019.<\/strong><\/p>\n<p>No \u00faltimo dia 13, teve in\u00edcio no espa\u00e7o conhecido como \u201cCasa Azul\u201d o curso de Manicure, com 20 participantes, promovido pelo Senac. Com carga de 160 horas, a capacita\u00e7\u00e3o j\u00e1 agrada os participantes. \u201cSempre fiz a minha pr\u00f3pria unha e, como estou sem emprego, decidi fazer o curso para trabalhar como manicure e gerar uma renda para minha fam\u00edlia\u201d, diz a dona de casa Rosana Prud\u00eancio, de 39 anos, que tem quatro filhos e mora no bairro h\u00e1 mais de 20 anos.<\/p>\n<p>Outra novidade lan\u00e7ada este ano \u00e9 o curso de Mec\u00e2nico de Motor Ciclo Oto, ministrado pelo Senai, com a participa\u00e7\u00e3o de 16 jovens. S\u00e3o 180 horas de atividades, a custo zero para os moradores do bairro. Para Michael Adriano da Silva, que trabalha como auxiliar de processos em uma metal\u00fargica, o curso oferecido por meio do projeto \u00e9 uma oportunidade \u00fanica de aprendizado. \u201cTenho um sonho de me formar em mec\u00e2nica e ter um neg\u00f3cio pr\u00f3prio. Estou muito feliz pela oportunidade, que com certeza vai me ajudar muito no futuro\u201d, conta. \u201cMoro h\u00e1 14 anos no Jardim Fepasa, onde criei meus tr\u00eas filhos\u201d, acrescenta.<\/p>\n<p>Juntos, os cursos t\u00eam investimento de R$ 81.120,00 dos parceiros e foram viabilizados por meio do Fundo Social de Solidariedade de Jundia\u00ed (Funss). \u00c9 a primeira vez que um projeto re\u00fane, ao mesmo tempo, os \u2018cinco S\u2019 (Senac, Senai, Sebrae, Sesc e Sesi). A Proempi, Cijun e o Instituto Cyrella tamb\u00e9m s\u00e3o parceiros juntamente com outras empresas.\u00a0Todas as atividades promovidas no programa s\u00e3o articuladas pela Rede Jundia\u00ed de Coopera\u00e7\u00e3o.<\/p>\n<p>Nesta quarta-feira (20), ser\u00e1 realizada a \u00faltima aula do curso de Auxiliar Administrativo promovido pelo Senac com a participa\u00e7\u00e3o de aproximadamente 20 alunos. Tamb\u00e9m j\u00e1 foi conclu\u00eddo o curso de Agente de Desenvolvimento Local (ADL), ministrado pelo Senac, com a participa\u00e7\u00e3o de 11 pessoas.<\/p>\n<div id=\"attachment_227891\" style=\"width: 1290px\" class=\"wp-caption alignleft\"><a href=\"https:\/\/jundiai.sp.gov.br\/noticias\/wp-content\/uploads\/sites\/32\/2019\/02\/casa_azul_fepasa_curso_manicure-35.jpg\"><img loading=\"lazy\" decoding=\"async\" aria-describedby=\"caption-attachment-227891\" class=\"size-full wp-image-227891\" src=\"https:\/\/jundiai.sp.gov.br\/noticias\/wp-content\/uploads\/sites\/32\/2019\/02\/casa_azul_fepasa_curso_manicure-35.jpg\" alt=\"\" width=\"1280\" height=\"1031\" srcset=\"https:\/\/jundiai.sp.gov.br\/noticias\/wp-content\/uploads\/sites\/32\/2019\/02\/casa_azul_fepasa_curso_manicure-35.jpg 1280w, https:\/\/jundiai.sp.gov.br\/noticias\/wp-content\/uploads\/sites\/32\/2019\/02\/casa_azul_fepasa_curso_manicure-35-300x242.jpg 300w, https:\/\/jundiai.sp.gov.br\/noticias\/wp-content\/uploads\/sites\/32\/2019\/02\/casa_azul_fepasa_curso_manicure-35-768x619.jpg 768w, https:\/\/jundiai.sp.gov.br\/noticias\/wp-content\/uploads\/sites\/32\/2019\/02\/casa_azul_fepasa_curso_manicure-35-1192x960.jpg 1192w\" sizes=\"auto, (max-width: 1280px) 100vw, 1280px\" \/><\/a><p id=\"caption-attachment-227891\" class=\"wp-caption-text\">Rosana \u00e9 uma das alunas do curso de manicure: espero come\u00e7ar a trabalhar e gerar renda<\/p><\/div>\n<p>Todos os cursos tiveram investimentos dos \u2018cinco S\u2019, que destinam vagas gratuitas para a comunidade do bairro como forma de capacitar e inserir essas pessoas no mercado de trabalho. Os cursos de Manicure, Auxiliar Administrativo, e Agente de Desenvolvimento Local, por exemplo, custam, cada um, R$ 49.920,00, enquanto o de Motor Ciclo Oto tem o custo de R$ 31.200,00.<\/p>\n<p>A Cijun, tamb\u00e9m parceira do projeto, implantou internet gratuita nas imedia\u00e7\u00f5es da Casa Verde (centro comunit\u00e1rio) e da Casa Azul, com investimentos de R$ 58 mil. Mais informa\u00e7\u00f5es sobre o projeto por meio do\u00a0<a href=\"mailto:redecooperacao@jundiai.sp.gov.br\" target=\"_blank\" rel=\"noopener\">redecooperacao@jundiai.sp.gov.br<\/a>\u00a0ou pelo telefone (11) 4589-8602.<\/p>\n<p><strong>Assessoria de Imprensa<br \/>\n<\/strong><strong>Fotos: Fot\u00f3grafos PMJ<\/strong><\/p>\n","protected":false},"excerpt":{"rendered":"<p>Moradores do Jardim Fepasa foram beneficiados este ano com dois novos cursos do projeto Fepasa Viva. Lan\u00e7ado em agosto do ano passado pela Prefeitura de Jundia\u00ed em parceria com a iniciativa privada, o projeto visa empoderar os moradores do bairro por meio da educa\u00e7\u00e3o, capacita\u00e7\u00e3o, a\u00e7\u00f5es esportivas e lazer. No local residem cerca de 1.800 [&hellip;]<\/p>\n","protected":false},"author":30,"featured_media":0,"comment_status":"closed","ping_status":"closed","sticky":false,"template":"","format":"standard","meta":{"footnotes":""},"categories":[2],"tags":[235,1149,49,416,983,1051],"ods":[],"class_list":["post-227888","post","type-post","status-publish","format-standard","hentry","category-noticias","tag-companhia-de-informatica-de-jundiai-cijun","tag-fepasa-viva","tag-fundacao-municipal-de-acao-social-fumas","tag-fundo-social-de-solidariedade-funss","tag-governo-e-financas","tag-rede-jundiai-de-cooperacao"],"_links":{"self":[{"href":"https:\/\/jundiai.sp.gov.br\/noticias\/wp-json\/wp\/v2\/posts\/227888","targetHints":{"allow":["GET"]}}],"collection":[{"href":"https:\/\/jundiai.sp.gov.br\/noticias\/wp-json\/wp\/v2\/posts"}],"about":[{"href":"https:\/\/jundiai.sp.gov.br\/noticias\/wp-json\/wp\/v2\/types\/post"}],"author":[{"embeddable":true,"href":"https:\/\/jundiai.sp.gov.br\/noticias\/wp-json\/wp\/v2\/users\/30"}],"replies":[{"embeddable":true,"href":"https:\/\/jundiai.sp.gov.br\/noticias\/wp-json\/wp\/v2\/comments?post=227888"}],"version-history":[{"count":2,"href":"https:\/\/jundiai.sp.gov.br\/noticias\/wp-json\/wp\/v2\/posts\/227888\/revisions"}],"predecessor-version":[{"id":227892,"href":"https:\/\/jundiai.sp.gov.br\/noticias\/wp-json\/wp\/v2\/posts\/227888\/revisions\/227892"}],"wp:attachment":[{"href":"https:\/\/jundiai.sp.gov.br\/noticias\/wp-json\/wp\/v2\/media?parent=227888"}],"wp:term":[{"taxonomy":"category","embeddable":true,"href":"https:\/\/jundiai.sp.gov.br\/noticias\/wp-json\/wp\/v2\/categories?post=227888"},{"taxonomy":"post_tag","embeddable":true,"href":"https:\/\/jundiai.sp.gov.br\/noticias\/wp-json\/wp\/v2\/tags?post=227888"},{"taxonomy":"ods","embeddable":true,"href":"https:\/\/jundiai.sp.gov.br\/noticias\/wp-json\/wp\/v2\/ods?post=227888"}],"curies":[{"name":"wp","href":"https:\/\/api.w.org\/{rel}","templated":true}]}}