{"id":228070,"date":"2019-02-26T12:07:22","date_gmt":"2019-02-26T15:07:22","guid":{"rendered":"https:\/\/jundiai.sp.gov.br\/noticias\/?p=228070"},"modified":"2019-02-26T18:04:19","modified_gmt":"2019-02-26T21:04:19","slug":"audiencias-publicas-revisao-do-plano-diretor-chega-ao-vetor-oeste","status":"publish","type":"post","link":"https:\/\/jundiai.sp.gov.br\/noticias\/2019\/02\/26\/audiencias-publicas-revisao-do-plano-diretor-chega-ao-vetor-oeste\/","title":{"rendered":"Audi\u00eancias P\u00fablicas: Revis\u00e3o do Plano Diretor chega \u00e0 Regi\u00e3o Oeste"},"content":{"rendered":"<p>O processo de Revis\u00e3o do Plano Diretor (Lei 8.683\/2016) foi apresentado, na noite de segunda-feira (25), na Escola Municipal de Educa\u00e7\u00e3o B\u00e1sica (Emeb) Ivo de Bona, no Almerinda Chaves. A regi\u00e3o, no entanto, ainda contar\u00e1 com mais um encontro, nesta quarta-feira (27), na\u00a0Emeb Professor Geraldo Pinto Duarte Paes, no Parque Eloy Chaves. A constru\u00e7\u00e3o da proposta que est\u00e1 sendo apresentada e debatida foi feita com trabalho participativo entre popula\u00e7\u00e3o, entidades representativas e t\u00e9cnicos da administra\u00e7\u00e3o municipal, com base nos problemas identificados diariamente nos balc\u00f5es de atendimento do servi\u00e7o p\u00fablico.<\/p>\n<div id=\"attachment_228071\" style=\"width: 1290px\" class=\"wp-caption alignleft\"><a href=\"https:\/\/jundiai.sp.gov.br\/noticias\/wp-content\/uploads\/sites\/32\/2019\/02\/plano_diretor_audiencia_publica_varjao-11.jpg\"><img loading=\"lazy\" decoding=\"async\" aria-describedby=\"caption-attachment-228071\" class=\"wp-image-228071 size-full\" src=\"https:\/\/jundiai.sp.gov.br\/noticias\/wp-content\/uploads\/sites\/32\/2019\/02\/plano_diretor_audiencia_publica_varjao-11.jpg\" alt=\"Pessoas assistem, no p\u00e1tio da escola, apresenta\u00e7\u00e3o sobre o Plano Diretor Municipal\" width=\"1280\" height=\"828\" srcset=\"https:\/\/jundiai.sp.gov.br\/noticias\/wp-content\/uploads\/sites\/32\/2019\/02\/plano_diretor_audiencia_publica_varjao-11.jpg 1280w, https:\/\/jundiai.sp.gov.br\/noticias\/wp-content\/uploads\/sites\/32\/2019\/02\/plano_diretor_audiencia_publica_varjao-11-300x194.jpg 300w, https:\/\/jundiai.sp.gov.br\/noticias\/wp-content\/uploads\/sites\/32\/2019\/02\/plano_diretor_audiencia_publica_varjao-11-768x497.jpg 768w\" sizes=\"auto, (max-width: 1280px) 100vw, 1280px\" \/><\/a><p id=\"caption-attachment-228071\" class=\"wp-caption-text\">Revis\u00e3o do Plano Diretor acontece na regi\u00e3o Oeste; primeira reuni\u00e3o foi realizada na segunda (25) e pr\u00f3xima na quarta (27)<\/p><\/div>\n<p>Organizada pela Unidade de Gest\u00e3o de Planejamento Urbano e Meio Ambiente (UGPUMA), a audi\u00eancia no Almerinda Chaves contou com boa participa\u00e7\u00e3o popular, que aproveitou o espa\u00e7o para apontar outras necessidades n\u00e3o relativas ao Plano Diretor. \u201c\u00c9 um momento de exerc\u00edcio de cidadania, com o cidad\u00e3o apresentando demandas integrantes do Plano Diretor, como as quest\u00f5es de cuidado do terreno p\u00fablico por particulares, uso de solo, mobilidade, al\u00e9m de temas diversos, como seguran\u00e7a e educa\u00e7\u00e3o. Todas as sugest\u00f5es foram anotadas pelos t\u00e9cnicos, que, analisar\u00e3o as sugest\u00f5es pertinentes ao Plano e encaminhar\u00e3o as demais demandas para os setores respons\u00e1veis\u201d, explica o gestor Sin\u00e9sio Scarabello Filho.<\/p>\n<p>Al\u00e9m dos t\u00e9cnicos da UGPUMA e da popula\u00e7\u00e3o, os vereadores Romildo Ant\u00f4nio da Silva e Edicarlos Vieira tamb\u00e9m compareceram ao encontro no Almerinda. Na quarta-feira (27), a partir das 19h, ser\u00e1 realizado novo encontro no Eloy Chaves. \u201cA participa\u00e7\u00e3o da popula\u00e7\u00e3o \u00e9 importante para que a legisla\u00e7\u00e3o atenda, sem gerar conflitos, \u00e0s necessidades das comunidades em acordo com as premissas da cidade\u201d, detalha o gestor. Ainda ser\u00e1 realizada uma audi\u00eancia na regi\u00e3o do Caxambu, no m\u00eas de mar\u00e7o.<\/p>\n<p><strong>Assessoria de Imprensa<br \/>\n<\/strong><strong>Foto: Fot\u00f3grafos PMJ<\/strong><\/p>\n","protected":false},"excerpt":{"rendered":"<p>O processo de Revis\u00e3o do Plano Diretor (Lei 8.683\/2016) foi apresentado, na noite de segunda-feira (25), na Escola Municipal de Educa\u00e7\u00e3o B\u00e1sica (Emeb) Ivo de Bona, no Almerinda Chaves. A regi\u00e3o, no entanto, ainda contar\u00e1 com mais um encontro, nesta quarta-feira (27), na\u00a0Emeb Professor Geraldo Pinto Duarte Paes, no Parque Eloy Chaves. A constru\u00e7\u00e3o da [&hellip;]<\/p>\n","protected":false},"author":30,"featured_media":0,"comment_status":"closed","ping_status":"closed","sticky":false,"template":"","format":"standard","meta":{"footnotes":""},"categories":[2],"tags":[984,559],"ods":[],"class_list":["post-228070","post","type-post","status-publish","format-standard","hentry","category-noticias","tag-planejamento-urbano-e-meio-ambiente","tag-plano-diretor-participativo"],"_links":{"self":[{"href":"https:\/\/jundiai.sp.gov.br\/noticias\/wp-json\/wp\/v2\/posts\/228070","targetHints":{"allow":["GET"]}}],"collection":[{"href":"https:\/\/jundiai.sp.gov.br\/noticias\/wp-json\/wp\/v2\/posts"}],"about":[{"href":"https:\/\/jundiai.sp.gov.br\/noticias\/wp-json\/wp\/v2\/types\/post"}],"author":[{"embeddable":true,"href":"https:\/\/jundiai.sp.gov.br\/noticias\/wp-json\/wp\/v2\/users\/30"}],"replies":[{"embeddable":true,"href":"https:\/\/jundiai.sp.gov.br\/noticias\/wp-json\/wp\/v2\/comments?post=228070"}],"version-history":[{"count":3,"href":"https:\/\/jundiai.sp.gov.br\/noticias\/wp-json\/wp\/v2\/posts\/228070\/revisions"}],"predecessor-version":[{"id":228091,"href":"https:\/\/jundiai.sp.gov.br\/noticias\/wp-json\/wp\/v2\/posts\/228070\/revisions\/228091"}],"wp:attachment":[{"href":"https:\/\/jundiai.sp.gov.br\/noticias\/wp-json\/wp\/v2\/media?parent=228070"}],"wp:term":[{"taxonomy":"category","embeddable":true,"href":"https:\/\/jundiai.sp.gov.br\/noticias\/wp-json\/wp\/v2\/categories?post=228070"},{"taxonomy":"post_tag","embeddable":true,"href":"https:\/\/jundiai.sp.gov.br\/noticias\/wp-json\/wp\/v2\/tags?post=228070"},{"taxonomy":"ods","embeddable":true,"href":"https:\/\/jundiai.sp.gov.br\/noticias\/wp-json\/wp\/v2\/ods?post=228070"}],"curies":[{"name":"wp","href":"https:\/\/api.w.org\/{rel}","templated":true}]}}